{"id":190792,"date":"2008-04-22T18:47:30","date_gmt":"2008-04-22T18:47:30","guid":{"rendered":"http:\/\/diariodominicano.ddns.net\/?p=190792"},"modified":"2008-04-22T18:47:30","modified_gmt":"2008-04-22T18:47:30","slug":"el-pri-asegura-que-las-medidas-del-gobierno-no-lograran-el-objetivo-de-bajar-los-precios-y-advierte-que-el-pais-se-avoca-a-una-hambruna","status":"publish","type":"post","link":"https:\/\/diariodominicano.com\/?p=190792","title":{"rendered":"El PRI asegura que las medidas del Gobierno no lograr\u00e1n el objetivo de bajar los precios y advierte que el pa\u00eds se avoca a una hambruna"},"content":{"rendered":"<p><body><\/p>\n<p align=\"justify\" class=\"titulogrande1\"><strong>El PRI asegura que las medidas del Gobierno no lograr\u00e1n el objetivo de  bajar los precios y advierte que el pa\u00eds se avoca a una hambruna<\/strong><\/p>\n<p>&#13;<\/p>\n<p align=\"justify\" class=\"text1noticias\"><strong>SANTO DOMINGO.-<\/strong>  El candidato presidencial del Partido Revolucionario Independiente (PRI),  Trajano Santana, asegur\u00f3 este martes que las medidas anunciadas por el Gobierno  de Leonel Fern\u00e1ndez no lograr\u00e1n su objetivo de bajar los precios de los  art\u00edculos de primera necesidad y afirm\u00f3 que, por el contrario, una gran  hambruna afectar\u00e1 a los dominicanos, en los pr\u00f3ximos meses. <\/p>\n<p>&#13;<\/p>\n<p align=\"justify\" class=\"text1noticias\">Santana calific\u00f3  de \u201celectorera\u201d la decisi\u00f3n\u00a0  gubernamental\u00a0 de subsidiar  moment\u00e1neamente algunos comestibles para que los due\u00f1os de supermercados y de  colmados procedan a bajarlos de precios. <\/p>\n<p>&#13;<\/p>\n<p align=\"justify\" class=\"text1noticias\">Dijo que el  presidente Fern\u00e1ndez no lograr\u00e1 ese objetivo, porque para reducir los precios  de cualquier producto es preciso invertir en la cadena de\u00a0 producci\u00f3n de \u00e9ste\u00a0 y no en el consumo. <\/p>\n<p>&#13;<\/p>\n<p align=\"justify\" class=\"text1noticias\">Record\u00f3, adem\u00e1s,  que el 80 por ciento de los consumidores compran en ventorrillos, chinchorros y  colmado, no en los grandes supermercados y\u00a0  asegur\u00f3 que las medidas gubernamentales est\u00e1n dirigidas a \u201cuna \u00e9lite del  comercio nacional\u201d. <\/p>\n<p>&#13;<\/p>\n<p align=\"justify\" class=\"text1noticias\">\u201cEsa medida desesperada, demag\u00f3gica y  reeleccionista\u00a0 del gobierno est\u00e1  obligando y presionando a los comerciantes a hacer rebajas superficiales o  aparentes\u201d, signific\u00f3, tras se\u00f1alar que la corrupci\u00f3n y el alto costo de la  vida \u201ctumbar\u00e1n\u201d el gobierno del presidente Fern\u00e1ndez. <\/p>\n<p>&#13;<\/p>\n<p align=\"justify\" class=\"text1noticias\">El candidato del  PRI vaticin\u00f3 que los dominicanos est\u00e1n condenados a una hambruna, \u201cporque,\u00a0 la producci\u00f3n del pa\u00eds fue abandonada\u00a0 y hay un descuido de las autoridades en la  producci\u00f3n masiva de art\u00edculos de consumo diario\u201d. <\/p>\n<p>&#13;<\/p>\n<p align=\"justify\" class=\"text1noticias\">Afirm\u00f3 que esa  situaci\u00f3n pone en peligro la democracia, la institucionalidad y la paz social. <\/p>\n<p>&#13;<\/p>\n<p align=\"justify\" class=\"text1noticias\">Santana explic\u00f3  que la\u00a0 existencia en el pa\u00eds de un modelo  econ\u00f3mico desequilibrado e injusto, mantiene al 65 por ciento de la poblaci\u00f3n  en una miseria espantosa. <\/p>\n<p>&#13;<\/p>\n<p align=\"justify\" class=\"text1noticias\">\u201cY m\u00e1s grave a\u00fan  es la intenci\u00f3n continuista del presidente Leonel Fern\u00e1ndez, porque \u00e9l est\u00e1  descalificado para garantizarle al pa\u00eds la seguridad alimentar\u00eda\u201d, precis\u00f3 el  aspirante presidencial. <\/p>\n<p>&#13;<\/p>\n<p align=\"justify\" class=\"text1noticias\">Agreg\u00f3 que\u00a0 \u201cde mantenerse esa situaci\u00f3n, los productores  nacionales no podr\u00e1n competir con financiamiento de hasta un 36 por ciento en  la banca privada nacional y con un gobierno indolente que no garantiza el  financiamiento de la producci\u00f3n, sino el consumo\u201d. <\/p>\n<p>&#13;<\/p>\n<h6> 2008-04-22 18:47:30 <\/h6>\n<p><!--\n<link rel=\"stylesheet\" href=\"css\/bootstrap.min.css\">\n\n\n<ul class=\"pagination\">\n\t    \n\t\n\n<li >\n\t<a href='?page_no=33539'>Previous<\/a>\n\t<\/li>\n\n\n       \n    \n\n<li><a href='?page_no=1'>1<\/a><\/li>\n\n\n\n<li><a href='?page_no=2'>2<\/a><\/li>\n\n\n\n<li><a>...<\/a><\/li>\n\n\n\n<li><a href='?page_no=33538'>33538<\/a><\/li>\n\n\n\n<li><a href='?page_no=33539'>33539<\/a><\/li>\n\n\n\n<li class='active'><a>33540<\/a><\/li>\n\n\n\n<li><a href='?page_no=33541'>33541<\/a><\/li>\n\n\n\n<li><a href='?page_no=33542'>33542<\/a><\/li>\n\n\n\n<li><a>...<\/a><\/li>\n\n\n\n<li><a href='?page_no=36999'>36999<\/a><\/li>\n\n\n\n<li><a href='?page_no=37000'>37000<\/a><\/li>\n\n    \n\t\n\n<li >\n\t<a href='?page_no=33541'>Next<\/a>\n\t<\/li>\n\n\n    \n\n<li><a href='?page_no=37000'>Last &rsaquo;&rsaquo;<\/a><\/li>\n\n<\/ul>\n\n\n--><br \/>\n<\/body><\/p>\n","protected":false},"excerpt":{"rendered":"<p>El PRI asegura que las medidas del Gobierno no lograr\u00e1n el objetivo de bajar los precios y advierte que el pa\u00eds se avoca a una hambruna &#13; SANTO DOMINGO.- El candidato presidencial del Partido Revolucionario Independiente (PRI), Trajano Santana, asegur\u00f3 este martes que las medidas anunciadas por el Gobierno de Leonel Fern\u00e1ndez no lograr\u00e1n su [&hellip;]<\/p>\n","protected":false},"author":3,"featured_media":0,"comment_status":"open","ping_status":"open","sticky":false,"template":"","format":"standard","meta":{"footnotes":""},"categories":[22],"tags":[],"class_list":["post-190792","post","type-post","status-publish","format-standard","hentry","category-politica"],"_links":{"self":[{"href":"https:\/\/diariodominicano.com\/index.php?rest_route=\/wp\/v2\/posts\/190792","targetHints":{"allow":["GET"]}}],"collection":[{"href":"https:\/\/diariodominicano.com\/index.php?rest_route=\/wp\/v2\/posts"}],"about":[{"href":"https:\/\/diariodominicano.com\/index.php?rest_route=\/wp\/v2\/types\/post"}],"author":[{"embeddable":true,"href":"https:\/\/diariodominicano.com\/index.php?rest_route=\/wp\/v2\/users\/3"}],"replies":[{"embeddable":true,"href":"https:\/\/diariodominicano.com\/index.php?rest_route=%2Fwp%2Fv2%2Fcomments&post=190792"}],"version-history":[{"count":0,"href":"https:\/\/diariodominicano.com\/index.php?rest_route=\/wp\/v2\/posts\/190792\/revisions"}],"wp:attachment":[{"href":"https:\/\/diariodominicano.com\/index.php?rest_route=%2Fwp%2Fv2%2Fmedia&parent=190792"}],"wp:term":[{"taxonomy":"category","embeddable":true,"href":"https:\/\/diariodominicano.com\/index.php?rest_route=%2Fwp%2Fv2%2Fcategories&post=190792"},{"taxonomy":"post_tag","embeddable":true,"href":"https:\/\/diariodominicano.com\/index.php?rest_route=%2Fwp%2Fv2%2Ftags&post=190792"}],"curies":[{"name":"wp","href":"https:\/\/api.w.org\/{rel}","templated":true}]}}