{"id":190791,"date":"2008-04-22T19:26:43","date_gmt":"2008-04-22T19:26:43","guid":{"rendered":"http:\/\/diariodominicano.ddns.net\/?p=190791"},"modified":"2008-04-22T19:26:43","modified_gmt":"2008-04-22T19:26:43","slug":"amable-pide-al-gobierno-politica-migratoria-clara","status":"publish","type":"post","link":"https:\/\/diariodominicano.com\/?p=190791","title":{"rendered":"Amable Pide al gobierno pol\u00edtica migratoria clara"},"content":{"rendered":"<p><body><\/p>\n<p class=\"titulogrande1\"><strong>Pide  al gobierno pol\u00edtica migratoria clara<\/strong><\/p>\n<p>&#13;<\/p>\n<p align=\"justify\" class=\"text1noticias\"><strong><img loading=\"lazy\" decoding=\"async\" src=\"http:\/\/localhost:8080\/img\/amable aristy.jpg\" width=\"375\" height=\"115\" hspace=\"4\" align=\"left\" \/>SANTIAGO.-<\/strong> El candidato  presidencial del Partido Reformista Social Cristiano (PRSC), Amable Aristy  Castro, pidi\u00f3 al presidente Leonel Fern\u00e1ndez Reyna que establezca una pol\u00edtica  migratoria clara.<\/p>\n<p>&#13;<\/p>\n<p align=\"justify\" class=\"text1noticias\">\u201cEl gobierno, juzg\u00f3 el  dirigente pol\u00edtico y aspirante presidencial, debe fortalecer la nacionalidad  dominicana, la cual se halla en peligro de desintegrarse por culpa de las  posiciones dubitativas y zigzagueantes del gobierno\u201d.<\/p>\n<p>&#13;<\/p>\n<p align=\"justify\" class=\"text1noticias\">Aristy Castro cree que en el  pa\u00eds hacen falta autoridades que establezcan el principio de la autoridad y el  orden que se necesita para vivir en un clima de seguridad.<\/p>\n<p>&#13;<\/p>\n<p align=\"justify\" class=\"text1noticias\">En este aspecto dijo que, con  el apoyo del pueblo en las elecciones del 16 de mayo, se preocupar\u00e1 por hacer  un gobierno con un amplio esp\u00edritu de concertaci\u00f3n y de respeto.<\/p>\n<p>&#13;<\/p>\n<p align=\"justify\" class=\"text1noticias\">Con relaci\u00f3n a la pol\u00edtica  migratoria, entiende que el actual mandatario no se ha preocupado por enfrentar  responsablemente la situaci\u00f3n y que por eso es el desorden que tenemos en el  pa\u00eds en este sentido.<\/p>\n<p>&#13;<\/p>\n<p align=\"justify\" class=\"text1noticias\">Aristy Castro considera como  muy grave lo que pasa porque con las posiciones \u201cdubitativas y zigzagueantes\u201d  del actual gobierno, el problema se ha ido profundizando al paso de los d\u00edas.<\/p>\n<p>&#13;<\/p>\n<p align=\"justify\" class=\"text1noticias\">\u201cHay que establecer reglas  claras del juego para evitar la desintegraci\u00f3n definitiva de la nacionalidad  dominicana\u201d, reiter\u00f3 el candidato presidencial del PRSC en declaraciones  suministradas a trav\u00e9s de su equipo de prensa en esta ciudad.<\/p>\n<p>&#13;<\/p>\n<p align=\"justify\" class=\"text1noticias\"><strong>Pondera  a Sued<\/strong><\/p>\n<p>&#13;<\/p>\n<p align=\"justify\" class=\"text1noticias\">Por otro lado, Aristy Castro  volvi\u00f3 a destacar el trabajo de campa\u00f1a que realiza su acompa\u00f1ante de boleta  Jos\u00e9 Enrique Sued, al se\u00f1alar que ha revivido el Partido Reformista Social  Cristiano en la regi\u00f3n del Cibao.<\/p>\n<p>&#13;<\/p>\n<p align=\"justify\" class=\"text1noticias\">\u201cNuestro partido ha crecido  considerablemente desde que Sued se lanz\u00f3 a la calle\u201d, destac\u00f3 el aspirante  presidencial, tras indicar que hay un despertar en las bases de la  organizaci\u00f3n.<\/p>\n<p>&#13;<\/p>\n<p align=\"justify\" class=\"text1noticias\">Aristy Castro se ri\u00f3, por otro  lado, de las encuestas que apenas le dan un 4 por ciento a su candidatura,  porque a su entender los resultados que arrojan\u00a0  no se corresponden con la realidad, ya que lo que se ve en la calle \u201ces  otra cosa\u201d.<\/p>\n<p>&#13;<\/p>\n<p align=\"justify\" class=\"text1noticias\">En cuanto a Sued, insisti\u00f3 que  durante su recorrido, seg\u00fan tiene constancia, ha levantado el \u00e1nimo de los  reformistas y ha atra\u00eddo el respaldo de otros sectores importantes que estaban  ajenos a las actividades pol\u00edticas. <\/p>\n<p>&#13;<\/p>\n<h6> 2008-04-22 19:26:43 <\/h6>\n<p><!--\n<link rel=\"stylesheet\" href=\"css\/bootstrap.min.css\">\n\n\n<ul class=\"pagination\">\n\t    \n\t\n\n<li >\n\t<a href='?page_no=33538'>Previous<\/a>\n\t<\/li>\n\n\n       \n    \n\n<li><a href='?page_no=1'>1<\/a><\/li>\n\n\n\n<li><a href='?page_no=2'>2<\/a><\/li>\n\n\n\n<li><a>...<\/a><\/li>\n\n\n\n<li><a href='?page_no=33537'>33537<\/a><\/li>\n\n\n\n<li><a href='?page_no=33538'>33538<\/a><\/li>\n\n\n\n<li class='active'><a>33539<\/a><\/li>\n\n\n\n<li><a href='?page_no=33540'>33540<\/a><\/li>\n\n\n\n<li><a href='?page_no=33541'>33541<\/a><\/li>\n\n\n\n<li><a>...<\/a><\/li>\n\n\n\n<li><a href='?page_no=36999'>36999<\/a><\/li>\n\n\n\n<li><a href='?page_no=37000'>37000<\/a><\/li>\n\n    \n\t\n\n<li >\n\t<a href='?page_no=33540'>Next<\/a>\n\t<\/li>\n\n\n    \n\n<li><a href='?page_no=37000'>Last &rsaquo;&rsaquo;<\/a><\/li>\n\n<\/ul>\n\n\n--><br \/>\n<\/body><\/p>\n","protected":false},"excerpt":{"rendered":"<p>Pide al gobierno pol\u00edtica migratoria clara &#13; SANTIAGO.- El candidato presidencial del Partido Reformista Social Cristiano (PRSC), Amable Aristy Castro, pidi\u00f3 al presidente Leonel Fern\u00e1ndez Reyna que establezca una pol\u00edtica migratoria clara. &#13; \u201cEl gobierno, juzg\u00f3 el dirigente pol\u00edtico y aspirante presidencial, debe fortalecer la nacionalidad dominicana, la cual se halla en peligro de desintegrarse [&hellip;]<\/p>\n","protected":false},"author":3,"featured_media":0,"comment_status":"open","ping_status":"open","sticky":false,"template":"","format":"standard","meta":{"footnotes":""},"categories":[22],"tags":[],"class_list":["post-190791","post","type-post","status-publish","format-standard","hentry","category-politica"],"_links":{"self":[{"href":"https:\/\/diariodominicano.com\/index.php?rest_route=\/wp\/v2\/posts\/190791","targetHints":{"allow":["GET"]}}],"collection":[{"href":"https:\/\/diariodominicano.com\/index.php?rest_route=\/wp\/v2\/posts"}],"about":[{"href":"https:\/\/diariodominicano.com\/index.php?rest_route=\/wp\/v2\/types\/post"}],"author":[{"embeddable":true,"href":"https:\/\/diariodominicano.com\/index.php?rest_route=\/wp\/v2\/users\/3"}],"replies":[{"embeddable":true,"href":"https:\/\/diariodominicano.com\/index.php?rest_route=%2Fwp%2Fv2%2Fcomments&post=190791"}],"version-history":[{"count":0,"href":"https:\/\/diariodominicano.com\/index.php?rest_route=\/wp\/v2\/posts\/190791\/revisions"}],"wp:attachment":[{"href":"https:\/\/diariodominicano.com\/index.php?rest_route=%2Fwp%2Fv2%2Fmedia&parent=190791"}],"wp:term":[{"taxonomy":"category","embeddable":true,"href":"https:\/\/diariodominicano.com\/index.php?rest_route=%2Fwp%2Fv2%2Fcategories&post=190791"},{"taxonomy":"post_tag","embeddable":true,"href":"https:\/\/diariodominicano.com\/index.php?rest_route=%2Fwp%2Fv2%2Ftags&post=190791"}],"curies":[{"name":"wp","href":"https:\/\/api.w.org\/{rel}","templated":true}]}}