{"id":190789,"date":"2008-04-22T20:35:29","date_gmt":"2008-04-22T20:35:29","guid":{"rendered":"http:\/\/diariodominicano.ddns.net\/?p=190789"},"modified":"2008-04-22T20:35:29","modified_gmt":"2008-04-22T20:35:29","slug":"castanos-guzman-dice-que-comenzo-la-observacion-de-las-elecciones","status":"publish","type":"post","link":"https:\/\/diariodominicano.com\/?p=190789","title":{"rendered":"Casta\u00f1os Guzm\u00e1n dice que comenz\u00f3 la observaci\u00f3n de las elecciones"},"content":{"rendered":"<p><body><\/p>\n<p class=\"titulogrande1\">Casta\u00f1os  Guzm\u00e1n dice que comenz\u00f3 la observaci\u00f3n de las elecciones<\/p>\n<p>&#13;<\/p>\n<p align=\"justify\" class=\"text1noticias\"><strong>SANTO DOMINGO.-<\/strong> El presidente  de la Junta Central  Electoral (JCE) inform\u00f3 que la observaci\u00f3n de las elecciones comenz\u00f3 hoy con la  visita de una delegaci\u00f3n diplom\u00e1tica a ese tribunal.<\/p>\n<p>&#13;<\/p>\n<p align=\"justify\" class=\"text1noticias\">Julio C\u00e9sar Casta\u00f1os Guzm\u00e1n  dijo que \u201cla Junta  quiere sentirse verdaderamente solidaria con ustedes, la palabra del momento es  transparencia y solidaridad y, en esa transparencia y solidaridad, la Junta est\u00e1 apostando a la  verdad, la honestidad y la decencia y eso queremos proclamarlo delante de todo  el mundo y, auguramos y sabemos que con todo el trabajo que se est\u00e1 haciendo,  vamos a tener unas elecciones justas, libres y transparente\u201d.<\/p>\n<p>&#13;<\/p>\n<p align=\"justify\" class=\"text1noticias\">El presidente de la JCE habl\u00f3 tras recorrer con la  delegaci\u00f3n de representantes de M\u00e9xico, Hait\u00ed, Costa Rica, Estados Unidos, el  Departamento de Log\u00edstica de la   JCE, donde son preparadas las valijas con los materiales que  se usaran en los comicios del 16 mayo.<\/p>\n<p>&#13;<\/p>\n<p align=\"justify\" class=\"text1noticias\">En el recorrido los  diplom\u00e1ticos recibieron explicaciones sobre la organizaci\u00f3n de las elecciones  de Casta\u00f1os Guzm\u00e1n y los jueces Roberto Rosario, presidente C\u00e1mara  Administrativa; Mariano Rodr\u00edguez, Leyda Pi\u00f1a, C\u00e9sar Feliz, John Guiliani y  Aura Celeste Fern\u00e1ndez.<\/p>\n<p>&#13;<\/p>\n<p align=\"justify\" class=\"text1noticias\">Los detalles sobre el empaque  de los materiales fueron dados a conocer por el director de elecciones, Joel  Lantigua,\u00a0 <\/p>\n<p>&#13;<\/p>\n<p align=\"justify\" class=\"text1noticias\">La embajadora de Costa Rica,  Martha N\u00fa\u00f1ez, resalt\u00f3 que el proceso electoral ha sido din\u00e1mico y cada d\u00eda va  mejorando la forma como se manejan las elecciones en el pa\u00eds.<\/p>\n<p>&#13;<\/p>\n<p align=\"justify\" class=\"text1noticias\">Expres\u00f3 que \u201cen Rep\u00fablica  Dominicana me parece que se han tramitado medidas muy importantes como las  plantillas para los no videntes y eso le da la oportunidad de votar a las  personas que tienen esa discapacidad\u201d.<\/p>\n<p>&#13;<\/p>\n<h6> 2008-04-22 20:35:29 <\/h6>\n<p><!--\n<link rel=\"stylesheet\" href=\"css\/bootstrap.min.css\">\n\n\n<ul class=\"pagination\">\n\t    \n\t\n\n<li >\n\t<a href='?page_no=33536'>Previous<\/a>\n\t<\/li>\n\n\n       \n    \n\n<li><a href='?page_no=1'>1<\/a><\/li>\n\n\n\n<li><a href='?page_no=2'>2<\/a><\/li>\n\n\n\n<li><a>...<\/a><\/li>\n\n\n\n<li><a href='?page_no=33535'>33535<\/a><\/li>\n\n\n\n<li><a href='?page_no=33536'>33536<\/a><\/li>\n\n\n\n<li class='active'><a>33537<\/a><\/li>\n\n\n\n<li><a href='?page_no=33538'>33538<\/a><\/li>\n\n\n\n<li><a href='?page_no=33539'>33539<\/a><\/li>\n\n\n\n<li><a>...<\/a><\/li>\n\n\n\n<li><a href='?page_no=36999'>36999<\/a><\/li>\n\n\n\n<li><a href='?page_no=37000'>37000<\/a><\/li>\n\n    \n\t\n\n<li >\n\t<a href='?page_no=33538'>Next<\/a>\n\t<\/li>\n\n\n    \n\n<li><a href='?page_no=37000'>Last &rsaquo;&rsaquo;<\/a><\/li>\n\n<\/ul>\n\n\n--><br \/>\n<\/body><\/p>\n","protected":false},"excerpt":{"rendered":"<p>Casta\u00f1os Guzm\u00e1n dice que comenz\u00f3 la observaci\u00f3n de las elecciones &#13; SANTO DOMINGO.- El presidente de la Junta Central Electoral (JCE) inform\u00f3 que la observaci\u00f3n de las elecciones comenz\u00f3 hoy con la visita de una delegaci\u00f3n diplom\u00e1tica a ese tribunal. &#13; Julio C\u00e9sar Casta\u00f1os Guzm\u00e1n dijo que \u201cla Junta quiere sentirse verdaderamente solidaria con ustedes, [&hellip;]<\/p>\n","protected":false},"author":3,"featured_media":0,"comment_status":"open","ping_status":"open","sticky":false,"template":"","format":"standard","meta":{"footnotes":""},"categories":[22],"tags":[],"class_list":["post-190789","post","type-post","status-publish","format-standard","hentry","category-politica"],"_links":{"self":[{"href":"https:\/\/diariodominicano.com\/index.php?rest_route=\/wp\/v2\/posts\/190789","targetHints":{"allow":["GET"]}}],"collection":[{"href":"https:\/\/diariodominicano.com\/index.php?rest_route=\/wp\/v2\/posts"}],"about":[{"href":"https:\/\/diariodominicano.com\/index.php?rest_route=\/wp\/v2\/types\/post"}],"author":[{"embeddable":true,"href":"https:\/\/diariodominicano.com\/index.php?rest_route=\/wp\/v2\/users\/3"}],"replies":[{"embeddable":true,"href":"https:\/\/diariodominicano.com\/index.php?rest_route=%2Fwp%2Fv2%2Fcomments&post=190789"}],"version-history":[{"count":0,"href":"https:\/\/diariodominicano.com\/index.php?rest_route=\/wp\/v2\/posts\/190789\/revisions"}],"wp:attachment":[{"href":"https:\/\/diariodominicano.com\/index.php?rest_route=%2Fwp%2Fv2%2Fmedia&parent=190789"}],"wp:term":[{"taxonomy":"category","embeddable":true,"href":"https:\/\/diariodominicano.com\/index.php?rest_route=%2Fwp%2Fv2%2Fcategories&post=190789"},{"taxonomy":"post_tag","embeddable":true,"href":"https:\/\/diariodominicano.com\/index.php?rest_route=%2Fwp%2Fv2%2Ftags&post=190789"}],"curies":[{"name":"wp","href":"https:\/\/api.w.org\/{rel}","templated":true}]}}