{"id":190788,"date":"2008-04-22T20:51:30","date_gmt":"2008-04-22T20:51:30","guid":{"rendered":"http:\/\/diariodominicano.ddns.net\/?p=190788"},"modified":"2008-04-22T20:51:30","modified_gmt":"2008-04-22T20:51:30","slug":"acosta-moreta-denuncia-saquean-sede-nacional-de-la-udc","status":"publish","type":"post","link":"https:\/\/diariodominicano.com\/?p=190788","title":{"rendered":"Acosta Moreta denuncia saquean sede nacional de la UDC"},"content":{"rendered":"<p><body><\/p>\n<p class=\"titulogrande1\">Acosta  Moreta denuncia saquean sede nacional de la UDC<\/p>\n<p>&#13;<\/p>\n<p align=\"justify\" class=\"text1noticias\"><strong>Santo Domingo.-<\/strong> El Presidente de La Uni\u00f3n Dem\u00f3crata  Cristiana, Luis Acosta Moreta, denunci\u00f3 que la sede nacional de la \u2013UDC-  ubicada en la avenida 27 de Febrero fue saqueada en la madrugada de este lunes  por elementos desconocidos que sustrajeron documentos y mercanc\u00edas del  principal local del partido. <br \/>&#13;<br \/>\n  <br \/>&#13;<br \/>\n  Acosta Moreta calific\u00f3 de sospechoso el robo en  la sede de la \u2013UDC- cuando faltan tres semanas para las elecciones, y los  ladrones cargaron con la   Unidad Central de Procesamiento de datos \u2013CPU-, donde se  almacenaba una gran cantidad de documentos confidenciales de esa organizaci\u00f3n  pol\u00edtica. <br \/>&#13;<br \/>\n  <br \/>&#13;<br \/>\n   Durante el robo con escalamiento, destrucci\u00f3n de  puertas, cristales y ventadas los delincuentes se llevaron adem\u00e1s televisores,  radios, impresoras, videos, Cds, medicinas que se distribuyen en los operativos  de salud, una gran cantidad de regalos que ser\u00edan distribuidos a mujeres pobres  el D\u00eda de las Madres, como son vajillas, abanicos, planchas y otros electrodom\u00e9sticos. <br \/>&#13;<br \/>\n   <br \/>&#13;<br \/>\n  Acosta Moreta, presidente de la \u2013UDC- inform\u00f3 que  inmediatamente se percat\u00f3 el robo lo denunci\u00f3 a la Polic\u00eda Electoral  de la Junta Central,  a la C\u00e1mara   Administrativa de ese tribunal y a la Polic\u00eda Nacional. <br \/>&#13;<br \/>\n  <br \/>&#13;<br \/>\n  Agreg\u00f3 que una unidad del Departamento de  Investigaciones de robo y la Polic\u00eda Cient\u00edfica ya hizo un levantamiento para  dejar iniciadas las indagatorias sobre la sustracci\u00f3n de que fue v\u00edctima la Casa Nacional de la Uni\u00f3n Dem\u00f3crata  Cristiana. <br \/>&#13;<br \/>\n  <br \/>&#13;<br \/>\n   Acosta Moreta indic\u00f3 que en particular no acusa a  nadie del robo,\u00a0 pero advirti\u00f3 que acciones de esa naturaleza no  amedrentan a los dirigentes y\u00a0 militantes de la \u2013UDC- en su camino de  buscar los votos necesarios para que el Presidente Leonel Fern\u00e1ndez gane las  elecciones del 16 de mayo pr\u00f3ximo en la primera vuelta. <\/p>\n<p>&#13;<\/p>\n<h6> 2008-04-22 20:51:30 <\/h6>\n<p><!--\n<link rel=\"stylesheet\" href=\"css\/bootstrap.min.css\">\n\n\n<ul class=\"pagination\">\n\t    \n\t\n\n<li >\n\t<a href='?page_no=33535'>Previous<\/a>\n\t<\/li>\n\n\n       \n    \n\n<li><a href='?page_no=1'>1<\/a><\/li>\n\n\n\n<li><a href='?page_no=2'>2<\/a><\/li>\n\n\n\n<li><a>...<\/a><\/li>\n\n\n\n<li><a href='?page_no=33534'>33534<\/a><\/li>\n\n\n\n<li><a href='?page_no=33535'>33535<\/a><\/li>\n\n\n\n<li class='active'><a>33536<\/a><\/li>\n\n\n\n<li><a href='?page_no=33537'>33537<\/a><\/li>\n\n\n\n<li><a href='?page_no=33538'>33538<\/a><\/li>\n\n\n\n<li><a>...<\/a><\/li>\n\n\n\n<li><a href='?page_no=36999'>36999<\/a><\/li>\n\n\n\n<li><a href='?page_no=37000'>37000<\/a><\/li>\n\n    \n\t\n\n<li >\n\t<a href='?page_no=33537'>Next<\/a>\n\t<\/li>\n\n\n    \n\n<li><a href='?page_no=37000'>Last &rsaquo;&rsaquo;<\/a><\/li>\n\n<\/ul>\n\n\n--><br \/>\n<\/body><\/p>\n","protected":false},"excerpt":{"rendered":"<p>Acosta Moreta denuncia saquean sede nacional de la UDC &#13; Santo Domingo.- El Presidente de La Uni\u00f3n Dem\u00f3crata Cristiana, Luis Acosta Moreta, denunci\u00f3 que la sede nacional de la \u2013UDC- ubicada en la avenida 27 de Febrero fue saqueada en la madrugada de este lunes por elementos desconocidos que sustrajeron documentos y mercanc\u00edas del principal [&hellip;]<\/p>\n","protected":false},"author":3,"featured_media":0,"comment_status":"open","ping_status":"open","sticky":false,"template":"","format":"standard","meta":{"footnotes":""},"categories":[22],"tags":[],"class_list":["post-190788","post","type-post","status-publish","format-standard","hentry","category-politica"],"_links":{"self":[{"href":"https:\/\/diariodominicano.com\/index.php?rest_route=\/wp\/v2\/posts\/190788","targetHints":{"allow":["GET"]}}],"collection":[{"href":"https:\/\/diariodominicano.com\/index.php?rest_route=\/wp\/v2\/posts"}],"about":[{"href":"https:\/\/diariodominicano.com\/index.php?rest_route=\/wp\/v2\/types\/post"}],"author":[{"embeddable":true,"href":"https:\/\/diariodominicano.com\/index.php?rest_route=\/wp\/v2\/users\/3"}],"replies":[{"embeddable":true,"href":"https:\/\/diariodominicano.com\/index.php?rest_route=%2Fwp%2Fv2%2Fcomments&post=190788"}],"version-history":[{"count":0,"href":"https:\/\/diariodominicano.com\/index.php?rest_route=\/wp\/v2\/posts\/190788\/revisions"}],"wp:attachment":[{"href":"https:\/\/diariodominicano.com\/index.php?rest_route=%2Fwp%2Fv2%2Fmedia&parent=190788"}],"wp:term":[{"taxonomy":"category","embeddable":true,"href":"https:\/\/diariodominicano.com\/index.php?rest_route=%2Fwp%2Fv2%2Fcategories&post=190788"},{"taxonomy":"post_tag","embeddable":true,"href":"https:\/\/diariodominicano.com\/index.php?rest_route=%2Fwp%2Fv2%2Ftags&post=190788"}],"curies":[{"name":"wp","href":"https:\/\/api.w.org\/{rel}","templated":true}]}}