{"id":190786,"date":"2008-04-22T22:57:43","date_gmt":"2008-04-22T22:57:43","guid":{"rendered":"http:\/\/diariodominicano.ddns.net\/?p=190786"},"modified":"2008-04-22T22:57:43","modified_gmt":"2008-04-22T22:57:43","slug":"metro-promociona-reeleccion-presidencial-la-gente-muestra-su-admiracion-por-la-obra","status":"publish","type":"post","link":"https:\/\/diariodominicano.com\/?p=190786","title":{"rendered":"Metro promociona reelecci\u00f3n presidencial; La gente muestra su admiraci\u00f3n por la obra"},"content":{"rendered":"<p><body><\/p>\n<p><span class=\"titulogrande1\">Metro  promociona reelecci\u00f3n presidencial<\/span>;<span class=\"titulogrande1\"> La gente muestra su admiraci\u00f3n por la  obra<\/span><\/p>\n<p>&#13;<\/p>\n<p align=\"justify\" class=\"text1noticias\"><strong>Santo Domingo.-<\/strong> La puesta en  marcha del Metro de Santo Domingo se realiz\u00f3 en medio del jolgorio de la gente,  chistes y el predominio de las consignas, alabanzas a favor de la reelecci\u00f3n  del presidente Leonel Fern\u00e1ndez. <\/p>\n<p>&#13;<\/p>\n<p align=\"justify\" class=\"text1noticias\">\u201c!Aqu\u00ed no se sienten los hoyos y los  tapones!\u201d, gritaban un grupo de pasajeros del Metro de Santo Domingo al momento  en que el tren emprend\u00eda la marcha para en 15 minutos recorrer la ruta desde la  estaci\u00f3n de la Feria  en el sur de la capital hasta Villa Mella al norte del Distrito Nacional.\u00a0 <\/p>\n<p>&#13;<\/p>\n<p align=\"justify\" class=\"text1noticias\">Cuando a las 10: 45 de la  ma\u00f1ana al concluir el primer recorrido la gente realiz\u00f3 una especie de  \u201cmicromit\u00edn\u201d en la estaci\u00f3n de la   Feria. \u201c!Ruge y ruge el Le\u00f3n!\u201d (Leonel), \u201c!cuatro a\u00f1os m\u00e1s!\u201d,  \u201c!Vuelve y vuelve!\u201d, \u201c!Palante Presidente con el Progreso!\u201d.\u00a0 La escena de promoci\u00f3n del candidato del  Partido de la   Liberaci\u00f3n Dominicana (PLD) repet\u00eda y se repet\u00eda. <\/p>\n<p>&#13;<\/p>\n<p align=\"justify\" class=\"text1noticias\">Cuando durante el recorrido  aparec\u00eda una c\u00e1mara fotogr\u00e1fica o de televisi\u00f3n ni\u00f1os, adultos, estudiantes,  obreros se le pon\u00edan delante y le hac\u00edan la se\u00f1al de \u201cL\u201d de Leonel o de la  victoria electoral.\u00a0 <\/p>\n<p>&#13;<\/p>\n<p align=\"justify\" class=\"text1noticias\">Desde la feria hasta Villa  Mella el tren se toma 15 minutos para ir y volver, 30 minutos. Al regreso una joven  recibe los viajeros, da la bienvenida y le pregunta \u201cQu\u00e9 le pareci\u00f3 el viaje\u201d.  \u201cEsto es un sue\u00f1o hecho realidad, es lo mejor que ha podido hacer un  presidente\u201d, respondi\u00f3 una estudiante de Yamaza, Josefina Garc\u00eda (15 a\u00f1os).  <br \/>&#13;<br \/>\n  <br \/>&#13;<br \/>\nOtro estudiante de San Pedro de Macor\u00eds, Miguel \u00c1ngel Castillo 16 a\u00f1os,\u00a0 respondi\u00f3: \u201cEso es una experiencia que no  tiene explicaci\u00f3n\u201d.\u00a0\u00a0\u00a0\u00a0\u00a0 <\/p>\n<p>&#13;<\/p>\n<p align=\"justify\" class=\"text1noticias\">\u201cEse hombre, (Leonel  Fern\u00e1ndez) cuando se muera hay que hacerlo de barro para que siga en el Palacio  Nacional\u201d, respondi\u00f3 Antonia del Pilar, de Cristo Rey.<\/p>\n<p>&#13;<\/p>\n<p align=\"justify\" class=\"text1noticias\">A diferencia de las veces  anteriores, todo se realiza de manera organizada, incluso en las diferentes  provincias, municipios y barrios hasta se organizaron comit\u00e9s para montarse en  el metro. <\/p>\n<p>&#13;<\/p>\n<p align=\"justify\" class=\"text1noticias\">Adem\u00e1s de se para abordar el  metro se organiz\u00f3 por regi\u00f3n, ayer le tocaba al Este, aunque se le permit\u00eda a  todo el publico general que se presentara al metro. Para proteger a los  usuarios del candente sol en la   Feria, lugar de salida se organiz\u00f3 una larga carpa techada de  blanco. <\/p>\n<p>&#13;<\/p>\n<p align=\"justify\" class=\"text1noticias\">Se le entregaba gratuitamente  una boleta y luego proced\u00edan organizadamente a hacer la fila. Tambi\u00e9n miembros  de seguridad supervisaban la entrada y salida de los pasajeros de los vagones  siempre percat\u00e1ndose de que el viajante no tenga ning\u00fan tipo de inconveniente  al abordar o bajar del Metro. <\/p>\n<p>&#13;<\/p>\n<h6> 2008-04-22 22:57:43 <\/h6>\n<p><!--\n<link rel=\"stylesheet\" href=\"css\/bootstrap.min.css\">\n\n\n<ul class=\"pagination\">\n\t    \n\t\n\n<li >\n\t<a href='?page_no=33533'>Previous<\/a>\n\t<\/li>\n\n\n       \n    \n\n<li><a href='?page_no=1'>1<\/a><\/li>\n\n\n\n<li><a href='?page_no=2'>2<\/a><\/li>\n\n\n\n<li><a>...<\/a><\/li>\n\n\n\n<li><a href='?page_no=33532'>33532<\/a><\/li>\n\n\n\n<li><a href='?page_no=33533'>33533<\/a><\/li>\n\n\n\n<li class='active'><a>33534<\/a><\/li>\n\n\n\n<li><a href='?page_no=33535'>33535<\/a><\/li>\n\n\n\n<li><a href='?page_no=33536'>33536<\/a><\/li>\n\n\n\n<li><a>...<\/a><\/li>\n\n\n\n<li><a href='?page_no=36999'>36999<\/a><\/li>\n\n\n\n<li><a href='?page_no=37000'>37000<\/a><\/li>\n\n    \n\t\n\n<li >\n\t<a href='?page_no=33535'>Next<\/a>\n\t<\/li>\n\n\n    \n\n<li><a href='?page_no=37000'>Last &rsaquo;&rsaquo;<\/a><\/li>\n\n<\/ul>\n\n\n--><br \/>\n<\/body><\/p>\n","protected":false},"excerpt":{"rendered":"<p>Metro promociona reelecci\u00f3n presidencial; La gente muestra su admiraci\u00f3n por la obra &#13; Santo Domingo.- La puesta en marcha del Metro de Santo Domingo se realiz\u00f3 en medio del jolgorio de la gente, chistes y el predominio de las consignas, alabanzas a favor de la reelecci\u00f3n del presidente Leonel Fern\u00e1ndez. &#13; \u201c!Aqu\u00ed no se sienten [&hellip;]<\/p>\n","protected":false},"author":3,"featured_media":0,"comment_status":"open","ping_status":"open","sticky":false,"template":"","format":"standard","meta":{"footnotes":""},"categories":[22],"tags":[],"class_list":["post-190786","post","type-post","status-publish","format-standard","hentry","category-politica"],"_links":{"self":[{"href":"https:\/\/diariodominicano.com\/index.php?rest_route=\/wp\/v2\/posts\/190786","targetHints":{"allow":["GET"]}}],"collection":[{"href":"https:\/\/diariodominicano.com\/index.php?rest_route=\/wp\/v2\/posts"}],"about":[{"href":"https:\/\/diariodominicano.com\/index.php?rest_route=\/wp\/v2\/types\/post"}],"author":[{"embeddable":true,"href":"https:\/\/diariodominicano.com\/index.php?rest_route=\/wp\/v2\/users\/3"}],"replies":[{"embeddable":true,"href":"https:\/\/diariodominicano.com\/index.php?rest_route=%2Fwp%2Fv2%2Fcomments&post=190786"}],"version-history":[{"count":0,"href":"https:\/\/diariodominicano.com\/index.php?rest_route=\/wp\/v2\/posts\/190786\/revisions"}],"wp:attachment":[{"href":"https:\/\/diariodominicano.com\/index.php?rest_route=%2Fwp%2Fv2%2Fmedia&parent=190786"}],"wp:term":[{"taxonomy":"category","embeddable":true,"href":"https:\/\/diariodominicano.com\/index.php?rest_route=%2Fwp%2Fv2%2Fcategories&post=190786"},{"taxonomy":"post_tag","embeddable":true,"href":"https:\/\/diariodominicano.com\/index.php?rest_route=%2Fwp%2Fv2%2Ftags&post=190786"}],"curies":[{"name":"wp","href":"https:\/\/api.w.org\/{rel}","templated":true}]}}