{"id":190785,"date":"2008-04-22T23:00:48","date_gmt":"2008-04-22T23:00:48","guid":{"rendered":"http:\/\/diariodominicano.ddns.net\/?p=190785"},"modified":"2008-04-22T23:00:48","modified_gmt":"2008-04-22T23:00:48","slug":"angel-lockward-dice-expediente-no-tiene-fundamento-sus-abogados-amenazan-con-someter-a-fiscales-anticorrupcion","status":"publish","type":"post","link":"https:\/\/diariodominicano.com\/?p=190785","title":{"rendered":"Angel Lockward dice expediente no tiene fundamento; Sus abogados amenazan con someter a fiscales anticorrupci\u00f3n"},"content":{"rendered":"<p><body><\/p>\n<p align=\"justify\" class=\"titulogrande1\">Angel  Lockward dice expediente no tiene fundamento; Sus  abogados amenazan con someter a fiscales anticorrupci\u00f3n<\/p>\n<p>&#13;<\/p>\n<p align=\"justify\" class=\"text1noticias\"><strong>Santo Domingo.-<\/strong> El secretario  de Estado sin cartera,\u00a0 Angel  Lockward,\u00a0 denunci\u00f3 \u00a0que el expediente en su contra no \u201ctiene  fundamento y es un acto de maldad\u201d para hacerle da\u00f1o. <\/p>\n<p>&#13;<\/p>\n<p align=\"justify\" class=\"text1noticias\">Los abogados del acusado en  advirtieron que est\u00e1n contemplando someter a la Justicia al director y  sub director de Departamento de Prevenci\u00f3n de la Corrupci\u00f3n Administrativa  (DPCA), Octavio L\u00edster y Otoniel Bonilla, respectivamente, por supuesta  usurpaci\u00f3n de funciones al presentar por escrito la acusaci\u00f3n y orden de  presentaci\u00f3n de pruebas para el\u00a0 juicio  que se le sigue por supuesto desfalco con los cupones del Gas Licuado de Petr\u00f3leo.<\/p>\n<p>&#13;<\/p>\n<p align=\"justify\" class=\"text1noticias\">La informaci\u00f3n fue  suministrada en una rueda de prensa en la residencia del inculpado y  participaron. entre otros, el abogado Norberto Rond\u00f3n.<\/p>\n<p>&#13;<\/p>\n<p align=\"justify\" class=\"text1noticias\">Lockward dijo que el  Procurador General de la   Rep\u00fablica es el \u00fanico facultado para firmar esa acusaci\u00f3n y,  asegur\u00f3, que \u00e9ste ha dicho que desconoce la misma, por lo que aleg\u00f3 que si el  tribunal no la declara nula someter\u00e1 a L\u00edster y Bonilla.<\/p>\n<p>&#13;<\/p>\n<p align=\"justify\" class=\"text1noticias\">\u201cNo estando firmada por el  Procurador General de la   Rep\u00fablica personalmente como dice la ley, ni teniendo un  mandato especial un procurador Adjunto, el acta de acusaci\u00f3n debi\u00f3 ser firmada  por el Procurador Fiscal del Distrito Nacional, a quien a la fecha se le venci\u00f3  el plazo para presentar acusaci\u00f3n, por lo que se extingui\u00f3 la capacidad del  Ministerio P\u00fablico para presentar la acusaci\u00f3n\u201d indic\u00f3.<\/p>\n<p>&#13;<\/p>\n<p align=\"justify\" class=\"text1noticias\">Asimismo dijo que  descalificaba a Bonilla quien firm\u00f3 el documento de orden, porque alegadamente  no tiene los a\u00f1os de ejercicio necesarios para sustituir al Procurador General.<\/p>\n<p>&#13;<\/p>\n<p align=\"justify\" class=\"text1noticias\">Lockward, quien deber\u00e1 acudir  a juicio de fondo el pr\u00f3ximo 19 de junio, dijo que ese proceso innecesario y  atribuy\u00f3 el mismo a que algunas personas del gobierno las cuales no especific\u00f3  quieren distraerlo en los trabajos que realiza por la reelecci\u00f3n del presidente  de Leonel Fern\u00e1ndez.<\/p>\n<p>&#13;<\/p>\n<p align=\"justify\" class=\"text1noticias\">No obstante dijo que ha  recibido el apoyo de importantes dirigentes de los partidos de la Liberaci\u00f3n Dominicana  (PLD) y Reformista Social Cristiano (PRSC).<\/p>\n<p>&#13;<\/p>\n<p align=\"justify\" class=\"text1noticias\">\u201cAtender\u00e9 con humildad como  ordena la ley mi defensa en el juicio de fondo, que obviamente es innecesario,  est\u00e1 llamado a engordar solamente la vanidad personal y necesaria de relaciones  p\u00fablicas de algunos funcionarios, que tal vez sin querer hacen todo, para  entorpecer que la candidatura de Leonel Fern\u00e1ndez gane en la primera vuelta,  pero no me dejar\u00e9 distraer\u201d indic\u00f3.<\/p>\n<p>&#13;<\/p>\n<p align=\"justify\" class=\"text1noticias\">Los jueces del Tercer  Tribunal Colegiado del Distrito Nacional, fijaron para el 19 de junio pr\u00f3ximo  el conocimiento del juicio de fondo en contra de Lockward, y otras 37 personas.<\/p>\n<p>&#13;<\/p>\n<p align=\"justify\" class=\"text1noticias\">Los magistrados Alina Mora,  Natividad de los Santos y Rafael Pacheco, fijaron la audiencia para esa fecha a  las 9:00 de la ma\u00f1ana.<\/p>\n<p>&#13;<\/p>\n<p align=\"justify\" class=\"text1noticias\">El tribunal tom\u00f3 la decisi\u00f3n,  luego de que la   Procuradur\u00eda General de la Rep\u00fablica, a trav\u00e9s del  Departamento Nacional de Persecuci\u00f3n de la Corrupci\u00f3n Administrativa  (DPCA), presentara el escrito de la acusaci\u00f3n y orden de presentaci\u00f3n de las  pruebas, a pocas horas de vencerse el plazo establecido por el C\u00f3digo Procesal  Penal, de presentar acusaci\u00f3n o el archivo del expediente acusatorio.<\/p>\n<p>&#13;<\/p>\n<h6> 2008-04-22 23:00:48 <\/h6>\n<p><!--\n<link rel=\"stylesheet\" href=\"css\/bootstrap.min.css\">\n\n\n<ul class=\"pagination\">\n\t    \n\t\n\n<li >\n\t<a href='?page_no=33532'>Previous<\/a>\n\t<\/li>\n\n\n       \n    \n\n<li><a href='?page_no=1'>1<\/a><\/li>\n\n\n\n<li><a href='?page_no=2'>2<\/a><\/li>\n\n\n\n<li><a>...<\/a><\/li>\n\n\n\n<li><a href='?page_no=33531'>33531<\/a><\/li>\n\n\n\n<li><a href='?page_no=33532'>33532<\/a><\/li>\n\n\n\n<li class='active'><a>33533<\/a><\/li>\n\n\n\n<li><a href='?page_no=33534'>33534<\/a><\/li>\n\n\n\n<li><a href='?page_no=33535'>33535<\/a><\/li>\n\n\n\n<li><a>...<\/a><\/li>\n\n\n\n<li><a href='?page_no=36999'>36999<\/a><\/li>\n\n\n\n<li><a href='?page_no=37000'>37000<\/a><\/li>\n\n    \n\t\n\n<li >\n\t<a href='?page_no=33534'>Next<\/a>\n\t<\/li>\n\n\n    \n\n<li><a href='?page_no=37000'>Last &rsaquo;&rsaquo;<\/a><\/li>\n\n<\/ul>\n\n\n--><br \/>\n<\/body><\/p>\n","protected":false},"excerpt":{"rendered":"<p>Angel Lockward dice expediente no tiene fundamento; Sus abogados amenazan con someter a fiscales anticorrupci\u00f3n &#13; Santo Domingo.- El secretario de Estado sin cartera,\u00a0 Angel Lockward,\u00a0 denunci\u00f3 \u00a0que el expediente en su contra no \u201ctiene fundamento y es un acto de maldad\u201d para hacerle da\u00f1o. &#13; Los abogados del acusado en advirtieron que est\u00e1n contemplando [&hellip;]<\/p>\n","protected":false},"author":3,"featured_media":0,"comment_status":"open","ping_status":"open","sticky":false,"template":"","format":"standard","meta":{"footnotes":""},"categories":[22],"tags":[],"class_list":["post-190785","post","type-post","status-publish","format-standard","hentry","category-politica"],"_links":{"self":[{"href":"https:\/\/diariodominicano.com\/index.php?rest_route=\/wp\/v2\/posts\/190785","targetHints":{"allow":["GET"]}}],"collection":[{"href":"https:\/\/diariodominicano.com\/index.php?rest_route=\/wp\/v2\/posts"}],"about":[{"href":"https:\/\/diariodominicano.com\/index.php?rest_route=\/wp\/v2\/types\/post"}],"author":[{"embeddable":true,"href":"https:\/\/diariodominicano.com\/index.php?rest_route=\/wp\/v2\/users\/3"}],"replies":[{"embeddable":true,"href":"https:\/\/diariodominicano.com\/index.php?rest_route=%2Fwp%2Fv2%2Fcomments&post=190785"}],"version-history":[{"count":0,"href":"https:\/\/diariodominicano.com\/index.php?rest_route=\/wp\/v2\/posts\/190785\/revisions"}],"wp:attachment":[{"href":"https:\/\/diariodominicano.com\/index.php?rest_route=%2Fwp%2Fv2%2Fmedia&parent=190785"}],"wp:term":[{"taxonomy":"category","embeddable":true,"href":"https:\/\/diariodominicano.com\/index.php?rest_route=%2Fwp%2Fv2%2Fcategories&post=190785"},{"taxonomy":"post_tag","embeddable":true,"href":"https:\/\/diariodominicano.com\/index.php?rest_route=%2Fwp%2Fv2%2Ftags&post=190785"}],"curies":[{"name":"wp","href":"https:\/\/api.w.org\/{rel}","templated":true}]}}