{"id":190783,"date":"2008-04-23T00:49:32","date_gmt":"2008-04-23T00:49:32","guid":{"rendered":"http:\/\/diariodominicano.ddns.net\/?p=190783"},"modified":"2008-04-23T00:49:32","modified_gmt":"2008-04-23T00:49:32","slug":"leonel-recibe-apoyo-de-felipa-gomez-y-encabeza-multitudinario-recorrido-por-herrera","status":"publish","type":"post","link":"https:\/\/diariodominicano.com\/?p=190783","title":{"rendered":"Leonel recibe apoyo de Felipa G\u00f3mez y encabeza multitudinario recorrido por Herrera"},"content":{"rendered":"<p><body><\/p>\n<p align=\"justify\" class=\"titulogrande1\"><strong>Leonel recibe apoyo de Felipa G\u00f3mez y encabeza multitudinario recorrido por Herrera<\/strong><\/p>\n<p>&#13;<\/p>\n<p align=\"justify\" class=\"text1noticias\"><strong><img loading=\"lazy\" decoding=\"async\" src=\"http:\/\/localhost:8080\/img\/leonel herrera.jpg\" width=\"375\" height=\"1027\" hspace=\"4\" align=\"left\" \/>Santo Domingo.<\/strong>&#8211; El candidato a la presidencia por  el Partido de la Liberaci\u00f3n Dominicana  ( PLD), doctor Leonel Fern\u00e1ndez recibi\u00f3 un gran apoyo de los moradores de los diferentes  barrios que componen el populoso sector de Herrera, ubicado ene. Municipio de  Santo Domingo Oeste, cuyas calles se convirtieron en hileras humanas en  muestran de respaldo a su candidatura.<\/p>\n<p>&#13;<\/p>\n<p align=\"justify\" class=\"text1noticias\">Durante su recorrido por el barrio Buenos Aires,  el Presidente y candidato por el PLD jurament\u00f3 a la ex dirigente del PRD;  Felipa G\u00f3mez, quien manifest\u00f3 que abandon\u00f3 el PRD y el Partido Revolucionario  Social Dem\u00f3crata que lidera Hatuey de Camps; para respaldar al \u00fanico l\u00edder  natural que tiene el pa\u00eds.<\/p>\n<p>&#13;<\/p>\n<p align=\"justify\" class=\"text1noticias\">Felipa G\u00f3mez fue juramentada junto a la  directiva del Movimiento Acci\u00f3n Pol\u00edtica Comunitaria (APC) y precis\u00f3 que opt\u00f3  por abandonar las filas del PRD y del PRSD porque no est\u00e1n representados por  candidatos que no se interesan por el  bienestar del pa\u00eds.<\/p>\n<p>&#13;<\/p>\n<p align=\"justify\" class=\"text1noticias\">Previo a la juramentaci\u00f3n de Felipa G\u00f3mez, el  presidente Fern\u00e1ndez destac\u00f3 el valor de los dirigentes de la APC\u00a0 y precis\u00f3 que con el apoyo se garantiza la  barrida en el sector de Herrera, el pr\u00f3ximo 16 de mayo. <\/p>\n<p>&#13;<\/p>\n<p align=\"justify\" class=\"text1noticias\">El mandatario destac\u00f3 el valor hist\u00f3rico de  Felipa G\u00f3mez y su lucha en defensa de la democracia y de los mejores intereses  del pueblo.<\/p>\n<p>&#13;<\/p>\n<p align=\"justify\" class=\"text1noticias\">En la continuaci\u00f3n de su recorrido por dicho  sector, \u00e9sta vez en el barrio Enriquillo, el presidente Fern\u00e1ndez fue recibido  por el dirigente perrede\u00edsta Jos\u00e9 Ram\u00f3n Fern\u00e1ndez, mejor conocido como \u201cBigote\u201d,  quien le manifest\u00f3 su apoyo.<\/p>\n<p>&#13;<\/p>\n<p align=\"justify\" class=\"text1noticias\">Como muestra de su decisi\u00f3n y en medio de los  aplausos y j\u00fabilo de la multitud, Bigote orden\u00f3 a sus seguidores a que quitaran  de su casa las banderas blancas y los afiches del candidato perrede\u00edsta y, en  presencia del mandatario, coloc\u00f3 la bandera morada y la estrella amarilla del  PLD.<\/p>\n<p>&#13;<\/p>\n<p align=\"justify\" class=\"text1noticias\">Luego de esa muestra de apoyo a su candidatura  por uno de los l\u00edderes comunitarios m\u00e1s famosos del sector de Herrera, el  doctor Fern\u00e1ndez continu\u00f3 su marcha triunfal.<\/p>\n<p>&#13;<\/p>\n<p align=\"justify\" class=\"text1noticias\">Asimismo, dej\u00f3 inaugurado un local de campa\u00f1a  del movimiento Leonel Primera Vuelta, que aglutina a los m\u00e1s emblem\u00e1ticos  dirigentes reformistas de la zona que trabajar\u00e1n a favor de su candidatura para  garantizar el triunfo en primera vuelta.<\/p>\n<p>&#13;<\/p>\n<p align=\"justify\" class=\"text1noticias\">En su recorrido por las principales calles de  Buenos Aires, Barrio Duarte, Las Palmas, el Barrio Enriquillo, Las Flores y las  Caobas, donde la gente le mostr\u00f3 su apoyo entusiasta y decidido. <\/p>\n<p>&#13;<\/p>\n<p align=\"justify\" class=\"text1noticias\">Al paso del veh\u00edculo que transportaba al  candidato del PLD, la gente no dejaba de manifestarle su apoyo, algarab\u00eda que era  enorme. Las frases y consignas eran estruendosas y a su paso parec\u00eda un mar  humano.<br \/>&#13;<br \/>\n  <br \/>&#13;<br \/>\n\u201cPa\u00b4 lante presidente y\u00a0 Ni un paso atr\u00e1s. Cuatro a\u00f1os m\u00e1s, yo sigo  subido en el palo y no hay nadie m\u00e1s pa\u00b4 sustituirte\u201d: eran parte de los  estribillos que cantaban a su paso.<br \/>&#13;<br \/>\n<br \/>&#13;<br \/>\nEl recorrido triunfal del mandatario y  candidato presidencial por el PLD y el Bloque Progresista, concluy\u00f3 en Las  Caobas, pr\u00f3ximo a las instalaciones de la OMSA y con el mismo, la gente se asegur\u00f3 el  triunfo en la primera vuelta.<\/p>\n<p>&#13;<\/p>\n<p align=\"justify\" class=\"text1noticias\">Acompa\u00f1aron al presidente Fern\u00e1ndez, Francisco  Javier Garc\u00eda, jefe de campa\u00f1a del PLD; Cristina y Sim\u00f3n Lizardo; Jos\u00e9 Ram\u00f3n  Fadul, Luis Ynchausti, F\u00e9lix Bautista, V\u00edctor D\u00edaz R\u00faa, miembros del Comit\u00e9  Nacional de Campa\u00f1a. Adem\u00e1s, hicieron acto de presencia H\u00e9ctor Rodr\u00edguez  Pimentel, Miguel Bogaert, H\u00e9ctor Rafael Peguero M\u00e9ndez y Ar\u00edstides Fern\u00e1ndez  Zucco, entre otros. <\/p>\n<p>&#13;<\/p>\n<h6> 2008-04-23 00:49:32 <\/h6>\n<p><!--\n<link rel=\"stylesheet\" href=\"css\/bootstrap.min.css\">\n\n\n<ul class=\"pagination\">\n\t    \n\t\n\n<li >\n\t<a href='?page_no=33530'>Previous<\/a>\n\t<\/li>\n\n\n       \n    \n\n<li><a href='?page_no=1'>1<\/a><\/li>\n\n\n\n<li><a href='?page_no=2'>2<\/a><\/li>\n\n\n\n<li><a>...<\/a><\/li>\n\n\n\n<li><a href='?page_no=33529'>33529<\/a><\/li>\n\n\n\n<li><a href='?page_no=33530'>33530<\/a><\/li>\n\n\n\n<li class='active'><a>33531<\/a><\/li>\n\n\n\n<li><a href='?page_no=33532'>33532<\/a><\/li>\n\n\n\n<li><a href='?page_no=33533'>33533<\/a><\/li>\n\n\n\n<li><a>...<\/a><\/li>\n\n\n\n<li><a href='?page_no=36999'>36999<\/a><\/li>\n\n\n\n<li><a href='?page_no=37000'>37000<\/a><\/li>\n\n    \n\t\n\n<li >\n\t<a href='?page_no=33532'>Next<\/a>\n\t<\/li>\n\n\n    \n\n<li><a href='?page_no=37000'>Last &rsaquo;&rsaquo;<\/a><\/li>\n\n<\/ul>\n\n\n--><br \/>\n<\/body><\/p>\n","protected":false},"excerpt":{"rendered":"<p>Leonel recibe apoyo de Felipa G\u00f3mez y encabeza multitudinario recorrido por Herrera &#13; Santo Domingo.&#8211; El candidato a la presidencia por el Partido de la Liberaci\u00f3n Dominicana ( PLD), doctor Leonel Fern\u00e1ndez recibi\u00f3 un gran apoyo de los moradores de los diferentes barrios que componen el populoso sector de Herrera, ubicado ene. Municipio de Santo [&hellip;]<\/p>\n","protected":false},"author":3,"featured_media":0,"comment_status":"open","ping_status":"open","sticky":false,"template":"","format":"standard","meta":{"footnotes":""},"categories":[22],"tags":[],"class_list":["post-190783","post","type-post","status-publish","format-standard","hentry","category-politica"],"_links":{"self":[{"href":"https:\/\/diariodominicano.com\/index.php?rest_route=\/wp\/v2\/posts\/190783","targetHints":{"allow":["GET"]}}],"collection":[{"href":"https:\/\/diariodominicano.com\/index.php?rest_route=\/wp\/v2\/posts"}],"about":[{"href":"https:\/\/diariodominicano.com\/index.php?rest_route=\/wp\/v2\/types\/post"}],"author":[{"embeddable":true,"href":"https:\/\/diariodominicano.com\/index.php?rest_route=\/wp\/v2\/users\/3"}],"replies":[{"embeddable":true,"href":"https:\/\/diariodominicano.com\/index.php?rest_route=%2Fwp%2Fv2%2Fcomments&post=190783"}],"version-history":[{"count":0,"href":"https:\/\/diariodominicano.com\/index.php?rest_route=\/wp\/v2\/posts\/190783\/revisions"}],"wp:attachment":[{"href":"https:\/\/diariodominicano.com\/index.php?rest_route=%2Fwp%2Fv2%2Fmedia&parent=190783"}],"wp:term":[{"taxonomy":"category","embeddable":true,"href":"https:\/\/diariodominicano.com\/index.php?rest_route=%2Fwp%2Fv2%2Fcategories&post=190783"},{"taxonomy":"post_tag","embeddable":true,"href":"https:\/\/diariodominicano.com\/index.php?rest_route=%2Fwp%2Fv2%2Ftags&post=190783"}],"curies":[{"name":"wp","href":"https:\/\/api.w.org\/{rel}","templated":true}]}}