{"id":190782,"date":"2008-04-23T01:55:29","date_gmt":"2008-04-23T01:55:29","guid":{"rendered":"http:\/\/diariodominicano.ddns.net\/?p=190782"},"modified":"2008-04-23T01:55:29","modified_gmt":"2008-04-23T01:55:29","slug":"sued-visita-zona-sur-de-santiago","status":"publish","type":"post","link":"https:\/\/diariodominicano.com\/?p=190782","title":{"rendered":"Sued visita Zona Sur de Santiago"},"content":{"rendered":"<p><body><\/p>\n<p align=\"justify\"><span class=\"titulogrande1\">Sued visita Zona Sur de Santiago<\/span><br \/>&#13;<br \/>\n  \u00a0\u00a0\u00a0\u00a0\u00a0\u00a0\u00a0\u00a0 <br \/>&#13;<br \/>\n  <span class=\"text1noticias\"><strong><img loading=\"lazy\" decoding=\"async\" src=\"http:\/\/localhost:8080\/img\/sue.jpg\" width=\"374\" height=\"235\" hspace=\"4\" align=\"left\" \/>SANTIAGO.- <\/strong>El s\u00edndico santiaguense y candidato  vicepresidencial del PRSC, Jos\u00e9 Enrique Sued, censur\u00f3 que en pleno siglo 21,  cuando desde el gobierno pelede\u00edsta se habla tanto de progreso y modernidad, la  situaci\u00f3n de hambre y miseria es la pesadilla que a diario se vive en los  hogares dominicano.<\/span><\/p>\n<p>&#13;<\/p>\n<p align=\"justify\" class=\"text1noticias\"> Declar\u00f3 que lo m\u00e1s grave es que el  gobierno de turno ha sido el que m\u00e1s dinero ha manejado \u201cy el que m\u00e1s sangre le  ha chupado al pueblo consumidor, mostrando una actitud indiferente e indolente  contra los sectores depauperados\u201d.<\/p>\n<p>&#13;<\/p>\n<p align=\"justify\" class=\"text1noticias\">\u201cHoy d\u00eda el panorama es desolador en  el seno de la familia dominicana, donde las mujeres, las madres de familia no  tienen el dinero para comprar el gas de cocina para preparar los alimentos,  aunque sea una vez al d\u00eda\u201d, apunt\u00f3 Sued.<\/p>\n<p>&#13;<\/p>\n<p align=\"justify\" class=\"text1noticias\"> El candidato vicepresidencial en la  boleta colorada que encabeza Amable Aristy Castro, emiti\u00f3 estas declaraciones  en medio del desarrollo de un mano a mano realizado en los sectores de Pek\u00edn y  Cristo Rey. Ante lo concurrido de la actividad proselitista, el mano a mano  termin\u00f3 en una mini-caravana que recorri\u00f3 los barrios de La Pradera y Conani, entre  otras populosas barriadas de la Zona Sur  santiaguense.<\/p>\n<p>&#13;<\/p>\n<p align=\"justify\" class=\"text1noticias\">\u201cEstamos en presencia de un  gobierno que ha manejado recursos econ\u00f3micos en demas\u00eda, con la aplicaci\u00f3n de  tres reformas fiscales, lo que confirma que es un vampiro que le chupa la  sangre a un pueblo en agon\u00eda\u201d, subray\u00f3 Sued.<\/p>\n<p>&#13;<\/p>\n<p align=\"justify\" class=\"text1noticias\"> Dijo que si hoy d\u00eda las amas de  casa no disponen del dinero para la manutenci\u00f3n cotidiana ni para adquirir el  gas licuado de petr\u00f3leo, mucho menos podr\u00e1 esperarse que viva en condiciones  humanas y dignas.<\/p>\n<p>&#13;<\/p>\n<p align=\"justify\" class=\"text1noticias\">\u201cNosotros esperamos que el pueblo  sepa responder el 16 de mayo, votando por Amable Aristy, en contra de la  reelecci\u00f3n del PLD\u201d, apunt\u00f3 Sued.<\/p>\n<p>&#13;<\/p>\n<p align=\"justify\" class=\"text1noticias\"> El candidato vicepresidencial  del PRSC contin\u00faa dej\u00e1ndose sentir en los diferentes barrios, urbanizaciones y  sectores rurales de Santiago, as\u00ed como realizando visitas, encuentros y  caravanas en las provincias del Cibao Las m\u00e1s recientes visitadas son  Montecristi, Dajab\u00f3n y S\u00e1nchez Ram\u00edrez. Recorrido .Antes hab\u00eda recorrido a  Espaillat, Salcedo, Duarte, Monse\u00f1or Nouel, Saman\u00e1, Puerto Plata, Santiago  Rodr\u00edguez, y otras.<\/p>\n<p>&#13;<\/p>\n<p align=\"justify\" class=\"text1noticias\"> Sued, en su proselitismo por la    Zona Sur santiaguense, estuvo acompa\u00f1ado de  la regidora Gladys Garc\u00eda, quien\u00a0 ayer  renunci\u00f3 de la Cuarta V\u00eda  para volver al reformismo y respaldar al candidato vicepresidencial reformista.  <br \/>&#13;<br \/>\n  <br \/>&#13;<br \/>\nAdem\u00e1s, los regidores Sarah Nolasco, Gabriel Batista, Papito Cruz y Dilcia  Rodr\u00edguez, as\u00ed como los dirigentes Benny Sued, Benedicto N\u00fa\u00f1ez y Javier  Jim\u00e9nez, entre otros.<\/p>\n<p>&#13;<\/p>\n<h6> 2008-04-23 01:55:29 <\/h6>\n<p><!--\n<link rel=\"stylesheet\" href=\"css\/bootstrap.min.css\">\n\n\n<ul class=\"pagination\">\n\t    \n\t\n\n<li >\n\t<a href='?page_no=33529'>Previous<\/a>\n\t<\/li>\n\n\n       \n    \n\n<li><a href='?page_no=1'>1<\/a><\/li>\n\n\n\n<li><a href='?page_no=2'>2<\/a><\/li>\n\n\n\n<li><a>...<\/a><\/li>\n\n\n\n<li><a href='?page_no=33528'>33528<\/a><\/li>\n\n\n\n<li><a href='?page_no=33529'>33529<\/a><\/li>\n\n\n\n<li class='active'><a>33530<\/a><\/li>\n\n\n\n<li><a href='?page_no=33531'>33531<\/a><\/li>\n\n\n\n<li><a href='?page_no=33532'>33532<\/a><\/li>\n\n\n\n<li><a>...<\/a><\/li>\n\n\n\n<li><a href='?page_no=36999'>36999<\/a><\/li>\n\n\n\n<li><a href='?page_no=37000'>37000<\/a><\/li>\n\n    \n\t\n\n<li >\n\t<a href='?page_no=33531'>Next<\/a>\n\t<\/li>\n\n\n    \n\n<li><a href='?page_no=37000'>Last &rsaquo;&rsaquo;<\/a><\/li>\n\n<\/ul>\n\n\n--><br \/>\n<\/body><\/p>\n","protected":false},"excerpt":{"rendered":"<p>Sued visita Zona Sur de Santiago&#13; \u00a0\u00a0\u00a0\u00a0\u00a0\u00a0\u00a0\u00a0 &#13; SANTIAGO.- El s\u00edndico santiaguense y candidato vicepresidencial del PRSC, Jos\u00e9 Enrique Sued, censur\u00f3 que en pleno siglo 21, cuando desde el gobierno pelede\u00edsta se habla tanto de progreso y modernidad, la situaci\u00f3n de hambre y miseria es la pesadilla que a diario se vive en los hogares [&hellip;]<\/p>\n","protected":false},"author":3,"featured_media":0,"comment_status":"open","ping_status":"open","sticky":false,"template":"","format":"standard","meta":{"footnotes":""},"categories":[22],"tags":[],"class_list":["post-190782","post","type-post","status-publish","format-standard","hentry","category-politica"],"_links":{"self":[{"href":"https:\/\/diariodominicano.com\/index.php?rest_route=\/wp\/v2\/posts\/190782","targetHints":{"allow":["GET"]}}],"collection":[{"href":"https:\/\/diariodominicano.com\/index.php?rest_route=\/wp\/v2\/posts"}],"about":[{"href":"https:\/\/diariodominicano.com\/index.php?rest_route=\/wp\/v2\/types\/post"}],"author":[{"embeddable":true,"href":"https:\/\/diariodominicano.com\/index.php?rest_route=\/wp\/v2\/users\/3"}],"replies":[{"embeddable":true,"href":"https:\/\/diariodominicano.com\/index.php?rest_route=%2Fwp%2Fv2%2Fcomments&post=190782"}],"version-history":[{"count":0,"href":"https:\/\/diariodominicano.com\/index.php?rest_route=\/wp\/v2\/posts\/190782\/revisions"}],"wp:attachment":[{"href":"https:\/\/diariodominicano.com\/index.php?rest_route=%2Fwp%2Fv2%2Fmedia&parent=190782"}],"wp:term":[{"taxonomy":"category","embeddable":true,"href":"https:\/\/diariodominicano.com\/index.php?rest_route=%2Fwp%2Fv2%2Fcategories&post=190782"},{"taxonomy":"post_tag","embeddable":true,"href":"https:\/\/diariodominicano.com\/index.php?rest_route=%2Fwp%2Fv2%2Ftags&post=190782"}],"curies":[{"name":"wp","href":"https:\/\/api.w.org\/{rel}","templated":true}]}}