{"id":190780,"date":"2008-04-23T04:34:01","date_gmt":"2008-04-23T04:34:01","guid":{"rendered":"http:\/\/diariodominicano.ddns.net\/?p=190780"},"modified":"2008-04-23T04:34:01","modified_gmt":"2008-04-23T04:34:01","slug":"senador-tommy-galan-informa-conep-anje-y-aird-no-asisten-a-reunion-comision-de-finanzas-del-senado","status":"publish","type":"post","link":"https:\/\/diariodominicano.com\/?p=190780","title":{"rendered":"Senador Tommy Gal\u00e1n informa: CONEP, ANJE Y AIRD no asisten a reuni\u00f3n Comisi\u00f3n de Finanzas del Senado"},"content":{"rendered":"<p><body><\/p>\n<p align=\"justify\" class=\"titulogrande1\">Senador Tommy Gal\u00e1n informa: CONEP, ANJE Y  AIRD no asisten a reuni\u00f3n Comisi\u00f3n de Finanzas del Senado<\/p>\n<p>&#13;<\/p>\n<p align=\"justify\" class=\"text1noticias\"><strong>SANTO  DOMINGO.-<\/strong> El presidente de la Comisi\u00f3n de Hacienda del Senado, inform\u00f3 que los  representantes de tres asociaciones empresariales no asistieron a expresar sus  consideraciones a los senadores y t\u00e9cnicos miembros de esa comisi\u00f3n, en una  reuni\u00f3n pautada para este martes a las 10:00 de la ma\u00f1ana.<\/p>\n<p>&#13;<\/p>\n<p align=\"justify\" class=\"text1noticias\">El  senador Tommy Gal\u00e1n manifest\u00f3 que el Consejo Nacional de la Empresa Privada  (CONEP), la Asociaci\u00f3n Nacional de J\u00f3venes Empresarios (ANJE) y la Asociaci\u00f3n  de Industrias de la Rep\u00fablica Dominicana (AIRD), han expresado inconformidad  con algunos puntos de La Ley Monetaria y Financiera, cuyas modificaciones se  discuten en la C\u00e1mara\u00a0 Alta.<\/p>\n<p>&#13;<\/p>\n<p align=\"justify\" class=\"text1noticias\">Sostuvo  que las diferencias se han expresado a trav\u00e9s de los medios de comunicaci\u00f3n,  pero refiri\u00f3 que esperaba que los presidentes de esas entidades acudieran al  Senado a formalizar sus posiciones.<\/p>\n<p>&#13;<\/p>\n<p align=\"justify\" class=\"text1noticias\">Gal\u00e1n  garantiz\u00f3 que con la legislaci\u00f3n se busca el consenso debido y desarrollar un  proceso transparente, abierto y participativo, para que las modificaciones se  realicen sin afectar a ning\u00fan sector en particular.<\/p>\n<p>&#13;<\/p>\n<p align=\"justify\" class=\"text1noticias\">Recalc\u00f3  que esas organizaciones empresariales estaban citadas para una reuni\u00f3n en los  salones del Senado, pero a \u00faltima hora cancelaron su asistencia.<\/p>\n<p>&#13;<\/p>\n<p align=\"justify\" class=\"text1noticias\">Indic\u00f3  que todos los sectores involucrados en la discusi\u00f3n de las modificaciones de la  Ley Monetaria y Financiera, han asistido al Senado a exponer sus  consideraciones.<\/p>\n<p>&#13;<\/p>\n<p align=\"justify\" class=\"text1noticias\">Empero,  sostuvo que el CONEP, ANJE\u00a0 y AIRD han  sido los m\u00e1s insistentes en oponerse a muchos de los puntos que se discuten,  por lo que se mostr\u00f3 extra\u00f1ado de que no hicieran acto en presencia en la  reuni\u00f3n.<\/p>\n<p>&#13;<\/p>\n<p align=\"justify\" class=\"text1noticias\">\u201cEstamos  abiertos a todos los sectores en la discusi\u00f3n de esta y otras piezas  legislativas que cursan en el Senado; esa es la disposici\u00f3n del presidente del  Senado, Reinaldo Pared P\u00e9rez, y de nosotros como presidente de esta comisi\u00f3n\u201d,  agreg\u00f3 el senador por la provincia San Crist\u00f3bal.<\/p>\n<p>&#13;<\/p>\n<p align=\"justify\" class=\"text1noticias\">Unas  13 instituciones de los sectores p\u00fablico y privado han acudido a las reuniones  de la Comisi\u00f3n de Hacienda para exponer sus puntos de vista sobre las  modificaciones a la citada pieza.<\/p>\n<p>&#13;<\/p>\n<h6> 2008-04-23 04:34:01 <\/h6>\n<p><!--\n<link rel=\"stylesheet\" href=\"css\/bootstrap.min.css\">\n\n\n<ul class=\"pagination\">\n\t    \n\t\n\n<li >\n\t<a href='?page_no=33527'>Previous<\/a>\n\t<\/li>\n\n\n       \n    \n\n<li><a href='?page_no=1'>1<\/a><\/li>\n\n\n\n<li><a href='?page_no=2'>2<\/a><\/li>\n\n\n\n<li><a>...<\/a><\/li>\n\n\n\n<li><a href='?page_no=33526'>33526<\/a><\/li>\n\n\n\n<li><a href='?page_no=33527'>33527<\/a><\/li>\n\n\n\n<li class='active'><a>33528<\/a><\/li>\n\n\n\n<li><a href='?page_no=33529'>33529<\/a><\/li>\n\n\n\n<li><a href='?page_no=33530'>33530<\/a><\/li>\n\n\n\n<li><a>...<\/a><\/li>\n\n\n\n<li><a href='?page_no=36999'>36999<\/a><\/li>\n\n\n\n<li><a href='?page_no=37000'>37000<\/a><\/li>\n\n    \n\t\n\n<li >\n\t<a href='?page_no=33529'>Next<\/a>\n\t<\/li>\n\n\n    \n\n<li><a href='?page_no=37000'>Last &rsaquo;&rsaquo;<\/a><\/li>\n\n<\/ul>\n\n\n--><br \/>\n<\/body><\/p>\n","protected":false},"excerpt":{"rendered":"<p>Senador Tommy Gal\u00e1n informa: CONEP, ANJE Y AIRD no asisten a reuni\u00f3n Comisi\u00f3n de Finanzas del Senado &#13; SANTO DOMINGO.- El presidente de la Comisi\u00f3n de Hacienda del Senado, inform\u00f3 que los representantes de tres asociaciones empresariales no asistieron a expresar sus consideraciones a los senadores y t\u00e9cnicos miembros de esa comisi\u00f3n, en una reuni\u00f3n [&hellip;]<\/p>\n","protected":false},"author":3,"featured_media":0,"comment_status":"open","ping_status":"open","sticky":false,"template":"","format":"standard","meta":{"footnotes":""},"categories":[22],"tags":[],"class_list":["post-190780","post","type-post","status-publish","format-standard","hentry","category-politica"],"_links":{"self":[{"href":"https:\/\/diariodominicano.com\/index.php?rest_route=\/wp\/v2\/posts\/190780","targetHints":{"allow":["GET"]}}],"collection":[{"href":"https:\/\/diariodominicano.com\/index.php?rest_route=\/wp\/v2\/posts"}],"about":[{"href":"https:\/\/diariodominicano.com\/index.php?rest_route=\/wp\/v2\/types\/post"}],"author":[{"embeddable":true,"href":"https:\/\/diariodominicano.com\/index.php?rest_route=\/wp\/v2\/users\/3"}],"replies":[{"embeddable":true,"href":"https:\/\/diariodominicano.com\/index.php?rest_route=%2Fwp%2Fv2%2Fcomments&post=190780"}],"version-history":[{"count":0,"href":"https:\/\/diariodominicano.com\/index.php?rest_route=\/wp\/v2\/posts\/190780\/revisions"}],"wp:attachment":[{"href":"https:\/\/diariodominicano.com\/index.php?rest_route=%2Fwp%2Fv2%2Fmedia&parent=190780"}],"wp:term":[{"taxonomy":"category","embeddable":true,"href":"https:\/\/diariodominicano.com\/index.php?rest_route=%2Fwp%2Fv2%2Fcategories&post=190780"},{"taxonomy":"post_tag","embeddable":true,"href":"https:\/\/diariodominicano.com\/index.php?rest_route=%2Fwp%2Fv2%2Ftags&post=190780"}],"curies":[{"name":"wp","href":"https:\/\/api.w.org\/{rel}","templated":true}]}}