{"id":190778,"date":"2008-04-23T04:42:42","date_gmt":"2008-04-23T04:42:42","guid":{"rendered":"http:\/\/diariodominicano.ddns.net\/?p=190778"},"modified":"2008-04-23T04:42:42","modified_gmt":"2008-04-23T04:42:42","slug":"temo-afirma-leonel-ganara-en-primera-vuelta-con-mas-del-54","status":"publish","type":"post","link":"https:\/\/diariodominicano.com\/?p=190778","title":{"rendered":"Temo afirma Leonel ganar\u00e1 en primera vuelta con m\u00e1s del 54%"},"content":{"rendered":"<p><body><\/p>\n<p class=\"titulogrande1\">Temo afirma Leonel ganar\u00e1 en primera vuelta con m\u00e1s del 54%<\/p>\n<p>&#13;<\/p>\n<p align=\"justify\" class=\"text1noticias\"><strong>SANTO DOMINGO.-<\/strong> Tem\u00edstocles Mont\u00e1s, miembro de los comit\u00e9s  Pol\u00edtico y de Campa\u00f1a del Partido de la Liberaci\u00f3n Dominicana (PLD),  sostuvo\u00a0 que el Presidente Leonel Fern\u00e1ndez ganar\u00e1 las  elecciones del 16 de mayo en primera vuelta con un porcentaje superior al 54 %.<\/p>\n<p>&#13;<\/p>\n<p align=\"justify\" class=\"text1noticias\">\u00abEst\u00e1 establecido que el presidente Leonel Fern\u00e1ndez se  va a mover entre un 52 y un 56 %, de acuerdo con el an\u00e1lisis realizado a la encuesta Gallup\u00bb, sostuvo Mont\u00e1s a los conductores del programa Hoy Mismo.<\/p>\n<p>&#13;<\/p>\n<p align=\"justify\" class=\"text1noticias\">El secretario de Econom\u00eda, Planificaci\u00f3n y Desarrollo y  estac\u00f3 la impresionante aceptaci\u00f3n que tiene la candidatura pelede\u00edsta  en la poblaci\u00f3n, vaticinando\u00a0  que superar\u00e1 con mas de 10 puntos\u00a0  porcentuales\u00a0 la sumatoria total de los votos de todos los competidores.<\/p>\n<p>&#13;<\/p>\n<p align=\"justify\" class=\"text1noticias\">\u00abIncluyendo todos los partidos y sus candidatos, la  oposici\u00f3n no llegar\u00eda ni siquiera a un 46 %\u00bb, acot\u00f3.<\/p>\n<p>&#13;<\/p>\n<p align=\"justify\" class=\"text1noticias\">Inform\u00f3\u00a0 que la  Direcci\u00f3n de Estrategia\u00a0 del Comit\u00e9  Nacional de Campa\u00f1a. Bajo su coordinaci\u00f3n estudia cada semana el comportamiento  electoral del pa\u00eds y que el \u00faltimo de los estudios a cargo de firmas  encuestadoras reconocidas otorga al Presidente Leonel Fern\u00e1ndez un 56% de  intenci\u00f3n de voto.<\/p>\n<p>&#13;<\/p>\n<p align=\"justify\" class=\"text1noticias\">\u00abLo que\u00a0 estamos  visualizando al interior del equipo de campa\u00f1a es que el compa\u00f1ero Leonel Fern\u00e1ndez se est\u00e1 moviendo entre un 56 y un  60%\u00bb, puntualiz\u00f3 el dirigente pelede\u00edsta en la rese\u00f1a de su  participaci\u00f3n en el programa a cargo de la Secretar\u00eda de Comunicaciones del PLD.<\/p>\n<p>&#13;<\/p>\n<p align=\"justify\" class=\"text1noticias\">Dijo que las tres preguntas claves de una encuesta, por  qui\u00e9n usted va a votar, qui\u00e9n usted cree que va a ganar y qui\u00e9n usted quiere  que gane las elecciones, indican en el estudio de la semana pasada que el  presidente Fern\u00e1ndez podr\u00eda ganar con el 59. 2%.<\/p>\n<p>&#13;<\/p>\n<p align=\"justify\" class=\"text1noticias\">En otro orden dijo que no le sorprende ninguna actitud del  PRD en procura de obstaculizar la victoria electoral del PLD y el presidente  Leonel Fern\u00e1ndez.<\/p>\n<p>&#13;<\/p>\n<p align=\"justify\" class=\"text1noticias\">\u00abPorque el problema es hacer todo lo que est\u00e9 a su  alcance para evitar que se produzca en buena lid, la victoria electoral del  presidente Leonel Fern\u00e1ndez\u00bb, plante\u00f3 Tem\u00edstocles Mont\u00e1s.<\/p>\n<p>&#13;<\/p>\n<p align=\"justify\" class=\"text1noticias\">Sobre el rumor de una nueva huelga convocada para el 6 de  mayo sostuvo que, de ser cierta, lo mismo que la anterior se tratar\u00eda de una  actividad eminentemente pol\u00edtica.<\/p>\n<p>&#13;<\/p>\n<p align=\"justify\" class=\"text1noticias\">\u00abUna actividad que a todas luces tiene motivaciones  eminentemente pol\u00edticas y no reivindicativas, y creo que en atenci\u00f3n a eso, el  gobierno tiene que prestar la mayor de  las atenciones\u00bb, concluy\u00f3 el coordinador estrat\u00e9gico del PLD.<\/p>\n<p>&#13;<\/p>\n<h6> 2008-04-23 04:42:42 <\/h6>\n<p><!--\n<link rel=\"stylesheet\" href=\"css\/bootstrap.min.css\">\n\n\n<ul class=\"pagination\">\n\t    \n\t\n\n<li >\n\t<a href='?page_no=33525'>Previous<\/a>\n\t<\/li>\n\n\n       \n    \n\n<li><a href='?page_no=1'>1<\/a><\/li>\n\n\n\n<li><a href='?page_no=2'>2<\/a><\/li>\n\n\n\n<li><a>...<\/a><\/li>\n\n\n\n<li><a href='?page_no=33524'>33524<\/a><\/li>\n\n\n\n<li><a href='?page_no=33525'>33525<\/a><\/li>\n\n\n\n<li class='active'><a>33526<\/a><\/li>\n\n\n\n<li><a href='?page_no=33527'>33527<\/a><\/li>\n\n\n\n<li><a href='?page_no=33528'>33528<\/a><\/li>\n\n\n\n<li><a>...<\/a><\/li>\n\n\n\n<li><a href='?page_no=36999'>36999<\/a><\/li>\n\n\n\n<li><a href='?page_no=37000'>37000<\/a><\/li>\n\n    \n\t\n\n<li >\n\t<a href='?page_no=33527'>Next<\/a>\n\t<\/li>\n\n\n    \n\n<li><a href='?page_no=37000'>Last &rsaquo;&rsaquo;<\/a><\/li>\n\n<\/ul>\n\n\n--><br \/>\n<\/body><\/p>\n","protected":false},"excerpt":{"rendered":"<p>Temo afirma Leonel ganar\u00e1 en primera vuelta con m\u00e1s del 54% &#13; SANTO DOMINGO.- Tem\u00edstocles Mont\u00e1s, miembro de los comit\u00e9s Pol\u00edtico y de Campa\u00f1a del Partido de la Liberaci\u00f3n Dominicana (PLD), sostuvo\u00a0 que el Presidente Leonel Fern\u00e1ndez ganar\u00e1 las elecciones del 16 de mayo en primera vuelta con un porcentaje superior al 54 %. &#13; [&hellip;]<\/p>\n","protected":false},"author":3,"featured_media":0,"comment_status":"open","ping_status":"open","sticky":false,"template":"","format":"standard","meta":{"footnotes":""},"categories":[22],"tags":[],"class_list":["post-190778","post","type-post","status-publish","format-standard","hentry","category-politica"],"_links":{"self":[{"href":"https:\/\/diariodominicano.com\/index.php?rest_route=\/wp\/v2\/posts\/190778","targetHints":{"allow":["GET"]}}],"collection":[{"href":"https:\/\/diariodominicano.com\/index.php?rest_route=\/wp\/v2\/posts"}],"about":[{"href":"https:\/\/diariodominicano.com\/index.php?rest_route=\/wp\/v2\/types\/post"}],"author":[{"embeddable":true,"href":"https:\/\/diariodominicano.com\/index.php?rest_route=\/wp\/v2\/users\/3"}],"replies":[{"embeddable":true,"href":"https:\/\/diariodominicano.com\/index.php?rest_route=%2Fwp%2Fv2%2Fcomments&post=190778"}],"version-history":[{"count":0,"href":"https:\/\/diariodominicano.com\/index.php?rest_route=\/wp\/v2\/posts\/190778\/revisions"}],"wp:attachment":[{"href":"https:\/\/diariodominicano.com\/index.php?rest_route=%2Fwp%2Fv2%2Fmedia&parent=190778"}],"wp:term":[{"taxonomy":"category","embeddable":true,"href":"https:\/\/diariodominicano.com\/index.php?rest_route=%2Fwp%2Fv2%2Fcategories&post=190778"},{"taxonomy":"post_tag","embeddable":true,"href":"https:\/\/diariodominicano.com\/index.php?rest_route=%2Fwp%2Fv2%2Ftags&post=190778"}],"curies":[{"name":"wp","href":"https:\/\/api.w.org\/{rel}","templated":true}]}}