{"id":190777,"date":"2008-04-23T16:08:13","date_gmt":"2008-04-23T16:08:13","guid":{"rendered":"http:\/\/diariodominicano.ddns.net\/?p=190777"},"modified":"2008-04-23T16:08:13","modified_gmt":"2008-04-23T16:08:13","slug":"el-gobierno-mantendra-medidas-para-proteger-a-los-consumidores","status":"publish","type":"post","link":"https:\/\/diariodominicano.com\/?p=190777","title":{"rendered":"El gobierno mantendr\u00e1 medidas para proteger a los consumidores"},"content":{"rendered":"<p><body><\/p>\n<p class=\"titulogrande1\"><strong>El  gobierno mantendr\u00e1 medidas para proteger a los consumidores<\/strong><\/p>\n<p>&#13;<\/p>\n<p align=\"justify\" class=\"text1noticias\"><strong><img loading=\"lazy\" decoding=\"async\" src=\"http:\/\/localhost:8080\/img\/francisco javier.jpg\" width=\"375\" height=\"192\" hspace=\"4\" align=\"left\" \/>SANTO DOMINGO.-<\/strong> La  coordinaci\u00f3n nacional de campa\u00f1a del Partido de la Liberaci\u00f3n Dominicana  (PLD) sostuvo este mi\u00e9rcoles que las medidas adoptadas por el gobierno para  proteger al consumidor dominicano de las alzas de precios y la especulaci\u00f3n con  productos de la canasta familiar se mantendr\u00e1n el tiempo que sea necesario. <\/p>\n<p>&#13;<\/p>\n<p align=\"justify\" class=\"text1noticias\">Francisco Javier  Garc\u00eda, coordinador de campa\u00f1a del presidente Leonel Fern\u00e1ndez Reyna llam\u00f3, al  empresariado, a los comerciantes, a los importadores y todos los sectores  productivos, a ser solidarios con su pa\u00eds manteniendo precios justos y  equilibrados.<\/p>\n<p>&#13;<\/p>\n<p align=\"justify\" class=\"text1noticias\">Se\u00f1al\u00f3 que un  factor que incide de manera directa en los precios es la crisis alimentaria que  afecta a la poblaci\u00f3n mundial debido a la b\u00fasqueda de alternativas a la crisis  del petr\u00f3leo.<\/p>\n<p>&#13;<\/p>\n<p align=\"justify\" class=\"text1noticias\">Dijo que el 80  por ciento de los alimentos que consume el pa\u00eds son de producci\u00f3n local lo que justifica  las pol\u00edticas gubernamentales de protecci\u00f3n al consumidor y al sector  productivo nacional.<\/p>\n<p>&#13;<\/p>\n<p align=\"justify\" class=\"text1noticias\">Indic\u00f3 que en  m\u00e1s de una ocasi\u00f3n el presidente Fern\u00e1ndez ha expresado su compromiso de garantizar  a los m\u00e1s pobres el derecho a \u00a0la salud,  educaci\u00f3n y fundamentalmente a la alimentaci\u00f3n.<\/p>\n<p>&#13;<\/p>\n<p align=\"justify\" class=\"text1noticias\"><strong>Encuesta <\/strong><\/p>\n<p>&#13;<\/p>\n<p align=\"justify\" class=\"text1noticias\">Garc\u00eda manifest\u00f3  que el panorama pol\u00edtico est\u00e1 definido en el ambiente electoral y no hay dudas  de que el resultado final est\u00e1 confirmado en la m\u00e1s reciente encuesta Gallup-Hoy,  que da al presidente Fern\u00e1ndez ganador con el 51.7\u00a0 por ciento de los votos el pr\u00f3ximo 16 de  mayo. \u00a0\u00a0\u00a0<\/p>\n<p>&#13;<\/p>\n<p align=\"justify\" class=\"text1noticias\">Asegur\u00f3 que de  acuerdo con la Gallup,  el 73.3 por ciento de la poblaci\u00f3n dominicana opina que el candidato del  Partido de la Liberaci\u00f3n Dominicana  (PLD), ganar\u00e1 la contienda electoral de mayo pr\u00f3ximo en la primera vuelta.<\/p>\n<p>&#13;<\/p>\n<p align=\"justify\" class=\"text1noticias\">Precis\u00f3 que la  encuesta confirma la consolidaci\u00f3n de la candidatura del presidente Leonel  Fern\u00e1ndez y las dem\u00e1s fuerzas pol\u00edticas integradas en el Bloque Progresista. <\/p>\n<p>&#13;<\/p>\n<p align=\"justify\" class=\"text1noticias\">Rechaz\u00f3 la  posibilidad de una segunda vuelta electoral alegando que el pueblo dominicano  ya tom\u00f3 la decisi\u00f3n de votar por el presidente Fern\u00e1ndez. <\/p>\n<p>&#13;<\/p>\n<h6> 2008-04-23 16:08:13 <\/h6>\n<p><!--\n<link rel=\"stylesheet\" href=\"css\/bootstrap.min.css\">\n\n\n<ul class=\"pagination\">\n\t    \n\t\n\n<li >\n\t<a href='?page_no=33524'>Previous<\/a>\n\t<\/li>\n\n\n       \n    \n\n<li><a href='?page_no=1'>1<\/a><\/li>\n\n\n\n<li><a href='?page_no=2'>2<\/a><\/li>\n\n\n\n<li><a>...<\/a><\/li>\n\n\n\n<li><a href='?page_no=33523'>33523<\/a><\/li>\n\n\n\n<li><a href='?page_no=33524'>33524<\/a><\/li>\n\n\n\n<li class='active'><a>33525<\/a><\/li>\n\n\n\n<li><a href='?page_no=33526'>33526<\/a><\/li>\n\n\n\n<li><a href='?page_no=33527'>33527<\/a><\/li>\n\n\n\n<li><a>...<\/a><\/li>\n\n\n\n<li><a href='?page_no=36999'>36999<\/a><\/li>\n\n\n\n<li><a href='?page_no=37000'>37000<\/a><\/li>\n\n    \n\t\n\n<li >\n\t<a href='?page_no=33526'>Next<\/a>\n\t<\/li>\n\n\n    \n\n<li><a href='?page_no=37000'>Last &rsaquo;&rsaquo;<\/a><\/li>\n\n<\/ul>\n\n\n--><br \/>\n<\/body><\/p>\n","protected":false},"excerpt":{"rendered":"<p>El gobierno mantendr\u00e1 medidas para proteger a los consumidores &#13; SANTO DOMINGO.- La coordinaci\u00f3n nacional de campa\u00f1a del Partido de la Liberaci\u00f3n Dominicana (PLD) sostuvo este mi\u00e9rcoles que las medidas adoptadas por el gobierno para proteger al consumidor dominicano de las alzas de precios y la especulaci\u00f3n con productos de la canasta familiar se mantendr\u00e1n [&hellip;]<\/p>\n","protected":false},"author":3,"featured_media":0,"comment_status":"open","ping_status":"open","sticky":false,"template":"","format":"standard","meta":{"footnotes":""},"categories":[22],"tags":[],"class_list":["post-190777","post","type-post","status-publish","format-standard","hentry","category-politica"],"_links":{"self":[{"href":"https:\/\/diariodominicano.com\/index.php?rest_route=\/wp\/v2\/posts\/190777","targetHints":{"allow":["GET"]}}],"collection":[{"href":"https:\/\/diariodominicano.com\/index.php?rest_route=\/wp\/v2\/posts"}],"about":[{"href":"https:\/\/diariodominicano.com\/index.php?rest_route=\/wp\/v2\/types\/post"}],"author":[{"embeddable":true,"href":"https:\/\/diariodominicano.com\/index.php?rest_route=\/wp\/v2\/users\/3"}],"replies":[{"embeddable":true,"href":"https:\/\/diariodominicano.com\/index.php?rest_route=%2Fwp%2Fv2%2Fcomments&post=190777"}],"version-history":[{"count":0,"href":"https:\/\/diariodominicano.com\/index.php?rest_route=\/wp\/v2\/posts\/190777\/revisions"}],"wp:attachment":[{"href":"https:\/\/diariodominicano.com\/index.php?rest_route=%2Fwp%2Fv2%2Fmedia&parent=190777"}],"wp:term":[{"taxonomy":"category","embeddable":true,"href":"https:\/\/diariodominicano.com\/index.php?rest_route=%2Fwp%2Fv2%2Fcategories&post=190777"},{"taxonomy":"post_tag","embeddable":true,"href":"https:\/\/diariodominicano.com\/index.php?rest_route=%2Fwp%2Fv2%2Ftags&post=190777"}],"curies":[{"name":"wp","href":"https:\/\/api.w.org\/{rel}","templated":true}]}}