{"id":190776,"date":"2008-04-23T16:29:02","date_gmt":"2008-04-23T16:29:02","guid":{"rendered":"http:\/\/diariodominicano.ddns.net\/?p=190776"},"modified":"2008-04-23T16:29:02","modified_gmt":"2008-04-23T16:29:02","slug":"bachelet-encabeza-consejo-de-gabinete-en-la-moneda","status":"publish","type":"post","link":"https:\/\/diariodominicano.com\/?p=190776","title":{"rendered":"Bachelet encabeza Consejo de gabinete en La Moneda"},"content":{"rendered":"<p><body><\/p>\n<p align=\"justify\"><span class=\"titulogrande1\">Bachelet encabeza Consejo de gabinete en La Moneda<\/span><br \/>&#13;<br \/>\n  <br \/>&#13;<br \/>\n    <span class=\"text1noticias\">La Mandataria cit\u00f3 a todos sus ministros a una reuni\u00f3n que  est\u00e1 marcada por los conflictos de Codelco, EFE, hospitales y la pol\u00e9mica por  la p\u00edldora.<br \/>&#13;<br \/>\n    <br \/>&#13;<br \/>\nCristi\u00e1n Chand\u00eda <\/span><\/p>\n<p>&#13;<\/p>\n<p align=\"justify\" class=\"text1noticias\">Foto: Ximena Navarro <br \/>&#13;<br \/>\n    <br \/>&#13;<br \/>\n    <img loading=\"lazy\" decoding=\"async\" src=\"http:\/\/localhost:8080\/img\/consejo gobierno.jpg\" width=\"375\" height=\"270\" hspace=\"4\" align=\"left\" \/>La Presidenta Michelle Bachelet convoc\u00f3 a todos sus  ministros a una reuni\u00f3n de gabinete esta ma\u00f1ana en La Moneda, para analizar los  diferentes temas que est\u00e1n marcando la agenda nacional durante estos d\u00edas y, de  acuerdo a lo que se ha informado, abordar lo que ser\u00e1 su discurso presidencial  el pr\u00f3ximo 21 de mayo.<br \/>&#13;<br \/>\n    <br \/>&#13;<br \/>\n    Ayer, al finalizar el d\u00eda, la Mandataria coloc\u00f3 en agenda  esta reuni\u00f3n, que tiene por primera vez entre sus asistentes a la flamante  ministra de Educaci\u00f3n, M\u00f3nica Jim\u00e9nez de la Jara. La secretaria de Estado lleg\u00f3  esta ma\u00f1ana a la sede presidencial de manera muy puntual, al igual que la  mayor\u00eda de los ministros.<br \/>&#13;<br \/>\n    <br \/>&#13;<br \/>\n    Uno de los que se dej\u00f3 ver en los pasillos de La Moneda fue  el ministro del Interior, Edmundo P\u00e9rez Yoma, quien antes de iniciar la jornada  con los ministros recibi\u00f3 su acostumbrado parte policial sobre lo ocurrido  durante la jornada nocturna en el pa\u00eds.<br \/>&#13;<br \/>\n    <br \/>&#13;<br \/>\n    Se espera que este Consejo de Gabinete se extienda al menos  por dos horas, ya que son varios los temas que Michelle Bachelet debe tratar  con todos sus ministros. Entre los m\u00e1s urgentes est\u00e1, sin duda, la reciente  pol\u00e9mica por la inauguraci\u00f3n del Hospital de Curepto, la salida de Yasna  Provoste de Educaci\u00f3n, las protestas y prohibici\u00f3n de la \u00abp\u00edldora del d\u00eda  despu\u00e9s\u00bb, as\u00ed como el conflicto en Codelco y las implicancias del caso  EFE.<\/p>\n<p>&#13;<br \/>\n&#13;<br \/>\nFuente: La Tercera de Chile<\/p>\n<h6> 2008-04-23 16:29:02 <\/h6>\n<p><!--\n<link rel=\"stylesheet\" href=\"css\/bootstrap.min.css\">\n\n\n<ul class=\"pagination\">\n\t    \n\t\n\n<li >\n\t<a href='?page_no=33523'>Previous<\/a>\n\t<\/li>\n\n\n       \n    \n\n<li><a href='?page_no=1'>1<\/a><\/li>\n\n\n\n<li><a href='?page_no=2'>2<\/a><\/li>\n\n\n\n<li><a>...<\/a><\/li>\n\n\n\n<li><a href='?page_no=33522'>33522<\/a><\/li>\n\n\n\n<li><a href='?page_no=33523'>33523<\/a><\/li>\n\n\n\n<li class='active'><a>33524<\/a><\/li>\n\n\n\n<li><a href='?page_no=33525'>33525<\/a><\/li>\n\n\n\n<li><a href='?page_no=33526'>33526<\/a><\/li>\n\n\n\n<li><a>...<\/a><\/li>\n\n\n\n<li><a href='?page_no=36999'>36999<\/a><\/li>\n\n\n\n<li><a href='?page_no=37000'>37000<\/a><\/li>\n\n    \n\t\n\n<li >\n\t<a href='?page_no=33525'>Next<\/a>\n\t<\/li>\n\n\n    \n\n<li><a href='?page_no=37000'>Last &rsaquo;&rsaquo;<\/a><\/li>\n\n<\/ul>\n\n\n--><br \/>\n<\/body><\/p>\n","protected":false},"excerpt":{"rendered":"<p>Bachelet encabeza Consejo de gabinete en La Moneda&#13; &#13; La Mandataria cit\u00f3 a todos sus ministros a una reuni\u00f3n que est\u00e1 marcada por los conflictos de Codelco, EFE, hospitales y la pol\u00e9mica por la p\u00edldora.&#13; &#13; Cristi\u00e1n Chand\u00eda &#13; Foto: Ximena Navarro &#13; &#13; La Presidenta Michelle Bachelet convoc\u00f3 a todos sus ministros a una [&hellip;]<\/p>\n","protected":false},"author":3,"featured_media":0,"comment_status":"open","ping_status":"open","sticky":false,"template":"","format":"standard","meta":{"footnotes":""},"categories":[22],"tags":[],"class_list":["post-190776","post","type-post","status-publish","format-standard","hentry","category-politica"],"_links":{"self":[{"href":"https:\/\/diariodominicano.com\/index.php?rest_route=\/wp\/v2\/posts\/190776","targetHints":{"allow":["GET"]}}],"collection":[{"href":"https:\/\/diariodominicano.com\/index.php?rest_route=\/wp\/v2\/posts"}],"about":[{"href":"https:\/\/diariodominicano.com\/index.php?rest_route=\/wp\/v2\/types\/post"}],"author":[{"embeddable":true,"href":"https:\/\/diariodominicano.com\/index.php?rest_route=\/wp\/v2\/users\/3"}],"replies":[{"embeddable":true,"href":"https:\/\/diariodominicano.com\/index.php?rest_route=%2Fwp%2Fv2%2Fcomments&post=190776"}],"version-history":[{"count":0,"href":"https:\/\/diariodominicano.com\/index.php?rest_route=\/wp\/v2\/posts\/190776\/revisions"}],"wp:attachment":[{"href":"https:\/\/diariodominicano.com\/index.php?rest_route=%2Fwp%2Fv2%2Fmedia&parent=190776"}],"wp:term":[{"taxonomy":"category","embeddable":true,"href":"https:\/\/diariodominicano.com\/index.php?rest_route=%2Fwp%2Fv2%2Fcategories&post=190776"},{"taxonomy":"post_tag","embeddable":true,"href":"https:\/\/diariodominicano.com\/index.php?rest_route=%2Fwp%2Fv2%2Ftags&post=190776"}],"curies":[{"name":"wp","href":"https:\/\/api.w.org\/{rel}","templated":true}]}}