{"id":190773,"date":"2008-04-23T19:30:40","date_gmt":"2008-04-23T19:30:40","guid":{"rendered":"http:\/\/diariodominicano.ddns.net\/?p=190773"},"modified":"2008-04-23T19:30:40","modified_gmt":"2008-04-23T19:30:40","slug":"ante-rumores-de-crisis-de-alimentos-candelier-dice-que-leonel-no-puede-enfrentarla-con-exito","status":"publish","type":"post","link":"https:\/\/diariodominicano.com\/?p=190773","title":{"rendered":"Ante rumores de crisis de alimentos Candelier, dice que Leonel no puede enfrentarla con \u00e9xito"},"content":{"rendered":"<p><body><\/p>\n<p align=\"justify\" class=\"titulogrande1\"><strong>Ante rumores de crisis de alimentos Candelier, dice que Leonel no  puede enfrentarla con \u00e9xito<\/strong><\/p>\n<p>&#13;<\/p>\n<p align=\"justify\" class=\"text1noticias\"><strong><img loading=\"lazy\" decoding=\"async\" src=\"http:\/\/localhost:8080\/img\/candelier.jpg\" width=\"375\" height=\"185\" hspace=\"4\" align=\"left\" \/>SANTO  DOMINGO.-<\/strong> El candidato  presidencial del Partido Alianza Popular (PAP), Pedro de Jes\u00fas Candelier  calific\u00f3 como una burla las maniobras politiqueras del gobierno para tratar de  bajar los precios de los comestibles en los supermercados y colmados del pa\u00eds. <\/p>\n<p>&#13;<\/p>\n<p align=\"justify\" class=\"text1noticias\">Candelier afirm\u00f3 que las subidas de los precios de los productos  alimenticios\u00a0 en el pa\u00eds se vienen  produci\u00e9ndose hace m\u00e1s de un a\u00f1o y el Banco Central ocultada cifras e incubada una  inflaci\u00f3n de m\u00e1s de dos cifras\u00a0 para  favorecer los prop\u00f3sitos reeleccionistas de Leonel Fern\u00e1ndez.<\/p>\n<p>&#13;<\/p>\n<p align=\"justify\" class=\"text1noticias\">\u201cLa crisis hay que verla en su amplio contexto dijo Candelier,  estamos en presencia\u00a0\u00a0 de una hambruna  que se desarrolla\u00a0 en medio de grandes  inversiones y gastos de guerra por parte de los Estados Unidos y las potencias  occidentales, mientras los cr\u00e9ditos y los financiamientos para la producci\u00f3n de  alimentos en los pa\u00edses pobres son elevados y escasamente\u00a0 existen y eso requiere de una respuesta  pol\u00edtica de los pueblo del mundo\u201d, asegur\u00f3 Candelier. <\/p>\n<p>&#13;<\/p>\n<p align=\"justify\" class=\"text1noticias\">Advirti\u00f3 que la situaci\u00f3n pol\u00edtica del pa\u00eds\u00a0 reclama de fuertes\u00a0 medidas pol\u00edticas y a su vez demanda de un  liderazgo fuerte y de firme voluntad para salir airosos de esta crisis planetaria  y\u00a0 que esta conducci\u00f3n pol\u00edtica\u00a0 sea capaz de garantizarle a los pobres  dominicanos alimentos seguros y de buena calidad.<\/p>\n<p>&#13;<\/p>\n<p align=\"justify\" class=\"text1noticias\">\u201cPor eso calificamos de burla al pueblo dominicano de Leonel  Fern\u00e1ndez\u00a0 que en medio de la crisis  alimenticia beneficia solo a\u00a0 los grandes  importadores con el suministro de d\u00f3lares y\u00a0  le garantiza\u00a0 escasa comida que  hay solo para los ricos de este pa\u00eds\u201d, resalt\u00f3 Candelier. <\/p>\n<p>&#13;<\/p>\n<p align=\"justify\" class=\"text1noticias\">La situaci\u00f3n pol\u00edtica del pa\u00eds se agrava por los afanes de un  presidente que quiere quedarse en el poder y recurre a medidas demag\u00f3gicas y  pocas serias para resolver la situaci\u00f3n de los alimentos y los precios en el  pa\u00eds y por ello inicia un proceso de persecuci\u00f3n pol\u00edtica que acompa\u00f1a con\u00a0 una lucha contra la libertad de prensa que se  caracteriza por amenazar a los medios que no le favorecen y as\u00ed tratar de  detener la voces que estamos en contra de sus maniobras politiqueras\u201d,  argument\u00f3 el pol\u00edtico. <\/p>\n<p>&#13;<\/p>\n<p align=\"justify\" class=\"text1noticias\">Dijo que \u201ceste gobierno y su presidente Leonel Fern\u00e1ndez est\u00e1n  descalificados para dirigir el pa\u00eds en estos dif\u00edciles momentos porque,  no tienen la coherencia pol\u00edtica, ni y el instrumento partidario,\u00a0 ni la base social para defender la comida de  los dominicanos pobres.<\/p>\n<p>&#13;<\/p>\n<p align=\"justify\" class=\"text1noticias\">\u201cPorque el partido del presidente Leonel Fern\u00e1ndez\u00a0 ha sido transformado por el , en un partido  \u201cz\u00e1ngano\u201d que perdi\u00f3 la\u00a0 capacidad  emotiva de luchar y la vocaci\u00f3n de servirle al pa\u00eds, y para salir bien de esta  crisis hay que derrotar a Leonel Fern\u00e1ndez\u00a0\u00a0y su proyecto reeleccionista\u201d, puntualiz\u00f3 Candelier.\u00a0 <\/p>\n<p>&#13;<\/p>\n<h6> 2008-04-23 19:30:40 <\/h6>\n<p><!--\n<link rel=\"stylesheet\" href=\"css\/bootstrap.min.css\">\n\n\n<ul class=\"pagination\">\n\t    \n\t\n\n<li >\n\t<a href='?page_no=33520'>Previous<\/a>\n\t<\/li>\n\n\n       \n    \n\n<li><a href='?page_no=1'>1<\/a><\/li>\n\n\n\n<li><a href='?page_no=2'>2<\/a><\/li>\n\n\n\n<li><a>...<\/a><\/li>\n\n\n\n<li><a href='?page_no=33519'>33519<\/a><\/li>\n\n\n\n<li><a href='?page_no=33520'>33520<\/a><\/li>\n\n\n\n<li class='active'><a>33521<\/a><\/li>\n\n\n\n<li><a href='?page_no=33522'>33522<\/a><\/li>\n\n\n\n<li><a href='?page_no=33523'>33523<\/a><\/li>\n\n\n\n<li><a>...<\/a><\/li>\n\n\n\n<li><a href='?page_no=36999'>36999<\/a><\/li>\n\n\n\n<li><a href='?page_no=37000'>37000<\/a><\/li>\n\n    \n\t\n\n<li >\n\t<a href='?page_no=33522'>Next<\/a>\n\t<\/li>\n\n\n    \n\n<li><a href='?page_no=37000'>Last &rsaquo;&rsaquo;<\/a><\/li>\n\n<\/ul>\n\n\n--><br \/>\n<\/body><\/p>\n","protected":false},"excerpt":{"rendered":"<p>Ante rumores de crisis de alimentos Candelier, dice que Leonel no puede enfrentarla con \u00e9xito &#13; SANTO DOMINGO.- El candidato presidencial del Partido Alianza Popular (PAP), Pedro de Jes\u00fas Candelier calific\u00f3 como una burla las maniobras politiqueras del gobierno para tratar de bajar los precios de los comestibles en los supermercados y colmados del pa\u00eds. [&hellip;]<\/p>\n","protected":false},"author":3,"featured_media":0,"comment_status":"open","ping_status":"open","sticky":false,"template":"","format":"standard","meta":{"footnotes":""},"categories":[22],"tags":[],"class_list":["post-190773","post","type-post","status-publish","format-standard","hentry","category-politica"],"_links":{"self":[{"href":"https:\/\/diariodominicano.com\/index.php?rest_route=\/wp\/v2\/posts\/190773","targetHints":{"allow":["GET"]}}],"collection":[{"href":"https:\/\/diariodominicano.com\/index.php?rest_route=\/wp\/v2\/posts"}],"about":[{"href":"https:\/\/diariodominicano.com\/index.php?rest_route=\/wp\/v2\/types\/post"}],"author":[{"embeddable":true,"href":"https:\/\/diariodominicano.com\/index.php?rest_route=\/wp\/v2\/users\/3"}],"replies":[{"embeddable":true,"href":"https:\/\/diariodominicano.com\/index.php?rest_route=%2Fwp%2Fv2%2Fcomments&post=190773"}],"version-history":[{"count":0,"href":"https:\/\/diariodominicano.com\/index.php?rest_route=\/wp\/v2\/posts\/190773\/revisions"}],"wp:attachment":[{"href":"https:\/\/diariodominicano.com\/index.php?rest_route=%2Fwp%2Fv2%2Fmedia&parent=190773"}],"wp:term":[{"taxonomy":"category","embeddable":true,"href":"https:\/\/diariodominicano.com\/index.php?rest_route=%2Fwp%2Fv2%2Fcategories&post=190773"},{"taxonomy":"post_tag","embeddable":true,"href":"https:\/\/diariodominicano.com\/index.php?rest_route=%2Fwp%2Fv2%2Ftags&post=190773"}],"curies":[{"name":"wp","href":"https:\/\/api.w.org\/{rel}","templated":true}]}}