{"id":190769,"date":"2008-04-24T00:34:41","date_gmt":"2008-04-24T00:34:41","guid":{"rendered":"http:\/\/diariodominicano.ddns.net\/?p=190769"},"modified":"2008-04-24T00:34:41","modified_gmt":"2008-04-24T00:34:41","slug":"sued-continua-en-proselitismo-rechaza-haya-poco-desempleo-santiago","status":"publish","type":"post","link":"https:\/\/diariodominicano.com\/?p=190769","title":{"rendered":"Sued continua en Proselitismo; Rechaza haya poco desempleo Santiago"},"content":{"rendered":"<p><body><\/p>\n<p class=\"titulogrande1\">Enrique Sued continua en Proselitismo;  rechaza haya poco desempleo Santiago<\/p>\n<p>&#13;<\/p>\n<p align=\"justify\" class=\"text1noticias\"><strong><img loading=\"lazy\" decoding=\"async\" src=\"http:\/\/localhost:8080\/img\/enrique sue.jpg\" width=\"375\" height=\"250\" hspace=\"4\" align=\"left\" \/>Santiago.-<\/strong> El candidato  vicepresidencial del Partido Reformista Social Cristiano, Jos\u00e9 Enrique Sued,  refut\u00f3 declaraciones del oficialismo que aseguran que esta ciudad es una de las  que registra la menor tasa de desempleo en el pa\u00eds.<\/p>\n<p>&#13;<\/p>\n<p align=\"justify\" class=\"text1noticias\">Sued calific\u00f3  dicha aseveraci\u00f3n como \u201cuna total falacia\u201d, en virtud de que la quiebra del  sector de Zona Franca, seg\u00fan su apreciaci\u00f3n, impact\u00f3 con dureza la econom\u00eda  local y regional.<\/p>\n<p>&#13;<\/p>\n<p align=\"justify\" class=\"text1noticias\">\u201cS\u00f3lo con los  masivos despidos que tuvieron que hacer los industriales quebrados de los  parques manufactureros, la tasa de desempleo es preocupante en Santiago y  pueblos del Cibao\u201d, opin\u00f3 el acompa\u00f1ante de boleta de Amable Aristy Castro.<\/p>\n<p>&#13;<\/p>\n<p align=\"justify\" class=\"text1noticias\">Para el  aspirante vicepresidencial reformista, si el gobierno desea medir la magnitud  del desempleo, provocado principalmente por la bancarrota de las empresas de  Zona Franca, s\u00f3lo tiene que consultar a los due\u00f1os de establecimientos  comerciales, quienes en los \u00faltimos meses han visto reducir significativamente  sus vol\u00famenes de ventas.<\/p>\n<p>&#13;<\/p>\n<p align=\"justify\" class=\"text1noticias\">Sued toc\u00f3 el  tema al t\u00e9rmino de un mano a mano y caravana que realiz\u00f3 en los sectores de  Cerro de Papat\u00edn y Reparto Peralta, en la Zona Sur de esta ciudad.<\/p>\n<p>&#13;<\/p>\n<p align=\"justify\" class=\"text1noticias\">\u201cEl desempleo es  uno de los flagelos que m\u00e1s est\u00e1 desesperando a los sectores de escasos  recursos econ\u00f3micos, por lo que no se puede confundir al pueblo, con  declaraciones de proselitismo reeleccionista\u201d, dijo Sued, s\u00edndico santiaguense  y candidato vicepresidencial reformista.<\/p>\n<p>&#13;<\/p>\n<p align=\"justify\" class=\"text1noticias\">En compa\u00f1\u00eda del  diputado Marino Collante, y los regidores Dilcia Rodr\u00edguez, Gladis Garc\u00eda,  Isidro Jim\u00e9nez, Juan de Dios Almonte y otros dirigentes de la organizaci\u00f3n  colorada, \u00a0el candidato vicepresidencial  exhort\u00f3 a los funcionarios del PLD \u201ca no tapar el sol con un dedo, sino aceptar  la realidad, reconociendo que la quiebra de Zona Franca ha incrementado  explosivamente el desempleo en el mercado laboral de Santiago, el Cibao y otras  regiones\u201d.<\/p>\n<p>&#13;<\/p>\n<p align=\"justify\" class=\"text1noticias\">Este jueves, el  acompa\u00f1ante de Aristy Castro tiene en agenda recorrer los distritos municipales  de Hato del Yaque y La Canela, entre otras localidades de la Zona Sur rural de  este municipio.<\/p>\n<p>&#13;<\/p>\n<h6> 2008-04-24 00:34:41 <\/h6>\n<p><!--\n<link rel=\"stylesheet\" href=\"css\/bootstrap.min.css\">\n\n\n<ul class=\"pagination\">\n\t    \n\t\n\n<li >\n\t<a href='?page_no=33516'>Previous<\/a>\n\t<\/li>\n\n\n       \n    \n\n<li><a href='?page_no=1'>1<\/a><\/li>\n\n\n\n<li><a href='?page_no=2'>2<\/a><\/li>\n\n\n\n<li><a>...<\/a><\/li>\n\n\n\n<li><a href='?page_no=33515'>33515<\/a><\/li>\n\n\n\n<li><a href='?page_no=33516'>33516<\/a><\/li>\n\n\n\n<li class='active'><a>33517<\/a><\/li>\n\n\n\n<li><a href='?page_no=33518'>33518<\/a><\/li>\n\n\n\n<li><a href='?page_no=33519'>33519<\/a><\/li>\n\n\n\n<li><a>...<\/a><\/li>\n\n\n\n<li><a href='?page_no=36999'>36999<\/a><\/li>\n\n\n\n<li><a href='?page_no=37000'>37000<\/a><\/li>\n\n    \n\t\n\n<li >\n\t<a href='?page_no=33518'>Next<\/a>\n\t<\/li>\n\n\n    \n\n<li><a href='?page_no=37000'>Last &rsaquo;&rsaquo;<\/a><\/li>\n\n<\/ul>\n\n\n--><br \/>\n<\/body><\/p>\n","protected":false},"excerpt":{"rendered":"<p>Enrique Sued continua en Proselitismo; rechaza haya poco desempleo Santiago &#13; Santiago.- El candidato vicepresidencial del Partido Reformista Social Cristiano, Jos\u00e9 Enrique Sued, refut\u00f3 declaraciones del oficialismo que aseguran que esta ciudad es una de las que registra la menor tasa de desempleo en el pa\u00eds. &#13; Sued calific\u00f3 dicha aseveraci\u00f3n como \u201cuna total falacia\u201d, [&hellip;]<\/p>\n","protected":false},"author":3,"featured_media":0,"comment_status":"open","ping_status":"open","sticky":false,"template":"","format":"standard","meta":{"footnotes":""},"categories":[22],"tags":[],"class_list":["post-190769","post","type-post","status-publish","format-standard","hentry","category-politica"],"_links":{"self":[{"href":"https:\/\/diariodominicano.com\/index.php?rest_route=\/wp\/v2\/posts\/190769","targetHints":{"allow":["GET"]}}],"collection":[{"href":"https:\/\/diariodominicano.com\/index.php?rest_route=\/wp\/v2\/posts"}],"about":[{"href":"https:\/\/diariodominicano.com\/index.php?rest_route=\/wp\/v2\/types\/post"}],"author":[{"embeddable":true,"href":"https:\/\/diariodominicano.com\/index.php?rest_route=\/wp\/v2\/users\/3"}],"replies":[{"embeddable":true,"href":"https:\/\/diariodominicano.com\/index.php?rest_route=%2Fwp%2Fv2%2Fcomments&post=190769"}],"version-history":[{"count":0,"href":"https:\/\/diariodominicano.com\/index.php?rest_route=\/wp\/v2\/posts\/190769\/revisions"}],"wp:attachment":[{"href":"https:\/\/diariodominicano.com\/index.php?rest_route=%2Fwp%2Fv2%2Fmedia&parent=190769"}],"wp:term":[{"taxonomy":"category","embeddable":true,"href":"https:\/\/diariodominicano.com\/index.php?rest_route=%2Fwp%2Fv2%2Fcategories&post=190769"},{"taxonomy":"post_tag","embeddable":true,"href":"https:\/\/diariodominicano.com\/index.php?rest_route=%2Fwp%2Fv2%2Ftags&post=190769"}],"curies":[{"name":"wp","href":"https:\/\/api.w.org\/{rel}","templated":true}]}}