{"id":190766,"date":"2008-04-24T02:44:46","date_gmt":"2008-04-24T02:44:46","guid":{"rendered":"http:\/\/diariodominicano.ddns.net\/?p=190766"},"modified":"2008-04-24T02:44:46","modified_gmt":"2008-04-24T02:44:46","slug":"uasd-y-fedomu-realizan-foro-de-municipalidad-con-candidatos-presidenciales","status":"publish","type":"post","link":"https:\/\/diariodominicano.com\/?p=190766","title":{"rendered":"UASD y Fedomu realizan Foro de Municipalidad con candidatos presidenciales"},"content":{"rendered":"<p><body><\/p>\n<p class=\"titulogrande1\"><strong>UASD  y Fedomu realizan Foro de Municipalidad con candidatos presidenciales\u00a0 <\/strong><\/p>\n<p>&#13;<\/p>\n<p align=\"justify\" class=\"text1noticias\"><strong><img loading=\"lazy\" decoding=\"async\" src=\"http:\/\/localhost:8080\/img\/candidatos.jpg\" width=\"375\" height=\"251\" hspace=\"4\" align=\"left\" \/>Santo Domingo.- <\/strong>La Universidad Aut\u00f3noma de Santo Domingo y  la Federaci\u00f3n Dominicana  de Municipios realizaron el foro titulado \u201cPropuesta de los candidatos  presidenciales sobre la descentralizaci\u00f3n y la municipalidad dominicana\u201d, en el  Auditorio Manuel del Cabral de la biblioteca Pedro Mir.<\/p>\n<p>&#13;<\/p>\n<p align=\"justify\" class=\"text1noticias\">Al ofrecer las palabras de  bienvenidas, el rector de la academia, doctor Franklin Garc\u00eda Ferm\u00edn, dijo que  el evento es una expresi\u00f3n de democracia en tiempos de elecciones.<\/p>\n<p>&#13;<\/p>\n<p align=\"justify\" class=\"text1noticias\">Record\u00f3 que corresponde a los  ciudadanos dominicanos\u00a0 decidir el  pr\u00f3ximo 16 de mayo los destinos del pa\u00eds, o el 30 de junio, en caso de que se  produzca una segunda vuelta electoral.<\/p>\n<p>&#13;<\/p>\n<p align=\"justify\" class=\"text1noticias\">El presidente de Fedomu,  Fausto Cruz, inform\u00f3 que esa instituci\u00f3n y la UASD decidieron celebrar este foro como una  especie de trascendencia a nivel hist\u00f3rico en los procesos electorales en la Rep\u00fablica Dominicana.<\/p>\n<p>&#13;<\/p>\n<p align=\"justify\" class=\"text1noticias\">El tambi\u00e9n s\u00edndico de La Vega\u00a0 dijo esperar que la colectividad dominicana  se vaya acostumbrando para hacer una verdadera conciencia de la necesidad que  conviene al desarrollo nacional y al fortalecimiento del nivel municipal.<\/p>\n<p>&#13;<\/p>\n<p align=\"justify\" class=\"text1noticias\">En el evento habl\u00f3 tambi\u00e9n  V\u00edctor de Aza, director ejecutivo de Fedomu, quien agradeci\u00f3 la presencia de  los candidatos que obtemperaron el llamado hecho por la UASD y esa instituci\u00f3n.<\/p>\n<p>&#13;<\/p>\n<p align=\"justify\" class=\"text1noticias\">Entre los candidatos que  asistieron a la actividad se destacaron Eduardo Estrella, por el Partido  Revolucionario Social Democr\u00e1tico, Guillermo Moreno, del Movimiento Unidad y  Cambio \u2013MIUCA- y Trajano Santana, del Partido Revolucionario Independiente.<\/p>\n<p>&#13;<\/p>\n<p align=\"justify\" class=\"text1noticias\">La actividad cont\u00f3 con la  presencia de pol\u00edticos, s\u00edndicos y regidores de distintos puntos del pa\u00eds, as\u00ed  como de profesores, empleados y estudiantes.\u00a0\u00a0 <\/p>\n<p>&#13;<\/p>\n<h6> 2008-04-24 02:44:46 <\/h6>\n<p><!--\n<link rel=\"stylesheet\" href=\"css\/bootstrap.min.css\">\n\n\n<ul class=\"pagination\">\n\t    \n\t\n\n<li >\n\t<a href='?page_no=33513'>Previous<\/a>\n\t<\/li>\n\n\n       \n    \n\n<li><a href='?page_no=1'>1<\/a><\/li>\n\n\n\n<li><a href='?page_no=2'>2<\/a><\/li>\n\n\n\n<li><a>...<\/a><\/li>\n\n\n\n<li><a href='?page_no=33512'>33512<\/a><\/li>\n\n\n\n<li><a href='?page_no=33513'>33513<\/a><\/li>\n\n\n\n<li class='active'><a>33514<\/a><\/li>\n\n\n\n<li><a href='?page_no=33515'>33515<\/a><\/li>\n\n\n\n<li><a href='?page_no=33516'>33516<\/a><\/li>\n\n\n\n<li><a>...<\/a><\/li>\n\n\n\n<li><a href='?page_no=36999'>36999<\/a><\/li>\n\n\n\n<li><a href='?page_no=37000'>37000<\/a><\/li>\n\n    \n\t\n\n<li >\n\t<a href='?page_no=33515'>Next<\/a>\n\t<\/li>\n\n\n    \n\n<li><a href='?page_no=37000'>Last &rsaquo;&rsaquo;<\/a><\/li>\n\n<\/ul>\n\n\n--><br \/>\n<\/body><\/p>\n","protected":false},"excerpt":{"rendered":"<p>UASD y Fedomu realizan Foro de Municipalidad con candidatos presidenciales\u00a0 &#13; Santo Domingo.- La Universidad Aut\u00f3noma de Santo Domingo y la Federaci\u00f3n Dominicana de Municipios realizaron el foro titulado \u201cPropuesta de los candidatos presidenciales sobre la descentralizaci\u00f3n y la municipalidad dominicana\u201d, en el Auditorio Manuel del Cabral de la biblioteca Pedro Mir. &#13; Al ofrecer [&hellip;]<\/p>\n","protected":false},"author":3,"featured_media":0,"comment_status":"open","ping_status":"open","sticky":false,"template":"","format":"standard","meta":{"footnotes":""},"categories":[22],"tags":[],"class_list":["post-190766","post","type-post","status-publish","format-standard","hentry","category-politica"],"_links":{"self":[{"href":"https:\/\/diariodominicano.com\/index.php?rest_route=\/wp\/v2\/posts\/190766","targetHints":{"allow":["GET"]}}],"collection":[{"href":"https:\/\/diariodominicano.com\/index.php?rest_route=\/wp\/v2\/posts"}],"about":[{"href":"https:\/\/diariodominicano.com\/index.php?rest_route=\/wp\/v2\/types\/post"}],"author":[{"embeddable":true,"href":"https:\/\/diariodominicano.com\/index.php?rest_route=\/wp\/v2\/users\/3"}],"replies":[{"embeddable":true,"href":"https:\/\/diariodominicano.com\/index.php?rest_route=%2Fwp%2Fv2%2Fcomments&post=190766"}],"version-history":[{"count":0,"href":"https:\/\/diariodominicano.com\/index.php?rest_route=\/wp\/v2\/posts\/190766\/revisions"}],"wp:attachment":[{"href":"https:\/\/diariodominicano.com\/index.php?rest_route=%2Fwp%2Fv2%2Fmedia&parent=190766"}],"wp:term":[{"taxonomy":"category","embeddable":true,"href":"https:\/\/diariodominicano.com\/index.php?rest_route=%2Fwp%2Fv2%2Fcategories&post=190766"},{"taxonomy":"post_tag","embeddable":true,"href":"https:\/\/diariodominicano.com\/index.php?rest_route=%2Fwp%2Fv2%2Ftags&post=190766"}],"curies":[{"name":"wp","href":"https:\/\/api.w.org\/{rel}","templated":true}]}}