{"id":190762,"date":"2008-04-24T18:46:32","date_gmt":"2008-04-24T18:46:32","guid":{"rendered":"http:\/\/diariodominicano.ddns.net\/?p=190762"},"modified":"2008-04-24T18:46:32","modified_gmt":"2008-04-24T18:46:32","slug":"udc-considera-que-el-dia-del-libro-debe-servir-para-abrir-guerra-contra-el-analfabetismo","status":"publish","type":"post","link":"https:\/\/diariodominicano.com\/?p=190762","title":{"rendered":"UDC considera que el D\u00eda del Libro debe servir para abrir guerra contra el analfabetismo"},"content":{"rendered":"<p><body><\/p>\n<p align=\"justify\" class=\"titulogrande1\"><strong>UDC considera que el D\u00eda del\u00a0  Libro debe servir para abrir  guerra contra el analfabetismo<\/strong><\/p>\n<p>&#13;<\/p>\n<p align=\"justify\" class=\"text1noticias\"><strong>SANTO  DOMINGO.- <\/strong>A prop\u00f3sito del D\u00eda del Libro el Partido Uni\u00f3n Dem\u00f3crata Cristiana (UDC)  se comprometi\u00f3 este jueves\u00a0 a lucha para  acabar con el analfabetismo en el pa\u00eds, y lograr que cada uno de los  dominicanos sepa leer y escribir y renueve sus esperanzas de un mundo mejor.<\/p>\n<p>&#13;<\/p>\n<p align=\"justify\" class=\"text1noticias\">Lu\u00eds  Acosta Moreta, \u201cEl Gallo\u201d, presidente de la UDC, dijo que uno de los grandes retos que tiene  por delante la sociedad dominicana, es abrir una guerra frontal al  analfabetismo.<\/p>\n<p>&#13;<\/p>\n<p align=\"justify\" class=\"text1noticias\">A\u00f1adi\u00f3  que la lectura y el amor a los libros, debe ser una de las pr\u00e9dicas constantes  de todos los dominicanos que tienen ideas desarrollistas, y que desean que el  progreso y el desarrollo nos llegue a todos.<\/p>\n<p>&#13;<\/p>\n<p align=\"justify\" class=\"text1noticias\">Agreg\u00f3  que fiel a ese predicado, los locales de la UDC en todo el pa\u00eds son dedicados a programas  educativos de alfabetizaci\u00f3n y de impartir cursos de manualidades.<\/p>\n<p>&#13;<\/p>\n<p align=\"justify\" class=\"text1noticias\">Resalt\u00f3  que hay decenas de mujeres, y j\u00f3venes que reciben instrucciones en diferentes  cursos pr\u00e1cticos, que los prepara para que puedan desempe\u00f1ar una ocupaci\u00f3n, y  de esa forma integrarse a la producci\u00f3n.<\/p>\n<p>&#13;<\/p>\n<p align=\"justify\" class=\"text1noticias\">Acosta  Moreta resalt\u00f3 que el partido Uni\u00f3n Dem\u00f3crata Cristiana tiene como texto  oficial de capacitaci\u00f3n comunitario el libro \u201cComportamiento C\u00edvico y de  Prevenci\u00f3n de Enfermedades\u201d.<\/p>\n<p>&#13;<\/p>\n<p align=\"justify\" class=\"text1noticias\">Dijo  que desde hace m\u00e1s de un a\u00f1o se han entregado miles de libros en todo el  territorio nacional, como forma de ayudar a concienciar a los dominicanos  sobre\u00a0 la moral y c\u00edvica.<\/p>\n<p>&#13;<\/p>\n<p align=\"justify\" class=\"text1noticias\">Destac\u00f3  que espera que en un futuro pr\u00f3ximo la moral y c\u00edvica sea de nuevo una materia  b\u00e1sica y fundamental en la escuela dominicana, por lo que desde ya hace su  aporte con \u201cComportamiento C\u00edvico y de Prevenci\u00f3n de Enfermedades\u201d.<\/p>\n<p>&#13;<\/p>\n<h6> 2008-04-24 18:46:32 <\/h6>\n<p><!--\n<link rel=\"stylesheet\" href=\"css\/bootstrap.min.css\">\n\n\n<ul class=\"pagination\">\n\t    \n\t\n\n<li >\n\t<a href='?page_no=33509'>Previous<\/a>\n\t<\/li>\n\n\n       \n    \n\n<li><a href='?page_no=1'>1<\/a><\/li>\n\n\n\n<li><a href='?page_no=2'>2<\/a><\/li>\n\n\n\n<li><a>...<\/a><\/li>\n\n\n\n<li><a href='?page_no=33508'>33508<\/a><\/li>\n\n\n\n<li><a href='?page_no=33509'>33509<\/a><\/li>\n\n\n\n<li class='active'><a>33510<\/a><\/li>\n\n\n\n<li><a href='?page_no=33511'>33511<\/a><\/li>\n\n\n\n<li><a href='?page_no=33512'>33512<\/a><\/li>\n\n\n\n<li><a>...<\/a><\/li>\n\n\n\n<li><a href='?page_no=36999'>36999<\/a><\/li>\n\n\n\n<li><a href='?page_no=37000'>37000<\/a><\/li>\n\n    \n\t\n\n<li >\n\t<a href='?page_no=33511'>Next<\/a>\n\t<\/li>\n\n\n    \n\n<li><a href='?page_no=37000'>Last &rsaquo;&rsaquo;<\/a><\/li>\n\n<\/ul>\n\n\n--><br \/>\n<\/body><\/p>\n","protected":false},"excerpt":{"rendered":"<p>UDC considera que el D\u00eda del\u00a0 Libro debe servir para abrir guerra contra el analfabetismo &#13; SANTO DOMINGO.- A prop\u00f3sito del D\u00eda del Libro el Partido Uni\u00f3n Dem\u00f3crata Cristiana (UDC) se comprometi\u00f3 este jueves\u00a0 a lucha para acabar con el analfabetismo en el pa\u00eds, y lograr que cada uno de los dominicanos sepa leer y [&hellip;]<\/p>\n","protected":false},"author":3,"featured_media":0,"comment_status":"open","ping_status":"open","sticky":false,"template":"","format":"standard","meta":{"footnotes":""},"categories":[22],"tags":[],"class_list":["post-190762","post","type-post","status-publish","format-standard","hentry","category-politica"],"_links":{"self":[{"href":"https:\/\/diariodominicano.com\/index.php?rest_route=\/wp\/v2\/posts\/190762","targetHints":{"allow":["GET"]}}],"collection":[{"href":"https:\/\/diariodominicano.com\/index.php?rest_route=\/wp\/v2\/posts"}],"about":[{"href":"https:\/\/diariodominicano.com\/index.php?rest_route=\/wp\/v2\/types\/post"}],"author":[{"embeddable":true,"href":"https:\/\/diariodominicano.com\/index.php?rest_route=\/wp\/v2\/users\/3"}],"replies":[{"embeddable":true,"href":"https:\/\/diariodominicano.com\/index.php?rest_route=%2Fwp%2Fv2%2Fcomments&post=190762"}],"version-history":[{"count":0,"href":"https:\/\/diariodominicano.com\/index.php?rest_route=\/wp\/v2\/posts\/190762\/revisions"}],"wp:attachment":[{"href":"https:\/\/diariodominicano.com\/index.php?rest_route=%2Fwp%2Fv2%2Fmedia&parent=190762"}],"wp:term":[{"taxonomy":"category","embeddable":true,"href":"https:\/\/diariodominicano.com\/index.php?rest_route=%2Fwp%2Fv2%2Fcategories&post=190762"},{"taxonomy":"post_tag","embeddable":true,"href":"https:\/\/diariodominicano.com\/index.php?rest_route=%2Fwp%2Fv2%2Ftags&post=190762"}],"curies":[{"name":"wp","href":"https:\/\/api.w.org\/{rel}","templated":true}]}}