{"id":190755,"date":"2008-04-25T01:03:04","date_gmt":"2008-04-25T01:03:04","guid":{"rendered":"http:\/\/diariodominicano.ddns.net\/?p=190755"},"modified":"2008-04-25T01:03:04","modified_gmt":"2008-04-25T01:03:04","slug":"leonel-encabeza-masiva-asamblea-de-dirigentes-para-trazar-fase-final-de-campana-politica","status":"publish","type":"post","link":"https:\/\/diariodominicano.com\/?p=190755","title":{"rendered":"Leonel encabeza masiva asamblea de dirigentes para trazar fase final de campa\u00f1a pol\u00edtica"},"content":{"rendered":"<p><body><\/p>\n<p align=\"justify\" class=\"titulogrande1\"><strong>Leonel  encabeza masiva asamblea de dirigentes para  trazar fase final de campa\u00f1a pol\u00edtica<\/strong><\/p>\n<p>&#13;<\/p>\n<p align=\"justify\" class=\"text1noticias\"><strong><img loading=\"lazy\" decoding=\"async\" src=\"http:\/\/localhost:8080\/img\/asamblea pld.jpg\" width=\"375\" height=\"254\" hspace=\"4\" align=\"left\" \/>SANTO DOMINGO.-<\/strong> El candidato presidencial del  Partido de la Liberaci\u00f3n Dominicana,  \u00a0doctor Leonel Fern\u00e1ndez, encabez\u00f3 este  jueves una asamblea nacional \u00a0de  dirigentes con el objetivo\u00a0 de trazar las  l\u00edneas generales en el tramo final del actual proceso electoral.<\/p>\n<p>&#13;<\/p>\n<p align=\"justify\" class=\"text1noticias\">Con gran entusiasmo, miles de presidentes de  comit\u00e9s intermedios,\u00a0 de campa\u00f1a  provincial y municipal, de circunscripciones, as\u00ed como los miembros de los comit\u00e9s  Pol\u00edtico y Central. Adem\u00e1s, asistieron a la asamblea, los principales  dirigentes de los partidos aliados, aglutinados en el Bloque Progresista. <\/p>\n<p>&#13;<\/p>\n<p align=\"justify\" class=\"text1noticias\">La reuni\u00f3n fue dirigida por el doctor  Fern\u00e1ndez, Reinaldo Pared P\u00e9rez, secretario general del PLD; el director de  Estrategias, Juan Tem\u00edstocles Mont\u00e1s y por el coordinador general del Comit\u00e9  Nacional de Campa\u00f1a, Francisco Javier Garc\u00eda. <\/p>\n<p>&#13;<\/p>\n<p align=\"justify\" class=\"text1noticias\">El doctor Fern\u00e1ndez clausur\u00f3 la asamblea,  exhortando a la dirigencia reunida a trabajar de forma tesonera en lo que resta  de campa\u00f1a electoral para ganar las pr\u00f3ximas elecciones y continuar dirigiendo  al pa\u00eds por la ruta del progreso y la estabilidad macroecon\u00f3mica. <\/p>\n<p>&#13;<\/p>\n<p align=\"justify\" class=\"text1noticias\">El acto masivo de la dirigencia pelede\u00edsta y  del Bloque Progresista se inici\u00f3 poco minutos despu\u00e9s de las cuatro de la tarde  en el Coliseo Carlos- Teo- Cruz, ubicado en el Ensanche La Fe.<\/p>\n<p>&#13;<\/p>\n<p align=\"justify\" class=\"text1noticias\"><strong>Encuentro para  trazar la fase final<\/strong><br \/>&#13;<br \/>\n  <br \/>&#13;<br \/>\n  De su lado, Jaime David Fern\u00e1ndez, ex  vicepresidente y miembro del Comit\u00e9 Pol\u00edtico del PLD, explic\u00f3 que se trat\u00f3 de  una asamblea de motivaci\u00f3n a la dirigencia del partido para trazar la  estrategia final donde se asumi\u00f3 un compromiso\u00a0  con el triunfo en las pr\u00f3ximas elecciones y afirm\u00f3 que \u201ctenemos que  ganar con el 60% de los votos\u201d.<\/p>\n<p>&#13;<\/p>\n<p align=\"justify\" class=\"text1noticias\">Dijo que ser\u00e1n premiados todos los organismos  del partido que aseguran que en sus mesas el candidato presidencial obtenga m\u00e1s  de un 60% de los votos.<\/p>\n<p>&#13;<\/p>\n<p align=\"justify\" class=\"text1noticias\">\u201cEl premio ser\u00e1 un reconocimiento simb\u00f3lico  que servir\u00e1 de est\u00edmulo a los compa\u00f1eros\u201d e inform\u00f3 que la candidatura del  doctor Fern\u00e1ndez cuenta con un 59% de la \u00a0intenci\u00f3n del voto es de 59%.<\/p>\n<p>&#13;<\/p>\n<p align=\"justify\" class=\"text1noticias\"><strong>Reuni\u00f3n para  afinar promoci\u00f3n <\/strong><\/p>\n<p>&#13;<\/p>\n<p align=\"justify\" class=\"text1noticias\">Reinaldo Pared P\u00e9rez, secretario general del  PLD, afirm\u00f3 que en el tramo final de la campa\u00f1a el partido morado decidi\u00f3 reunir a su dirigencia para impartir \u201clas  ultimas instrucciones en las \u00e1reas de propaganda, promoci\u00f3n y electoral\u201d.<\/p>\n<p>&#13;<\/p>\n<p align=\"justify\" class=\"text1noticias\">Agreg\u00f3 que fue una asamblea informativa y  orientadora para asegurar el triunfo del doctor Fern\u00e1ndez en la primera vuelta,  ya que todas las encuestas as\u00ed lo confirman.<\/p>\n<p>&#13;<\/p>\n<h6> 2008-04-25 01:03:04 <\/h6>\n<p><!--\n<link rel=\"stylesheet\" href=\"css\/bootstrap.min.css\">\n\n\n<ul class=\"pagination\">\n\t    \n\t\n\n<li >\n\t<a href='?page_no=33502'>Previous<\/a>\n\t<\/li>\n\n\n       \n    \n\n<li><a href='?page_no=1'>1<\/a><\/li>\n\n\n\n<li><a href='?page_no=2'>2<\/a><\/li>\n\n\n\n<li><a>...<\/a><\/li>\n\n\n\n<li><a href='?page_no=33501'>33501<\/a><\/li>\n\n\n\n<li><a href='?page_no=33502'>33502<\/a><\/li>\n\n\n\n<li class='active'><a>33503<\/a><\/li>\n\n\n\n<li><a href='?page_no=33504'>33504<\/a><\/li>\n\n\n\n<li><a href='?page_no=33505'>33505<\/a><\/li>\n\n\n\n<li><a>...<\/a><\/li>\n\n\n\n<li><a href='?page_no=36999'>36999<\/a><\/li>\n\n\n\n<li><a href='?page_no=37000'>37000<\/a><\/li>\n\n    \n\t\n\n<li >\n\t<a href='?page_no=33504'>Next<\/a>\n\t<\/li>\n\n\n    \n\n<li><a href='?page_no=37000'>Last &rsaquo;&rsaquo;<\/a><\/li>\n\n<\/ul>\n\n\n--><br \/>\n<\/body><\/p>\n","protected":false},"excerpt":{"rendered":"<p>Leonel encabeza masiva asamblea de dirigentes para trazar fase final de campa\u00f1a pol\u00edtica &#13; SANTO DOMINGO.- El candidato presidencial del Partido de la Liberaci\u00f3n Dominicana, \u00a0doctor Leonel Fern\u00e1ndez, encabez\u00f3 este jueves una asamblea nacional \u00a0de dirigentes con el objetivo\u00a0 de trazar las l\u00edneas generales en el tramo final del actual proceso electoral. &#13; Con gran [&hellip;]<\/p>\n","protected":false},"author":3,"featured_media":0,"comment_status":"open","ping_status":"open","sticky":false,"template":"","format":"standard","meta":{"footnotes":""},"categories":[22],"tags":[],"class_list":["post-190755","post","type-post","status-publish","format-standard","hentry","category-politica"],"_links":{"self":[{"href":"https:\/\/diariodominicano.com\/index.php?rest_route=\/wp\/v2\/posts\/190755","targetHints":{"allow":["GET"]}}],"collection":[{"href":"https:\/\/diariodominicano.com\/index.php?rest_route=\/wp\/v2\/posts"}],"about":[{"href":"https:\/\/diariodominicano.com\/index.php?rest_route=\/wp\/v2\/types\/post"}],"author":[{"embeddable":true,"href":"https:\/\/diariodominicano.com\/index.php?rest_route=\/wp\/v2\/users\/3"}],"replies":[{"embeddable":true,"href":"https:\/\/diariodominicano.com\/index.php?rest_route=%2Fwp%2Fv2%2Fcomments&post=190755"}],"version-history":[{"count":0,"href":"https:\/\/diariodominicano.com\/index.php?rest_route=\/wp\/v2\/posts\/190755\/revisions"}],"wp:attachment":[{"href":"https:\/\/diariodominicano.com\/index.php?rest_route=%2Fwp%2Fv2%2Fmedia&parent=190755"}],"wp:term":[{"taxonomy":"category","embeddable":true,"href":"https:\/\/diariodominicano.com\/index.php?rest_route=%2Fwp%2Fv2%2Fcategories&post=190755"},{"taxonomy":"post_tag","embeddable":true,"href":"https:\/\/diariodominicano.com\/index.php?rest_route=%2Fwp%2Fv2%2Ftags&post=190755"}],"curies":[{"name":"wp","href":"https:\/\/api.w.org\/{rel}","templated":true}]}}