{"id":190753,"date":"2008-04-25T03:42:14","date_gmt":"2008-04-25T03:42:14","guid":{"rendered":"http:\/\/diariodominicano.ddns.net\/?p=190753"},"modified":"2008-04-25T03:42:14","modified_gmt":"2008-04-25T03:42:14","slug":"afirma-alzas-de-precios-favorecieron-al-candidato-presidencial-del-prd","status":"publish","type":"post","link":"https:\/\/diariodominicano.com\/?p=190753","title":{"rendered":"Afirma alzas de precios favorecieron al candidato presidencial del PRD"},"content":{"rendered":"<p><body><\/p>\n<p class=\"titulogrande1\">Afirma alzas de precios favorecieron al candidato  presidencial del PRD<\/p>\n<p>&#13;<\/p>\n<p align=\"justify\" class=\"text1noticias\"><strong>SANTO DOMINGO.-<\/strong> Francisco Javier Garc\u00eda, coordinador  General del Comit\u00e9 Nacional de Campa\u00f1a  del Partido de la Liberaci\u00f3n Dominicana, proyect\u00f3\u00a0 que los dos puntos porcentuales\u00a0 que\u00a0 el  candidato del PRD, consigui\u00f3 en la reci\u00e9n encuesta de la firma Gallup se debi\u00f3 al espiral en los precios creada de  manera artificial y a costa de otras candidaturas que redujo su intenci\u00f3n de  voto.<\/p>\n<p>&#13;<\/p>\n<p align=\"justify\" class=\"text1noticias\">Prev\u00e9 Garc\u00eda que eso  puntos comenzar\u00e1n a bajar en una nueva medici\u00f3n, ya que la situaci\u00f3n especulativa en los precios de los  art\u00edculos de primera necesidad, que lo favoreci\u00f3,\u00a0  ya ha comenzado a cambiar.<\/p>\n<p>&#13;<\/p>\n<p align=\"justify\" class=\"text1noticias\">El miembro del Comit\u00e9 Pol\u00edtico pelede\u00edsta manifest\u00f3 que el  PRD considera que la oleada en los precios de los productos de primera  necesidad motiv\u00f3 que se obtuvieran apenas\u00a0esos dos puntos.<\/p>\n<p>&#13;<\/p>\n<p align=\"justify\" class=\"text1noticias\">Se\u00f1al\u00f3 que esa situaci\u00f3n fue aprovechada por el PRD para, a  trav\u00e9s de todos sus voceros, iniciar  un proceso de agitaci\u00f3n, y dar la sensaci\u00f3n de que esa situaci\u00f3n era \u00abla de nunca acabar\u00bb.<\/p>\n<p>&#13;<\/p>\n<p align=\"justify\" class=\"text1noticias\">Indic\u00f3 que en ese escenario se aplic\u00f3 la encuesta y aun as\u00ed  el Presidente Leonel Fern\u00e1ndez obtiene 52 por ciento, al igual que en el  mes de febrero, lo que demuestra que el candidato del PLD tiene una simpat\u00eda  absolutamente consolidada.<\/p>\n<p>&#13;<\/p>\n<p align=\"justify\" class=\"text1noticias\">Reiter\u00f3 que Miguel Vargas Maldonado es el candidato m\u00e1s  malo que ha tenido el PRD en toda su historia pol\u00edtica y que su afirmaci\u00f3n se consolida con los  resultados de la encuesta Gallup, debido a que en nueve meses s\u00f3lo ha crecido dos puntos en la simpat\u00eda del electorado.<\/p>\n<p>&#13;<\/p>\n<p align=\"justify\" class=\"text1noticias\">El alto dirigente declar\u00f3 que contrario al 52 por ciento con  que cuenta la candidatura del Presidente Leonel Fern\u00e1ndez que se ha  consolidado, que es el objetivo fundamental del PLD en este momento.<\/p>\n<p>&#13;<\/p>\n<p align=\"justify\" class=\"text1noticias\">Dijo que en la encuesta de la Gallup de agosto de 2007,\u00a0 Miguel Vargas obtuvo 35 por ciento; y Amable Aristy Castro 14 por ciento;  mientras que en la \u00faltima encuesta de esa firma el candidato perrede\u00edsta  obtuvo 37 por ciento y Amable Aristy, cuatro por ciento.<\/p>\n<p>&#13;<\/p>\n<p align=\"justify\" class=\"text1noticias\">\u00ab\u00bfQu\u00e9 quiere decir eso?: que de los diez puntos que ha  perdido amble Aristy, Miguel Vargas ha tomado dos puntos para \u00e9l y Leonel  Fern\u00e1ndez ocho puntos, o sea que el candidato del PLD ha recibido el apoyo del  80 por ciento de las personas que en el mes de agosto del 2007 quer\u00edan votar por  el PRSC\u00bb, precis\u00f3 francisco Javier Garc\u00eda.<\/p>\n<p>&#13;<\/p>\n<p align=\"justify\" class=\"text1noticias\">Aclar\u00f3 que la encuesta se\u00f1ala alrededor de un cuatro por  ciento de votantes indecisos, que se distribuye proporcionalmente entre los  partidos, lo que llevar\u00eda al candidato pelede\u00edsta a un 54 por ciento.<\/p>\n<p>&#13;<\/p>\n<p align=\"justify\" class=\"text1noticias\">Francisco Javier Garc\u00eda record\u00f3 que en la \u00faltima encuesta  realizada por la Gallup el 12 de mayo de 2004, el presidente Leonel Fern\u00e1ndez  sac\u00f3 53 por ciento limpio.<\/p>\n<p>&#13;<\/p>\n<p align=\"justify\" class=\"text1noticias\">\u00abCon 53 por ciento en la encuesta Gallup, como hay un  efecto de cola positivo para el que est\u00e1 en primer lugar, Leonel Fern\u00e1ndez  obtuvo una votaci\u00f3n del 57 por ciento.\u00a0\u00a0Cu\u00e1nto entonces sacar\u00e1 Leonel teniendo un 54 por ciento en la encuesta Gallup de cara al 16 de mayo, por  lo menos un 59 por ciento\u00bb, asegur\u00f3 el dirigente pelede\u00edsta.<\/p>\n<p>&#13;<\/p>\n<p align=\"justify\" class=\"text1noticias\">El coordinador de campa\u00f1a del PLD se\u00f1al\u00f3 que si se suman los  puntos obtenidos por Miguel Vargas y Amable Aristy en la encuesta  llegan a un 41 por ciento.<\/p>\n<p>&#13;<\/p>\n<p align=\"justify\" class=\"text1noticias\">Dijo que eso indica que, a pesar de que la encuesta se  aplic\u00f3 en medio de una crisis, la oposici\u00f3n junta baj\u00f3 un punto en la simpat\u00eda  del electorado, lo que quiere decir que la candidatura de Leonel Fern\u00e1ndez  ha sobrepasado la parte m\u00e1s negativa de la contienda electoral.<\/p>\n<p>&#13;<\/p>\n<p align=\"justify\" class=\"text1noticias\">Expres\u00f3 que otros datos que arrojan las encuestas es que  cuando se cuestion\u00f3 a la gente sobre qui\u00e9n cre\u00edan que ser\u00eda\u00a0 el pr\u00f3ximo presidente la Rep\u00fablica, 2.5 contestaron que Amable Aristy; 29 por ciento Miguel  Vargas; 59.2 dijeron que Leonel Fern\u00e1ndez; y 8 por ciento estaban  indecisos.<\/p>\n<p>&#13;<\/p>\n<h6> 2008-04-25 03:42:14 <\/h6>\n<p><!--\n<link rel=\"stylesheet\" href=\"css\/bootstrap.min.css\">\n\n\n<ul class=\"pagination\">\n\t    \n\t\n\n<li >\n\t<a href='?page_no=33500'>Previous<\/a>\n\t<\/li>\n\n\n       \n    \n\n<li><a href='?page_no=1'>1<\/a><\/li>\n\n\n\n<li><a href='?page_no=2'>2<\/a><\/li>\n\n\n\n<li><a>...<\/a><\/li>\n\n\n\n<li><a href='?page_no=33499'>33499<\/a><\/li>\n\n\n\n<li><a href='?page_no=33500'>33500<\/a><\/li>\n\n\n\n<li class='active'><a>33501<\/a><\/li>\n\n\n\n<li><a href='?page_no=33502'>33502<\/a><\/li>\n\n\n\n<li><a href='?page_no=33503'>33503<\/a><\/li>\n\n\n\n<li><a>...<\/a><\/li>\n\n\n\n<li><a href='?page_no=36999'>36999<\/a><\/li>\n\n\n\n<li><a href='?page_no=37000'>37000<\/a><\/li>\n\n    \n\t\n\n<li >\n\t<a href='?page_no=33502'>Next<\/a>\n\t<\/li>\n\n\n    \n\n<li><a href='?page_no=37000'>Last &rsaquo;&rsaquo;<\/a><\/li>\n\n<\/ul>\n\n\n--><br \/>\n<\/body><\/p>\n","protected":false},"excerpt":{"rendered":"<p>Afirma alzas de precios favorecieron al candidato presidencial del PRD &#13; SANTO DOMINGO.- Francisco Javier Garc\u00eda, coordinador General del Comit\u00e9 Nacional de Campa\u00f1a del Partido de la Liberaci\u00f3n Dominicana, proyect\u00f3\u00a0 que los dos puntos porcentuales\u00a0 que\u00a0 el candidato del PRD, consigui\u00f3 en la reci\u00e9n encuesta de la firma Gallup se debi\u00f3 al espiral en los [&hellip;]<\/p>\n","protected":false},"author":3,"featured_media":0,"comment_status":"open","ping_status":"open","sticky":false,"template":"","format":"standard","meta":{"footnotes":""},"categories":[22],"tags":[],"class_list":["post-190753","post","type-post","status-publish","format-standard","hentry","category-politica"],"_links":{"self":[{"href":"https:\/\/diariodominicano.com\/index.php?rest_route=\/wp\/v2\/posts\/190753","targetHints":{"allow":["GET"]}}],"collection":[{"href":"https:\/\/diariodominicano.com\/index.php?rest_route=\/wp\/v2\/posts"}],"about":[{"href":"https:\/\/diariodominicano.com\/index.php?rest_route=\/wp\/v2\/types\/post"}],"author":[{"embeddable":true,"href":"https:\/\/diariodominicano.com\/index.php?rest_route=\/wp\/v2\/users\/3"}],"replies":[{"embeddable":true,"href":"https:\/\/diariodominicano.com\/index.php?rest_route=%2Fwp%2Fv2%2Fcomments&post=190753"}],"version-history":[{"count":0,"href":"https:\/\/diariodominicano.com\/index.php?rest_route=\/wp\/v2\/posts\/190753\/revisions"}],"wp:attachment":[{"href":"https:\/\/diariodominicano.com\/index.php?rest_route=%2Fwp%2Fv2%2Fmedia&parent=190753"}],"wp:term":[{"taxonomy":"category","embeddable":true,"href":"https:\/\/diariodominicano.com\/index.php?rest_route=%2Fwp%2Fv2%2Fcategories&post=190753"},{"taxonomy":"post_tag","embeddable":true,"href":"https:\/\/diariodominicano.com\/index.php?rest_route=%2Fwp%2Fv2%2Ftags&post=190753"}],"curies":[{"name":"wp","href":"https:\/\/api.w.org\/{rel}","templated":true}]}}