{"id":190751,"date":"2008-04-25T04:13:17","date_gmt":"2008-04-25T04:13:17","guid":{"rendered":"http:\/\/diariodominicano.ddns.net\/?p=190751"},"modified":"2008-04-25T04:13:17","modified_gmt":"2008-04-25T04:13:17","slug":"lanzaran-movimiento-productores-tabaco-con-leonel","status":"publish","type":"post","link":"https:\/\/diariodominicano.com\/?p=190751","title":{"rendered":"Lanzar\u00e1n Movimiento Productores Tabaco con Leonel"},"content":{"rendered":"<p><body><\/p>\n<p align=\"justify\"><span class=\"titulogrande1\">Lanzar\u00e1n  Movimiento Productores Tabaco con Leonel<\/span><br \/>&#13;<br \/>\n  <br \/>&#13;<br \/>\n    <span class=\"text1noticias\"><strong><img loading=\"lazy\" decoding=\"async\" src=\"http:\/\/localhost:8080\/img\/productores.jpg\" width=\"375\" height=\"257\" hspace=\"4\" align=\"left\" \/>Villa Gonz\u00e1lez.-<\/strong>  Con la  participaci\u00f3n de m\u00e1s de mil productores de tabaco \u00a0de todo el pa\u00eds ser\u00e1 lanzado el pr\u00f3ximo s\u00e1bado  26 de Abril, a las diez de la ma\u00f1ana el  movimiento agrario Productores de Tabaco con Leonel.<br \/>&#13;<br \/>\n    <br \/>&#13;<br \/>\n    La decisi\u00f3n fue  tomada despu\u00e9s de haber organizado las representaciones de San V\u00edctor, Canca,  Navarrete, La Vega,  \u00a0San Jos\u00e9 de la Mata, Valverde Mao y los  dem\u00e1s municipios tabacaleros del pa\u00eds.<br \/>&#13;<br \/>\n    <br \/>&#13;<br \/>\n    El concurso de  los diferentes movimientos en cada  comunidad, culminar\u00e1 con la juramentaci\u00f3n  de una sola directiva para todos los productores de tabaco del pa\u00eds.<br \/>&#13;<br \/>\n    <br \/>&#13;<br \/>\n    Con este  lanzamiento se comprobar\u00e1 lo dicho reiteradamente por las autoridades del  sector de que en el tabaco se esta trabajando para los cosecheros y que los  recursos del sector se utilizan al servicio de los mismos.<br \/>&#13;<br \/>\n    <br \/>&#13;<br \/>\n    La directiva  electa por los diferentes delegados del todo el pa\u00eds esta presidida por\u00a0 Juan Francisco Pe\u00f1a como presidente, Manuel Gonz\u00e1lez  y Juan\u00a0 Francisco Cabrera como primero y  segundo vicepresidentes.<br \/>&#13;<br \/>\n    <br \/>&#13;<br \/>\n    Adem\u00e1s son  miembros de la directiva\u00a0 la se\u00f1ora  Paulina Garc\u00eda, Joel Reyes\u00a0 y Francisco Fern\u00e1ndez,  entre otros miembros y asesores de dicho movimiento  de apoyo a la reelecci\u00f3n del Presidente Fern\u00e1ndez.<br \/>&#13;<br \/>\n    <br \/>&#13;<br \/>\n    Por su parte el  presidente de la naciente entidad que agrupa a la mayor\u00eda de los productores de  tabaco del pa\u00eds se\u00f1al\u00f3 que trabajaran d\u00eda y noche formando los grupos de apoyo  de cada comunidad tabacalera y que el pr\u00f3ximo s\u00e1bado se sabr\u00e1 quien tiene los  tabaqueros a su favor.<br \/>&#13;<br \/>\n    <br \/>&#13;<br \/>\n    Garantiz\u00f3 que m\u00e1s  de mil representantes de todo el pa\u00eds estar\u00e1n presentes y que los  salones del Hotel Matum quedaran peque\u00f1os a la cantidad de productores de  tabaco que se sienten identificado con la obra de gobierno del presidente Leonel  Fern\u00e1ndez.<br \/>&#13;<br \/>\n    <br \/>&#13;<br \/>\n    Convoc\u00f3 el  presidente de dicha organizaci\u00f3n a los productores de tabaco a seguir con m\u00e1s  fe los planes del gobierno de favorecer a los\u00a0tabaqueros del pa\u00eds.<br \/>&#13;<br \/>\n    <br \/>&#13;<br \/>\nLa reuni\u00f3n de  los productores de tabaco se realiz\u00f3 en la comunidad de Villa Gonz\u00e1lez y reuni\u00f3  delegaciones de productores de las principales zonas tabacaleras del pa\u00eds.<\/span><\/p>\n<p>&#13;<\/p>\n<h6> 2008-04-25 04:13:17 <\/h6>\n<p><!--\n<link rel=\"stylesheet\" href=\"css\/bootstrap.min.css\">\n\n\n<ul class=\"pagination\">\n\t    \n\t\n\n<li >\n\t<a href='?page_no=33498'>Previous<\/a>\n\t<\/li>\n\n\n       \n    \n\n<li><a href='?page_no=1'>1<\/a><\/li>\n\n\n\n<li><a href='?page_no=2'>2<\/a><\/li>\n\n\n\n<li><a>...<\/a><\/li>\n\n\n\n<li><a href='?page_no=33497'>33497<\/a><\/li>\n\n\n\n<li><a href='?page_no=33498'>33498<\/a><\/li>\n\n\n\n<li class='active'><a>33499<\/a><\/li>\n\n\n\n<li><a href='?page_no=33500'>33500<\/a><\/li>\n\n\n\n<li><a href='?page_no=33501'>33501<\/a><\/li>\n\n\n\n<li><a>...<\/a><\/li>\n\n\n\n<li><a href='?page_no=36999'>36999<\/a><\/li>\n\n\n\n<li><a href='?page_no=37000'>37000<\/a><\/li>\n\n    \n\t\n\n<li >\n\t<a href='?page_no=33500'>Next<\/a>\n\t<\/li>\n\n\n    \n\n<li><a href='?page_no=37000'>Last &rsaquo;&rsaquo;<\/a><\/li>\n\n<\/ul>\n\n\n--><br \/>\n<\/body><\/p>\n","protected":false},"excerpt":{"rendered":"<p>Lanzar\u00e1n Movimiento Productores Tabaco con Leonel&#13; &#13; Villa Gonz\u00e1lez.- Con la participaci\u00f3n de m\u00e1s de mil productores de tabaco \u00a0de todo el pa\u00eds ser\u00e1 lanzado el pr\u00f3ximo s\u00e1bado 26 de Abril, a las diez de la ma\u00f1ana el movimiento agrario Productores de Tabaco con Leonel.&#13; &#13; La decisi\u00f3n fue tomada despu\u00e9s de haber organizado las [&hellip;]<\/p>\n","protected":false},"author":3,"featured_media":0,"comment_status":"open","ping_status":"open","sticky":false,"template":"","format":"standard","meta":{"footnotes":""},"categories":[22],"tags":[],"class_list":["post-190751","post","type-post","status-publish","format-standard","hentry","category-politica"],"_links":{"self":[{"href":"https:\/\/diariodominicano.com\/index.php?rest_route=\/wp\/v2\/posts\/190751","targetHints":{"allow":["GET"]}}],"collection":[{"href":"https:\/\/diariodominicano.com\/index.php?rest_route=\/wp\/v2\/posts"}],"about":[{"href":"https:\/\/diariodominicano.com\/index.php?rest_route=\/wp\/v2\/types\/post"}],"author":[{"embeddable":true,"href":"https:\/\/diariodominicano.com\/index.php?rest_route=\/wp\/v2\/users\/3"}],"replies":[{"embeddable":true,"href":"https:\/\/diariodominicano.com\/index.php?rest_route=%2Fwp%2Fv2%2Fcomments&post=190751"}],"version-history":[{"count":0,"href":"https:\/\/diariodominicano.com\/index.php?rest_route=\/wp\/v2\/posts\/190751\/revisions"}],"wp:attachment":[{"href":"https:\/\/diariodominicano.com\/index.php?rest_route=%2Fwp%2Fv2%2Fmedia&parent=190751"}],"wp:term":[{"taxonomy":"category","embeddable":true,"href":"https:\/\/diariodominicano.com\/index.php?rest_route=%2Fwp%2Fv2%2Fcategories&post=190751"},{"taxonomy":"post_tag","embeddable":true,"href":"https:\/\/diariodominicano.com\/index.php?rest_route=%2Fwp%2Fv2%2Ftags&post=190751"}],"curies":[{"name":"wp","href":"https:\/\/api.w.org\/{rel}","templated":true}]}}