{"id":173943,"date":"2020-11-27T17:29:34","date_gmt":"2020-11-27T17:29:34","guid":{"rendered":"http:\/\/diariodominicano.ddns.net\/?p=173943"},"modified":"2020-11-27T17:29:34","modified_gmt":"2020-11-27T17:29:34","slug":"alejandrina-german-afirma-enlaces-del-pld-han-hecho-un-gran-trabajo-para-el-ix-congreso","status":"publish","type":"post","link":"https:\/\/diariodominicano.com\/?p=173943","title":{"rendered":"Alejandrina Germ\u00e1n afirma enlaces del PLD han hecho un gran trabajo para el IX Congreso"},"content":{"rendered":"<p><body><\/p>\n<p><img decoding=\"async\" src=\"img3\/alejandrina27-11-20.JPG\" \/>  <\/p>\n<p><strong><span class=\"text1noticias\">diariodominicano.com<\/span><\/strong><\/p>\n<p><strong> <\/strong><\/p>\n<p><strong><span class=\"text1noticias\">Santo Domingo, R. D., 27 de noviembre, 2020.- <\/span><\/strong><span class=\"text1noticias\">Alejandrina Germ\u00e1n, integrante del Comit\u00e9 Pol\u00edtico y de la comisi\u00f3n organizadora del IX Congreso del Partido de la Liberaci\u00f3n Dominicana (PLD), destac\u00f3 rol de los Enlaces del evento partidario y su empe\u00f1o para que se cumpla el lema \u00abHacia la Transformaci\u00f3n y el Fortalecimiento de la Identidad Partidaria\u00bb. <\/span><\/p>\n<p><span class=\"text1noticias\"> <\/span><\/p>\n<p><span class=\"text1noticias\">Hizo la afirmaci\u00f3n en las palabras introductorias de una Asamblea de informaci\u00f3n  para Enlaces regionales, provinciales y municipales del IX Congreso Jos\u00e9 Joaqu\u00edn Bid\u00f3 Medina, celebrada este viernes en la sede morada, seg\u00fan report\u00f3 su Secretar\u00eda de Comunicaciones.<\/span><\/p>\n<p><span class=\"text1noticias\"> <\/span><\/p>\n<p><span class=\"text1noticias\">\u00abInici\u00f3 felicitando a las y los compa\u00f1eros enlaces que han estado trabajando en todo el pa\u00eds para lograr la mayor participaci\u00f3n posible en la discusi\u00f3n de los documentos de este congreso\u00bb, exclam\u00f3 Germ\u00e1n.<\/span><\/p>\n<p><span class=\"text1noticias\"> <\/span><\/p>\n<p><span class=\"text1noticias\">Continu\u00f3 recordando que el citado lema tiene un gran significado en la coyuntura partidaria vigente porque procura que los pelede\u00edstas definan el partido que quieren. <\/span><\/p>\n<p><span class=\"text1noticias\"> <\/span><\/p>\n<p><span class=\"text1noticias\">Agreg\u00f3 que dicho objetivo ha de lograrse mediante un proceso de transformaci\u00f3n partidario concebido a partir del resultado de la discusi\u00f3n de los documentos sometidos por la direcci\u00f3n pol\u00edtica a las bases del PLD.<\/span><\/p>\n<p><span class=\"text1noticias\"> <\/span><\/p>\n<p><span class=\"text1noticias\">Alejandrina Germ\u00e1n dijo adem\u00e1s que dicho proceso est\u00e1 comprometido con el fortalecimiento de los principios, valores y convicciones asumidos por los pelede\u00edstas para lograr la consolidaci\u00f3n y la fortaleza institucional; \u00abde su identidad como partido\u00bb. <\/span><\/p>\n<p><span class=\"text1noticias\"> <\/span><\/p>\n<p><span class=\"text1noticias\">\u00abCreemos como equipo que las comisiones de \u00e1rea hicieron todos los esfuerzos por definir de la manera m\u00e1s clara posible y con la mayor contundencia los contenidos de cada documento para definir el partido a que aspiran.<\/span><\/p>\n<p><span class=\"text1noticias\"> <\/span><\/p>\n<p><span class=\"text1noticias\">Acot\u00f3 en ese orden, que de dichos documentos ser\u00e1n reafirmados y conservados aquellos que fortalecen la identidad partidaria, y transformando aquellas cuestiones que les permitan cumplir con el rol que les corresponde como partido en la coyuntura actual.<\/span><\/p>\n<p><span class=\"text1noticias\"> <\/span><\/p>\n<p><span class=\"text1noticias\">\u00abRecuerdo que no estamos en un congreso ordinario cualquiera.  Este es un congreso que nos compromete al fortalecimiento de la identidad partidaria, pero a introducir los cambios que garanticen que el PLD siga siendo la principal fuerza pol\u00edtica de Rep\u00fablica Dominicana\u00bb, proclam\u00f3 Alejandrina Germ\u00e1n.<\/span><\/p>\n<p><span class=\"text1noticias\"> <\/span><\/p>\n<p><span class=\"text1noticias\">Sostuvo que los equipos de enlaces son conscientes del estelar compromiso que asumen para que cada pelede\u00edsta dentro y fuera del territorio nacional estudien y discutan los documentos. <\/span><\/p>\n<p><span class=\"text1noticias\"> <\/span><\/p>\n<p><span class=\"text1noticias\">\u00abLos interpreten, los asuman, hagan las propuestas de transformaci\u00f3n que se requieren para hacerlos cada vez de mayor calidad.  Pero sobre todo que nos comprometemos con hacer realidad todo lo que hemos consignado en esos documentos de \u00e1reas\u00bb, dijo Germ\u00e1n. <\/span><\/p>\n<p><span class=\"text1noticias\"> <\/span><\/p>\n<p><span class=\"text1noticias\">Reiter\u00f3 la integrante del comit\u00e9 pol\u00edtico pelede\u00edsta que al concluir con las modificaciones a los referidos documentos \u00e9stos se someter\u00e1n nuevamente para su validaci\u00f3n en la plenaria final del congreso pautada para el mes de diciembre coincidiendo con el 47 aniversario de la fundaci\u00f3n del PLD. <\/span><\/p>\n<p><span class=\"text1noticias\"> <\/span><\/p>\n<p><span class=\"text1noticias\">\u00abQue fortalezca el boschismo y haga los cambios que demanda el presente y se prevea con seriedad y compromiso el futuro del PLD como la principal fuerza pol\u00edtica de este pa\u00eds\u00bb, concluy\u00f3 Alejandrina Germ\u00e1n.<\/span><\/p>\n<p><span class=\"text1noticias\"> <\/span><\/p>\n<p><span class=\"text1noticias\">Fuente:  SECOM PLD <\/span><\/p>\n<p><span class=\"text1noticias\">SECRETAR\u00cdA DE COMUNICAC<\/span>IONES <\/p>\n<p>27 DE NOVIEMBRE, 2020<\/p>\n<h6> 2020-11-27 17:29:34 <\/h6>\n<p><!--\n<link rel=\"stylesheet\" href=\"css\/bootstrap.min.css\">\n\n\n<ul class=\"pagination\">\n\t    \n\t\n\n<li >\n\t<a href='?page_no=8'>Previous<\/a>\n\t<\/li>\n\n\n       \n    \n\n<li><a href='?page_no=1'>1<\/a><\/li>\n\n\n\n<li><a href='?page_no=2'>2<\/a><\/li>\n\n\n\n<li><a>...<\/a><\/li>\n\n\n\n<li><a href='?page_no=7'>7<\/a><\/li>\n\n\n\n<li><a href='?page_no=8'>8<\/a><\/li>\n\n\n\n<li class='active'><a>9<\/a><\/li>\n\n\n\n<li><a href='?page_no=10'>10<\/a><\/li>\n\n\n\n<li><a href='?page_no=11'>11<\/a><\/li>\n\n\n\n<li><a>...<\/a><\/li>\n\n\n\n<li><a href='?page_no=36999'>36999<\/a><\/li>\n\n\n\n<li><a href='?page_no=37000'>37000<\/a><\/li>\n\n    \n\t\n\n<li >\n\t<a href='?page_no=10'>Next<\/a>\n\t<\/li>\n\n\n    \n\n<li><a href='?page_no=37000'>Last &rsaquo;&rsaquo;<\/a><\/li>\n\n<\/ul>\n\n\n--><br \/>\n<\/body><\/p>\n","protected":false},"excerpt":{"rendered":"<p>diariodominicano.com Santo Domingo, R. D., 27 de noviembre, 2020.- Alejandrina Germ\u00e1n, integrante del Comit\u00e9 Pol\u00edtico y de la comisi\u00f3n organizadora del IX Congreso del Partido de la Liberaci\u00f3n Dominicana (PLD), destac\u00f3 rol de los Enlaces del evento partidario y su empe\u00f1o para que se cumpla el lema \u00abHacia la Transformaci\u00f3n y el Fortalecimiento de la [&hellip;]<\/p>\n","protected":false},"author":3,"featured_media":0,"comment_status":"open","ping_status":"open","sticky":false,"template":"","format":"standard","meta":{"footnotes":""},"categories":[22],"tags":[],"class_list":["post-173943","post","type-post","status-publish","format-standard","hentry","category-politica"],"_links":{"self":[{"href":"https:\/\/diariodominicano.com\/index.php?rest_route=\/wp\/v2\/posts\/173943","targetHints":{"allow":["GET"]}}],"collection":[{"href":"https:\/\/diariodominicano.com\/index.php?rest_route=\/wp\/v2\/posts"}],"about":[{"href":"https:\/\/diariodominicano.com\/index.php?rest_route=\/wp\/v2\/types\/post"}],"author":[{"embeddable":true,"href":"https:\/\/diariodominicano.com\/index.php?rest_route=\/wp\/v2\/users\/3"}],"replies":[{"embeddable":true,"href":"https:\/\/diariodominicano.com\/index.php?rest_route=%2Fwp%2Fv2%2Fcomments&post=173943"}],"version-history":[{"count":0,"href":"https:\/\/diariodominicano.com\/index.php?rest_route=\/wp\/v2\/posts\/173943\/revisions"}],"wp:attachment":[{"href":"https:\/\/diariodominicano.com\/index.php?rest_route=%2Fwp%2Fv2%2Fmedia&parent=173943"}],"wp:term":[{"taxonomy":"category","embeddable":true,"href":"https:\/\/diariodominicano.com\/index.php?rest_route=%2Fwp%2Fv2%2Fcategories&post=173943"},{"taxonomy":"post_tag","embeddable":true,"href":"https:\/\/diariodominicano.com\/index.php?rest_route=%2Fwp%2Fv2%2Ftags&post=173943"}],"curies":[{"name":"wp","href":"https:\/\/api.w.org\/{rel}","templated":true}]}}