{"id":172832,"date":"2020-11-28T00:09:56","date_gmt":"2020-11-28T00:09:56","guid":{"rendered":"http:\/\/diariodominicano.ddns.net\/?p=172832"},"modified":"2020-11-28T00:09:56","modified_gmt":"2020-11-28T00:09:56","slug":"balaguer-promulga-la-constitucion-de-1966-3","status":"publish","type":"post","link":"https:\/\/diariodominicano.com\/?p=172832","title":{"rendered":"Balaguer promulga la Constituci\u00f3n de 1966"},"content":{"rendered":"<p><body><\/p>\n<p><img decoding=\"async\" src=\"img3\/Joaquin-Balaguer-1.jpg\" \/>  <\/p>\n<p><strong>Diariodominicano.com<\/strong><\/p>\n<p><strong>El presidente Balaguer promulga la Constituci\u00f3n de 1966<\/strong><\/p>\n<p><strong>SANTO DOMINGO,  el 28 de noviembre de 1966<\/strong>, entr\u00f3 en vigencia la reforma constitucional que aprob\u00f3 la Asamblea Revisora.<\/p>\n<p>    La nueva  Constituci\u00f3n sustituy\u00f3 la del  9 de agosto de 1965. Fue promovida por el Presidente Joaqu\u00edn Balaguer, l\u00edder del Partido Reformista (PR). A partir de 1986 esta colectividad pol\u00edtica pas\u00f3 a ser Partido Reformista Social Cristiano, al unirse al Partido Revolucionario Social Cristiano.<\/p>\n<p>   <strong> Entre las reformas se elimin\u00f3 el principio de la no reelecci\u00f3n presidencial, lo que le permitir\u00eda al Presidente Balaguer reelegirse en el a\u00f1o 1970 y 1974.<\/strong><\/p>\n<p>En 1978 tambi\u00e9n se present\u00f3 como candidato a la reelecci\u00f3n, pero fue derrotado por el Partido Revolucionario Dominicano y aliados con su candidato presidencial Antonio Guzm\u00e1n Fern\u00e1ndez.<\/p>\n<\/p>\n<\/p>\n<h6> 2020-11-28 00:09:56 <\/h6>\n<p><!--\n<link rel=\"stylesheet\" href=\"css\/bootstrap.min.css\">\n\n\n<ul class=\"pagination\">\n\t    \n\t\n\n<li >\n\t<a href='?page_no=7'>Previous<\/a>\n\t<\/li>\n\n\n       \n    \n\n<li><a href='?page_no=1'>1<\/a><\/li>\n\n\n\n<li><a href='?page_no=2'>2<\/a><\/li>\n\n\n\n<li><a>...<\/a><\/li>\n\n\n\n<li><a href='?page_no=6'>6<\/a><\/li>\n\n\n\n<li><a href='?page_no=7'>7<\/a><\/li>\n\n\n\n<li class='active'><a>8<\/a><\/li>\n\n\n\n<li><a href='?page_no=9'>9<\/a><\/li>\n\n\n\n<li><a href='?page_no=10'>10<\/a><\/li>\n\n\n\n<li><a>...<\/a><\/li>\n\n\n\n<li><a href='?page_no=36999'>36999<\/a><\/li>\n\n\n\n<li><a href='?page_no=37000'>37000<\/a><\/li>\n\n    \n\t\n\n<li >\n\t<a href='?page_no=9'>Next<\/a>\n\t<\/li>\n\n\n    \n\n<li><a href='?page_no=37000'>Last &rsaquo;&rsaquo;<\/a><\/li>\n\n<\/ul>\n\n\n--><br \/>\n<\/body><\/p>\n","protected":false},"excerpt":{"rendered":"<p>Diariodominicano.com El presidente Balaguer promulga la Constituci\u00f3n de 1966 SANTO DOMINGO, el 28 de noviembre de 1966, entr\u00f3 en vigencia la reforma constitucional que aprob\u00f3 la Asamblea Revisora. La nueva Constituci\u00f3n sustituy\u00f3 la del 9 de agosto de 1965. Fue promovida por el Presidente Joaqu\u00edn Balaguer, l\u00edder del Partido Reformista (PR). A partir de 1986 [&hellip;]<\/p>\n","protected":false},"author":3,"featured_media":0,"comment_status":"open","ping_status":"open","sticky":false,"template":"","format":"standard","meta":{"footnotes":""},"categories":[22],"tags":[],"class_list":["post-172832","post","type-post","status-publish","format-standard","hentry","category-politica"],"_links":{"self":[{"href":"https:\/\/diariodominicano.com\/index.php?rest_route=\/wp\/v2\/posts\/172832","targetHints":{"allow":["GET"]}}],"collection":[{"href":"https:\/\/diariodominicano.com\/index.php?rest_route=\/wp\/v2\/posts"}],"about":[{"href":"https:\/\/diariodominicano.com\/index.php?rest_route=\/wp\/v2\/types\/post"}],"author":[{"embeddable":true,"href":"https:\/\/diariodominicano.com\/index.php?rest_route=\/wp\/v2\/users\/3"}],"replies":[{"embeddable":true,"href":"https:\/\/diariodominicano.com\/index.php?rest_route=%2Fwp%2Fv2%2Fcomments&post=172832"}],"version-history":[{"count":0,"href":"https:\/\/diariodominicano.com\/index.php?rest_route=\/wp\/v2\/posts\/172832\/revisions"}],"wp:attachment":[{"href":"https:\/\/diariodominicano.com\/index.php?rest_route=%2Fwp%2Fv2%2Fmedia&parent=172832"}],"wp:term":[{"taxonomy":"category","embeddable":true,"href":"https:\/\/diariodominicano.com\/index.php?rest_route=%2Fwp%2Fv2%2Fcategories&post=172832"},{"taxonomy":"post_tag","embeddable":true,"href":"https:\/\/diariodominicano.com\/index.php?rest_route=%2Fwp%2Fv2%2Ftags&post=172832"}],"curies":[{"name":"wp","href":"https:\/\/api.w.org\/{rel}","templated":true}]}}