{"id":172010,"date":"2017-10-24T13:27:24","date_gmt":"2017-10-24T13:27:24","guid":{"rendered":"http:\/\/diariodominicano.ddns.net\/?p=172010"},"modified":"2017-10-24T13:27:24","modified_gmt":"2017-10-24T13:27:24","slug":"magistrado-mariano-german-mejia-y-juez-de-scj-aclaran-que-cumplieron-con-su-declaracion-jurada-de-bienes","status":"publish","type":"post","link":"https:\/\/diariodominicano.com\/?p=172010","title":{"rendered":"Magistrado Mariano Germ\u00e1n Mej\u00eda y juez de SCJ aclaran que cumplieron con su declaraci\u00f3n jurada de bienes"},"content":{"rendered":"<p><body><\/p>\n<p><img decoding=\"async\" src=\"img3\/suprema1.jpg\" \/><br \/><img decoding=\"async\" src=\"img3\/suprema2.jpg\" \/>  <\/p>\n<p>El presidente del Poder Judicial, doctor Mariano Germ\u00e1n Mej\u00eda, y el juez de la Suprema Corte de Justicia (SCJ), doctor Robert Placencia \u00c1lvarez,  negaron que se encuentren entre los funcionarios p\u00fablicos que no han presentado su declaraci\u00f3n jurada de bienes, como lo establece un informe del Programa para Estudios del Desarrollo (PEDD), de la Pontificia Universidad  Cat\u00f3lica Madre y Maestra (PUCMM).<\/p>\n<\/p>\n<p>El magistrado Germ\u00e1n Mej\u00eda observ\u00f3 que inmediatamente tom\u00f3 posesi\u00f3n del cargo, en diciembre del 2011, realiz\u00f3 su declaraci\u00f3n patrimonial conforme con lo que establec\u00eda la Ley 82-79 sobre Declaraci\u00f3n Jurada de Bienes, vigente para ese entonces.<\/p>\n<\/p>\n<p>Asimismo, manifest\u00f3 que volvi\u00f3 a declarar sus bienes en febrero del 2016, como lo establece el art\u00edculo 2, p\u00e1rrafo 4, de la Ley 311-14 y el art\u00edculo 3 de su Reglamento de aplicaci\u00f3n n\u00famero 92-16.<\/p>\n<\/p>\n<p>El presidente de la SCJ y del Consejo del Poder Judicial afirm\u00f3 que como funcionario p\u00fablico se ha caracterizado por el respeto al mandato de la Constituci\u00f3n de la Rep\u00fablica y las leyes, como parte del ejercicio de transparencia que debe primar desde la funci\u00f3n p\u00fablica.<\/p>\n<\/p>\n<p>\u00abInmediatamente tomamos posesi\u00f3n del cargo, dimos cabal cumplimiento a lo establecido por la Ley 82, pero tambi\u00e9n cuando se puso en vigencia la nueva ley y su reglamento declaramos nuestros bienes y ordenamos que esa declaraci\u00f3n sea colgada en nuestra p\u00e1gina Web www.poderjudicial.gob.do\u00bb, recalc\u00f3 Germ\u00e1n Mej\u00eda.<\/p>\n<\/p>\n<p>Mientras que el magistrado Placencia Alvarez observ\u00f3 que desde el momento en que entr\u00f3 a la funci\u00f3n de Juez de Carrera, en diciembre del 1999, realizaba su declaraci\u00f3n patrimonial conforme con lo que establec\u00eda la Ley 82-79 sobre Declaraci\u00f3n Jurada de Bienes, vigente para ese entonces.<\/p>\n<\/p>\n<p>Asimismo, expuso que declar\u00f3 nueva vez sus bienes, depositando en la C\u00e1mara de Cuentas en fecha 16 diciembre del 2016, cumpliendo as\u00ed con el nuevo formato tal como manda el art\u00edculo 2, p\u00e1rrafo 4, de la Ley 311-14 y el art\u00edculo 3 de su Reglamento de aplicaci\u00f3n n\u00famero 92-16, que aunque son disposiciones que no tienen car\u00e1cter retroactivo porque cuando entr\u00f3 en funciones hab\u00eda cumplido con la legislaci\u00f3n anterior, sin embargo aun as\u00ed, cumpli\u00f3 con la nueva ley por entender que se contribuye con el ejercicio de trasparencia de la funci\u00f3n publica <\/p>\n<\/p>\n<p>Adem\u00e1s, se\u00f1al\u00f3, que de acuerdo con el C\u00f3digo Tributario de la Rep\u00fablica Dominicana, en su art\u00edculo 307 p\u00e1rrafo, \u00ablos que recibimos ingresos por salarios p\u00fablicos, dado que en estos se aplican la retenci\u00f3n del Impuesto Sobre la Renta, no tenemos que hacer declaraciones de ingresos por separado\u00bb.<\/p>\n<h6> 2017-10-24 13:27:24 <\/h6>\n<p><!--\n<link rel=\"stylesheet\" href=\"css\/bootstrap.min.css\">\n\n\n<ul class=\"pagination\">\n\t    \n\t\n\n<li >\n\t<a href='?page_no=7258'>Previous<\/a>\n\t<\/li>\n\n\n       \n    \n\n<li><a href='?page_no=1'>1<\/a><\/li>\n\n\n\n<li><a href='?page_no=2'>2<\/a><\/li>\n\n\n\n<li><a>...<\/a><\/li>\n\n\n\n<li><a href='?page_no=7257'>7257<\/a><\/li>\n\n\n\n<li><a href='?page_no=7258'>7258<\/a><\/li>\n\n\n\n<li class='active'><a>7259<\/a><\/li>\n\n\n\n<li><a href='?page_no=7260'>7260<\/a><\/li>\n\n\n\n<li><a href='?page_no=7261'>7261<\/a><\/li>\n\n\n\n<li><a>...<\/a><\/li>\n\n\n\n<li><a href='?page_no=36999'>36999<\/a><\/li>\n\n\n\n<li><a href='?page_no=37000'>37000<\/a><\/li>\n\n    \n\t\n\n<li >\n\t<a href='?page_no=7260'>Next<\/a>\n\t<\/li>\n\n\n    \n\n<li><a href='?page_no=37000'>Last &rsaquo;&rsaquo;<\/a><\/li>\n\n<\/ul>\n\n\n--><br \/>\n<\/body><\/p>\n","protected":false},"excerpt":{"rendered":"<p>El presidente del Poder Judicial, doctor Mariano Germ\u00e1n Mej\u00eda, y el juez de la Suprema Corte de Justicia (SCJ), doctor Robert Placencia \u00c1lvarez, negaron que se encuentren entre los funcionarios p\u00fablicos que no han presentado su declaraci\u00f3n jurada de bienes, como lo establece un informe del Programa para Estudios del Desarrollo (PEDD), de la Pontificia [&hellip;]<\/p>\n","protected":false},"author":3,"featured_media":0,"comment_status":"open","ping_status":"open","sticky":false,"template":"","format":"standard","meta":{"footnotes":""},"categories":[22],"tags":[],"class_list":["post-172010","post","type-post","status-publish","format-standard","hentry","category-politica"],"_links":{"self":[{"href":"https:\/\/diariodominicano.com\/index.php?rest_route=\/wp\/v2\/posts\/172010","targetHints":{"allow":["GET"]}}],"collection":[{"href":"https:\/\/diariodominicano.com\/index.php?rest_route=\/wp\/v2\/posts"}],"about":[{"href":"https:\/\/diariodominicano.com\/index.php?rest_route=\/wp\/v2\/types\/post"}],"author":[{"embeddable":true,"href":"https:\/\/diariodominicano.com\/index.php?rest_route=\/wp\/v2\/users\/3"}],"replies":[{"embeddable":true,"href":"https:\/\/diariodominicano.com\/index.php?rest_route=%2Fwp%2Fv2%2Fcomments&post=172010"}],"version-history":[{"count":0,"href":"https:\/\/diariodominicano.com\/index.php?rest_route=\/wp\/v2\/posts\/172010\/revisions"}],"wp:attachment":[{"href":"https:\/\/diariodominicano.com\/index.php?rest_route=%2Fwp%2Fv2%2Fmedia&parent=172010"}],"wp:term":[{"taxonomy":"category","embeddable":true,"href":"https:\/\/diariodominicano.com\/index.php?rest_route=%2Fwp%2Fv2%2Fcategories&post=172010"},{"taxonomy":"post_tag","embeddable":true,"href":"https:\/\/diariodominicano.com\/index.php?rest_route=%2Fwp%2Fv2%2Ftags&post=172010"}],"curies":[{"name":"wp","href":"https:\/\/api.w.org\/{rel}","templated":true}]}}