{"id":172005,"date":"2017-10-24T14:54:11","date_gmt":"2017-10-24T14:54:11","guid":{"rendered":"http:\/\/diariodominicano.ddns.net\/?p=172005"},"modified":"2017-10-24T14:54:11","modified_gmt":"2017-10-24T14:54:11","slug":"espana-redobla-exigencias-para-frenar-intervencion-en-cataluna","status":"publish","type":"post","link":"https:\/\/diariodominicano.com\/?p=172005","title":{"rendered":"Espa\u00f1a redobla exigencias para frenar intervenci\u00f3n en Catalu\u00f1a"},"content":{"rendered":"<p><body><\/p>\n<p><img decoding=\"async\" src=\"img3\/espana-cataluna-banderas.jpg\" \/>  <\/p>\n<p><span class=\"text1noticias\">Madrid, 24 oct (PL) El gobierno conservador espa\u00f1ol de Mariano Rajoy redobl\u00f3 hoy sus exigencias a las autoridades de Catalu\u00f1a para dar marcha atr\u00e1s a una in\u00e9dita intervenci\u00f3n de esa comunidad aut\u00f3noma, que pretende separarse de este pa\u00eds europeo.<\/span><\/p>\n<\/p>\n<p><span class=\"text1noticias\">El ministro espa\u00f1ol de Justicia, Rafael Catal\u00e1, valor\u00f3 como un buen paso hacia la soluci\u00f3n del conflicto territorial que el presidente catal\u00e1n, Carles Puigdemont, acudiera al Senado antes de aprobarse la aplicaci\u00f3n del art\u00edculo 155 de la Constituci\u00f3n.<\/span><\/p>\n<\/p>\n<p><span class=\"text1noticias\">La C\u00e1mara alta de las Cortes Generales (parlamento bicameral espa\u00f1ol) debe refrendar el pr\u00f3ximo viernes, al amparo del citado precepto constitucional, la petici\u00f3n del ejecutivo de Rajoy de intervenir la autonom\u00eda para frenar sus planes secesionistas.<\/span><\/p>\n<\/p>\n<p><span class=\"text1noticias\">De recibir luz verde en el Senado, donde el oficialista Partido Popular goza de mayor\u00eda absoluta, la activaci\u00f3n del 155 conllevar\u00eda la destituci\u00f3n de Puigdemont y de todos sus consejeros (ministros).<\/span><\/p>\n<\/p>\n<p><span class=\"text1noticias\">Los poderes solicitados por Rajoy comprenden tambi\u00e9n el control de las finanzas de esa regi\u00f3n de 7,5 millones de habitantes, de su polic\u00eda (los Mossos d\u00e2??Esquadra) y de los medios de comunicaci\u00f3n p\u00fablicos, as\u00ed como la limitaci\u00f3n de funciones del parlamento.<\/span><\/p>\n<\/p>\n<p><span class=\"text1noticias\">&#8216;Que en una crisis tan importante como la que estamos viviendo explique sus motivos (ante el Senado), sin duda es un buen camino para la b\u00fasqueda de soluciones&#8217;, se\u00f1al\u00f3 Catal\u00e1 en declaraciones a Radio Nacional de Espa\u00f1a.<\/span><\/p>\n<\/p>\n<p><span class=\"text1noticias\">Advirti\u00f3, sin embargo, que con una mera convocatoria a elecciones anticipadas por parte de la Generalitat (autogobierno catal\u00e1n) no se arreglar\u00edan las cosas.<\/span><\/p>\n<\/p>\n<p><span class=\"text1noticias\">&#8216;Sin duda, un nuevo escenario pol\u00edtico podr\u00e1 ayudar a resolver los problemas, pero en este momento el incumplimiento de las obligaciones del se\u00f1or Puigdemont no se soluciona exclusivamente convocando elecciones&#8217;, remarc\u00f3.<\/span><\/p>\n<\/p>\n<p><span class=\"text1noticias\">Si la Generalitat quiere evitar la aplicaci\u00f3n del art\u00edculo 155, nunca antes utilizado en casi cuatro d\u00e9cadas de democracia, el l\u00edder separatista deber\u00eda ir m\u00e1s all\u00e1 y aclarar expresamente si proclam\u00f3 o no la independencia de Catalu\u00f1a, enfatiz\u00f3 el titular de Justicia.<\/span><\/p>\n<\/p>\n<p><span class=\"text1noticias\">El parlamento catal\u00e1n tiene previsto celebrar el jueves un pleno para dar una respuesta a las rigurosas medidas de Rajoy.<\/span><\/p>\n<\/p>\n<p><span class=\"text1noticias\">En esa sesi\u00f3n extraordinaria, los partidos separatistas, que controlan la c\u00e1mara regional, podr\u00edan consumar una declaraci\u00f3n unilateral de independencia, compromiso dejado en suspenso por Puigdemont el 10 de octubre para propiciar un di\u00e1logo con Madrid que nunca lleg\u00f3.<\/span><\/p>\n<h6> 2017-10-24 14:54:11 <\/h6>\n<p><!--\n<link rel=\"stylesheet\" href=\"css\/bootstrap.min.css\">\n\n\n<ul class=\"pagination\">\n\t    \n\t\n\n<li >\n\t<a href='?page_no=7253'>Previous<\/a>\n\t<\/li>\n\n\n       \n    \n\n<li><a href='?page_no=1'>1<\/a><\/li>\n\n\n\n<li><a href='?page_no=2'>2<\/a><\/li>\n\n\n\n<li><a>...<\/a><\/li>\n\n\n\n<li><a href='?page_no=7252'>7252<\/a><\/li>\n\n\n\n<li><a href='?page_no=7253'>7253<\/a><\/li>\n\n\n\n<li class='active'><a>7254<\/a><\/li>\n\n\n\n<li><a href='?page_no=7255'>7255<\/a><\/li>\n\n\n\n<li><a href='?page_no=7256'>7256<\/a><\/li>\n\n\n\n<li><a>...<\/a><\/li>\n\n\n\n<li><a href='?page_no=36999'>36999<\/a><\/li>\n\n\n\n<li><a href='?page_no=37000'>37000<\/a><\/li>\n\n    \n\t\n\n<li >\n\t<a href='?page_no=7255'>Next<\/a>\n\t<\/li>\n\n\n    \n\n<li><a href='?page_no=37000'>Last &rsaquo;&rsaquo;<\/a><\/li>\n\n<\/ul>\n\n\n--><br \/>\n<\/body><\/p>\n","protected":false},"excerpt":{"rendered":"<p>Madrid, 24 oct (PL) El gobierno conservador espa\u00f1ol de Mariano Rajoy redobl\u00f3 hoy sus exigencias a las autoridades de Catalu\u00f1a para dar marcha atr\u00e1s a una in\u00e9dita intervenci\u00f3n de esa comunidad aut\u00f3noma, que pretende separarse de este pa\u00eds europeo. El ministro espa\u00f1ol de Justicia, Rafael Catal\u00e1, valor\u00f3 como un buen paso hacia la soluci\u00f3n del [&hellip;]<\/p>\n","protected":false},"author":3,"featured_media":0,"comment_status":"open","ping_status":"open","sticky":false,"template":"","format":"standard","meta":{"footnotes":""},"categories":[22],"tags":[],"class_list":["post-172005","post","type-post","status-publish","format-standard","hentry","category-politica"],"_links":{"self":[{"href":"https:\/\/diariodominicano.com\/index.php?rest_route=\/wp\/v2\/posts\/172005","targetHints":{"allow":["GET"]}}],"collection":[{"href":"https:\/\/diariodominicano.com\/index.php?rest_route=\/wp\/v2\/posts"}],"about":[{"href":"https:\/\/diariodominicano.com\/index.php?rest_route=\/wp\/v2\/types\/post"}],"author":[{"embeddable":true,"href":"https:\/\/diariodominicano.com\/index.php?rest_route=\/wp\/v2\/users\/3"}],"replies":[{"embeddable":true,"href":"https:\/\/diariodominicano.com\/index.php?rest_route=%2Fwp%2Fv2%2Fcomments&post=172005"}],"version-history":[{"count":0,"href":"https:\/\/diariodominicano.com\/index.php?rest_route=\/wp\/v2\/posts\/172005\/revisions"}],"wp:attachment":[{"href":"https:\/\/diariodominicano.com\/index.php?rest_route=%2Fwp%2Fv2%2Fmedia&parent=172005"}],"wp:term":[{"taxonomy":"category","embeddable":true,"href":"https:\/\/diariodominicano.com\/index.php?rest_route=%2Fwp%2Fv2%2Fcategories&post=172005"},{"taxonomy":"post_tag","embeddable":true,"href":"https:\/\/diariodominicano.com\/index.php?rest_route=%2Fwp%2Fv2%2Ftags&post=172005"}],"curies":[{"name":"wp","href":"https:\/\/api.w.org\/{rel}","templated":true}]}}