{"id":172004,"date":"2017-10-24T19:58:14","date_gmt":"2017-10-24T19:58:14","guid":{"rendered":"http:\/\/diariodominicano.ddns.net\/?p=172004"},"modified":"2017-10-24T19:58:14","modified_gmt":"2017-10-24T19:58:14","slug":"senadores-rendiran-informe-favorable-al-proyecto-que-regula-el-sistema-estadistico-nacional","status":"publish","type":"post","link":"https:\/\/diariodominicano.com\/?p=172004","title":{"rendered":"Senadores rendir\u00e1n informe favorable al proyecto que regula  el Sistema Estad\u00edstico Nacional"},"content":{"rendered":"<p><body><\/p>\n<p><img decoding=\"async\" src=\"img3\/DSC_5634.JPG\" \/>  <\/p>\n<p><strong>SANTO DOMINGO, RD, 24 de octubre de 2018.- El<\/strong> presidente de la Comisi\u00f3n Permanente de Econom\u00eda, Planificaci\u00f3n y Desarrollo del Senado, F\u00e9lix Bautista, adelant\u00f3 que en la sesi\u00f3n del este mi\u00e9rcoles presentar\u00e1n un informe favorable al proyecto de ley Org\u00e1nica de Regiones \u00danicas de Planificaci\u00f3n de la Rep\u00fablica Dominicana y la iniciativa que Regula el Sistema Estad\u00edstico.<\/p>\n<\/p>\n<p>El legislador por la provincia San Juan, dijo que  ambas iniciativas son de mucha importancia para el pa\u00eds y refiri\u00f3 que la Ley de Estad\u00edstica servir\u00e1 para la planificaci\u00f3n econ\u00f3mica y social de la naci\u00f3n. <\/p>\n<\/p>\n<p>Refiri\u00f3      adem\u00e1s, que la Ley Org\u00e1nica de Regiones \u00danicas de Planificaci\u00f3n de la Rep\u00fablica Dominicana,  persigue establecer un marco legal  para que todas las instituciones p\u00fablica se circunscriban a esas regiones y al mismo tiempo permitir\u00e1 que la planificaci\u00f3n del territorio se realicen en base a esta regiones.<\/p>\n<\/p>\n<p>\u00abEn la actualidad se busca la viabilidad de que sean cinco regiones y cada instituci\u00f3n del Estado Dominicano  de cada regi\u00f3n debe ser insertada dentro de esta regi\u00f3n, y descentralizar los recursos y que no todos queden aqu\u00ed en el Distrito Nacional\u00bb, afirm\u00f3 el senador F\u00e9lix Bautista.<\/p>\n<p>El legislador, dijo que  la iniciativa legislativa fue consensuada con el Ministerio de Econom\u00eda y Planificaci\u00f3n de Desarrollo conjuntamente con los miembros de la Comisi\u00f3n Permanente del Senado,  para presentar el informe.<\/p>\n<\/p>\n<p>En la comisi\u00f3n tambi\u00e9n asistieron adem\u00e1s de Bautista,  los senadores, F\u00e9lix V\u00e1squez y Am\u00edlcar Romero.<\/p>\n<h6> 2017-10-24 19:58:14 <\/h6>\n<p><!--\n<link rel=\"stylesheet\" href=\"css\/bootstrap.min.css\">\n\n\n<ul class=\"pagination\">\n\t    \n\t\n\n<li >\n\t<a href='?page_no=7252'>Previous<\/a>\n\t<\/li>\n\n\n       \n    \n\n<li><a href='?page_no=1'>1<\/a><\/li>\n\n\n\n<li><a href='?page_no=2'>2<\/a><\/li>\n\n\n\n<li><a>...<\/a><\/li>\n\n\n\n<li><a href='?page_no=7251'>7251<\/a><\/li>\n\n\n\n<li><a href='?page_no=7252'>7252<\/a><\/li>\n\n\n\n<li class='active'><a>7253<\/a><\/li>\n\n\n\n<li><a href='?page_no=7254'>7254<\/a><\/li>\n\n\n\n<li><a href='?page_no=7255'>7255<\/a><\/li>\n\n\n\n<li><a>...<\/a><\/li>\n\n\n\n<li><a href='?page_no=36999'>36999<\/a><\/li>\n\n\n\n<li><a href='?page_no=37000'>37000<\/a><\/li>\n\n    \n\t\n\n<li >\n\t<a href='?page_no=7254'>Next<\/a>\n\t<\/li>\n\n\n    \n\n<li><a href='?page_no=37000'>Last &rsaquo;&rsaquo;<\/a><\/li>\n\n<\/ul>\n\n\n--><br \/>\n<\/body><\/p>\n","protected":false},"excerpt":{"rendered":"<p>SANTO DOMINGO, RD, 24 de octubre de 2018.- El presidente de la Comisi\u00f3n Permanente de Econom\u00eda, Planificaci\u00f3n y Desarrollo del Senado, F\u00e9lix Bautista, adelant\u00f3 que en la sesi\u00f3n del este mi\u00e9rcoles presentar\u00e1n un informe favorable al proyecto de ley Org\u00e1nica de Regiones \u00danicas de Planificaci\u00f3n de la Rep\u00fablica Dominicana y la iniciativa que Regula el [&hellip;]<\/p>\n","protected":false},"author":3,"featured_media":0,"comment_status":"open","ping_status":"open","sticky":false,"template":"","format":"standard","meta":{"footnotes":""},"categories":[22],"tags":[],"class_list":["post-172004","post","type-post","status-publish","format-standard","hentry","category-politica"],"_links":{"self":[{"href":"https:\/\/diariodominicano.com\/index.php?rest_route=\/wp\/v2\/posts\/172004","targetHints":{"allow":["GET"]}}],"collection":[{"href":"https:\/\/diariodominicano.com\/index.php?rest_route=\/wp\/v2\/posts"}],"about":[{"href":"https:\/\/diariodominicano.com\/index.php?rest_route=\/wp\/v2\/types\/post"}],"author":[{"embeddable":true,"href":"https:\/\/diariodominicano.com\/index.php?rest_route=\/wp\/v2\/users\/3"}],"replies":[{"embeddable":true,"href":"https:\/\/diariodominicano.com\/index.php?rest_route=%2Fwp%2Fv2%2Fcomments&post=172004"}],"version-history":[{"count":0,"href":"https:\/\/diariodominicano.com\/index.php?rest_route=\/wp\/v2\/posts\/172004\/revisions"}],"wp:attachment":[{"href":"https:\/\/diariodominicano.com\/index.php?rest_route=%2Fwp%2Fv2%2Fmedia&parent=172004"}],"wp:term":[{"taxonomy":"category","embeddable":true,"href":"https:\/\/diariodominicano.com\/index.php?rest_route=%2Fwp%2Fv2%2Fcategories&post=172004"},{"taxonomy":"post_tag","embeddable":true,"href":"https:\/\/diariodominicano.com\/index.php?rest_route=%2Fwp%2Fv2%2Ftags&post=172004"}],"curies":[{"name":"wp","href":"https:\/\/api.w.org\/{rel}","templated":true}]}}