{"id":172002,"date":"2017-10-25T01:08:41","date_gmt":"2017-10-25T01:08:41","guid":{"rendered":"http:\/\/diariodominicano.ddns.net\/?p=172002"},"modified":"2017-10-25T01:08:41","modified_gmt":"2017-10-25T01:08:41","slug":"eric-hobsbawn-y-america-latina","status":"publish","type":"post","link":"https:\/\/diariodominicano.com\/?p=172002","title":{"rendered":"Eric Hobsbawn y Am\u00e9rica Latina"},"content":{"rendered":"<p><body><\/p>\n<p><img decoding=\"async\" src=\"img3\/hobsbawm_custom.jpg\" \/><br \/><img decoding=\"async\" src=\"img3\/viva_la_revolucion.jpg\" \/>  <\/p>\n<p><strong>Emir Sader<\/strong><\/p>\n<\/p>\n<p><strong>ALAI, 23\/10\/2017<\/strong><\/p>\n<\/p>\n<p><strong>Foto: elsiglodetorreon.com.mx<\/strong><\/p>\n<\/p>\n<p>Poco antes de morir, en 2012, ya con 95 a\u00f1os, Eric Hobsbawn manifest\u00f3 la voluntad de publicar un volumen con sus art\u00edculos y ensayos sobre Am\u00e9rica Latina. No tuvo tiempo de hacerlo, pero el historiador brit\u00e1nico Lesley Bethell recogi\u00f3 la tarea y organiz\u00f3 un volumen, al que le dio el t\u00edtulo de Viva la revoluci\u00f3n, publicado el a\u00f1o pasado en Londres.<\/p>\n<\/p>\n<p>En su autobiograf\u00eda \u00abTiempos interesantes\u00bb, publicada en 2002, Hobsbawn afirm\u00f3 que la \u00fanica regi\u00f3n fuera de Europa que \u00e9l consideraba que hab\u00eda conocido bien y donde se sent\u00eda plenamente en casa, era Am\u00e9rica Latina.<\/p>\n<\/p>\n<p>Sin embargo, en sus obras cl\u00e1sicas, la presencia de Am\u00e9rica Latina es marginal. En Era de las revoluciones, hay solo referencias de paso a nuestro continente. En Era del capital hay solamente media docena de p\u00e1ginas sobre Am\u00e9rica Latina, en el cap\u00edtulo intitulado \u00abPerdedores\u00bb. En Era de los imperios, hay pocas referencias y cuatro p\u00e1ginas dedicadas a la Revoluci\u00f3n Mexicana. En Era de los extremos, Am\u00e9rica Latina pasa a ocupar lugar de destaque en el surgimiento del Tercer Mundo, con referencias a varios acontecimientos hist\u00f3ricos de importancia, de la Revoluci\u00f3n Mexicana al Chile de Allende.<\/p>\n<\/p>\n<p>viva_la_revolucion.jpg<\/p>\n<p>Este libro empieza con sus primeras impresiones sobre el continente, que significativamente son de su primer viaje a Cuba, en octubre de 1960, que se abre con la afirmaci\u00f3n: \u00abSalvo si hay una intervenci\u00f3n armada de los EEUU, Cuba ser\u00e1 muy en breve el primer pa\u00eds socialista del hemisferio occidental\u00bb.<\/p>\n<\/p>\n<p>Hobsbawn volver\u00e1 varias veces enseguida a Cuba, que ser\u00e1 una referencia permanente para el sobre el continente. Pero \u00e9l ser\u00e1 un cr\u00edtico sistem\u00e1tico de la v\u00eda cubana, expresa en los movimientos guerrilleros.<\/p>\n<\/p>\n<p>Su inter\u00e9s sobre Am\u00e9rica Latina se volver\u00e1 m\u00e1s sobre sus movimientos campesinos, por ello concentra sus viajes y sus an\u00e1lisis sobre Colombia &#8211; que le fue presentada por el gran intelectual colombiano Orlando Fals Borda &#8211; y Per\u00fa. La tem\u00e1tica de bandidismo social lo lleva a volcarse incluso sobre Sendero Luminoso. Hobsbawn analizo much\u00edsimo m\u00e1s los movimientos campesinos que los movimientos de los trabajadores urbanos latinoamericanos.<\/p>\n<\/p>\n<p>De todas maneras Hobsbawn no se consideraba un historiador latinoamericano. De hecho, \u00e9l nunca logr\u00f3 liberarse de la impronta europea, que fuertemente marca su obra, para comprender las particularidades latinoamericanas.  Sobre las relaciones sociales en el campo, tiene siempre como referencia el feudalismo, no incorporando el amplio debate de los a\u00f1os 1960, protagonizado, antes de todo, por Rodolfo Stavenhagen y posteriormente incorporado por gran parte del pensamiento social del continente.<\/p>\n<\/p>\n<p>Al igual que Hobsbawn siempre mantuvo sobre el nacionalismo la marca del fen\u00f3meno en Europa, refiri\u00e9ndose a Per\u00f3n y a Vargas, as\u00ed como a otros l\u00edderes \u00abpopulistas\u00bb del continente como fascistas. Su libro sobre los nacionalismos no incorpora las particularidades del fen\u00f3meno, con el tono antimperialista que asume en nuestro continente. Los rasgos antineoliberales del nacionalismo latinoamericano aparecen para \u00e9l siempre an\u00e1logos al fascismo y al nazismo.<\/p>\n<\/p>\n<p> Sin embargo, Am\u00e9rica Latina fue para Hobsbawn un gran laboratorio de experiencias pol\u00edticas. \u00abAs\u00ed como para el bi\u00f3logo Darwin, para m\u00ed, como historiador, la revelaci\u00f3n de Am\u00e9rica Latina no fue regional, pero si general.  Era un laboratorio de cambios, en su gran mayor parte distinto de lo que se podr\u00eda esperar, un continente hecho para minar las verdades convencionales. Era una regi\u00f3n donde la evoluci\u00f3n hist\u00f3rica ocurr\u00eda a la velocidad de un tren expreso y que pod\u00eda ser realmente observada durante la mitad de la vida de una \u00fanica persona\u00bb.<\/p>\n<\/p>\n<p>Cuando hace un balance, en su \u00faltimo texto general sobre el continente, escrito en 2002, 40 a\u00f1os despu\u00e9s de su primera visita, Hobsbawn constata que \u00abla revoluci\u00f3n esperada\u00bb no hab\u00eda ocurrido. Pero \u00e9l ya convivi\u00f3 con los nuevos gobiernos progresistas, manifest\u00f3 simpat\u00edas por Hugo Ch\u00e1vez, pero hacia Lula y el PT es que el manten\u00eda sus m\u00e1s grandes simpat\u00edas. (\u00abLlevo su distintivo en mi llavero para recordar simpat\u00edas antiguas y contempor\u00e1neas y recuerdos de mis momentos con el PT y con Lula\u00bb).<\/p>\n<\/p>\n<p>En su conjunto, el libro de m\u00e1s de 500 p\u00e1ginas, desde sus primeras impresiones, pasando an\u00e1lisis de las estructuras agrarias y del movimiento campesino, as\u00ed como de los intentos revolucionarios, &#8211; M\u00e9xico, Cuba, Chile -, hasta sus reflexiones finales, es un gran mosaico de interpretaciones del m\u00e1s grande historiador del siglo XX, sobre un continente en constante ebullici\u00f3n, de revoluciones y contrarrevoluciones.<\/p>\n<\/p>\n<p>&#8211; Emir Sader, soci\u00f3logo y cient\u00edfico pol\u00edtico brasile\u00f1o, es coordinador del Laboratorio de Pol\u00edticas P\u00fablicas de la Universidad Estadual de Rio de Janeiro (UERJ).<\/p>\n<\/p>\n<p>https:\/\/www.alainet.org\/es\/articulo\/188799<\/p>\n<\/p>\n<p>Del mismo autor<\/p>\n<\/p>\n<p>Eric Hobsbawn y Am\u00e9rica Latina    23\/10\/2017<\/p>\n<p>Fora Temer e Diretas J\u00e1. Por que n\u00e3o?    18\/10\/2017<\/p>\n<p>R\u00e9gimen de excepci\u00f3n y superexplotaci\u00f3n del trabajo    16\/10\/2017<\/p>\n<p>S\u00f3 sobrou o tapet\u00e3o para direita    13\/10\/2017<\/p>\n<p>La guerra jur\u00eddica    11\/10\/2017<\/p>\n<p>El Che, 50 a\u00f1os despu\u00e9s    06\/10\/2017<\/p>\n<p>A contagem regressiva do Brasil    04\/10\/2017<\/p>\n<p>\u00bfQu\u00e9 viene a hacer Obama por Am\u00e9rica Latina?    04\/10\/2017<\/p>\n<p>La extrema derecha crece en la crisis del centro    25\/09\/2017<\/p>\n<p>A extrema direita cresce da crise do centro    25\/09\/2017<\/p>\n<h6> 2017-10-25 01:08:41 <\/h6>\n<p><!--\n<link rel=\"stylesheet\" href=\"css\/bootstrap.min.css\">\n\n\n<ul class=\"pagination\">\n\t    \n\t\n\n<li >\n\t<a href='?page_no=7250'>Previous<\/a>\n\t<\/li>\n\n\n       \n    \n\n<li><a href='?page_no=1'>1<\/a><\/li>\n\n\n\n<li><a href='?page_no=2'>2<\/a><\/li>\n\n\n\n<li><a>...<\/a><\/li>\n\n\n\n<li><a href='?page_no=7249'>7249<\/a><\/li>\n\n\n\n<li><a href='?page_no=7250'>7250<\/a><\/li>\n\n\n\n<li class='active'><a>7251<\/a><\/li>\n\n\n\n<li><a href='?page_no=7252'>7252<\/a><\/li>\n\n\n\n<li><a href='?page_no=7253'>7253<\/a><\/li>\n\n\n\n<li><a>...<\/a><\/li>\n\n\n\n<li><a href='?page_no=36999'>36999<\/a><\/li>\n\n\n\n<li><a href='?page_no=37000'>37000<\/a><\/li>\n\n    \n\t\n\n<li >\n\t<a href='?page_no=7252'>Next<\/a>\n\t<\/li>\n\n\n    \n\n<li><a href='?page_no=37000'>Last &rsaquo;&rsaquo;<\/a><\/li>\n\n<\/ul>\n\n\n--><br \/>\n<\/body><\/p>\n","protected":false},"excerpt":{"rendered":"<p>Emir Sader ALAI, 23\/10\/2017 Foto: elsiglodetorreon.com.mx Poco antes de morir, en 2012, ya con 95 a\u00f1os, Eric Hobsbawn manifest\u00f3 la voluntad de publicar un volumen con sus art\u00edculos y ensayos sobre Am\u00e9rica Latina. No tuvo tiempo de hacerlo, pero el historiador brit\u00e1nico Lesley Bethell recogi\u00f3 la tarea y organiz\u00f3 un volumen, al que le dio [&hellip;]<\/p>\n","protected":false},"author":3,"featured_media":0,"comment_status":"open","ping_status":"open","sticky":false,"template":"","format":"standard","meta":{"footnotes":""},"categories":[22],"tags":[],"class_list":["post-172002","post","type-post","status-publish","format-standard","hentry","category-politica"],"_links":{"self":[{"href":"https:\/\/diariodominicano.com\/index.php?rest_route=\/wp\/v2\/posts\/172002","targetHints":{"allow":["GET"]}}],"collection":[{"href":"https:\/\/diariodominicano.com\/index.php?rest_route=\/wp\/v2\/posts"}],"about":[{"href":"https:\/\/diariodominicano.com\/index.php?rest_route=\/wp\/v2\/types\/post"}],"author":[{"embeddable":true,"href":"https:\/\/diariodominicano.com\/index.php?rest_route=\/wp\/v2\/users\/3"}],"replies":[{"embeddable":true,"href":"https:\/\/diariodominicano.com\/index.php?rest_route=%2Fwp%2Fv2%2Fcomments&post=172002"}],"version-history":[{"count":0,"href":"https:\/\/diariodominicano.com\/index.php?rest_route=\/wp\/v2\/posts\/172002\/revisions"}],"wp:attachment":[{"href":"https:\/\/diariodominicano.com\/index.php?rest_route=%2Fwp%2Fv2%2Fmedia&parent=172002"}],"wp:term":[{"taxonomy":"category","embeddable":true,"href":"https:\/\/diariodominicano.com\/index.php?rest_route=%2Fwp%2Fv2%2Fcategories&post=172002"},{"taxonomy":"post_tag","embeddable":true,"href":"https:\/\/diariodominicano.com\/index.php?rest_route=%2Fwp%2Fv2%2Ftags&post=172002"}],"curies":[{"name":"wp","href":"https:\/\/api.w.org\/{rel}","templated":true}]}}