{"id":171998,"date":"2017-10-25T03:27:17","date_gmt":"2017-10-25T03:27:17","guid":{"rendered":"http:\/\/diariodominicano.ddns.net\/?p=171998"},"modified":"2017-10-25T03:27:17","modified_gmt":"2017-10-25T03:27:17","slug":"xi-jinping-nombrado-presidente-de-comision-militar-central-del-pcch","status":"publish","type":"post","link":"https:\/\/diariodominicano.com\/?p=171998","title":{"rendered":"Xi Jinping nombrado presidente de Comisi\u00f3n Militar Central del PCCh"},"content":{"rendered":"<p><body><\/p>\n<p><strong>BEIJING, 25 oct (Xinhua) &#8212;<\/strong> Xi Jinping fue nombrado presidente de la Comisi\u00f3n Militar Central (CMC) del Partido Comunista de China (PCCh) hoy mi\u00e9rcoles en la primera Sesi\u00f3n Plenaria del XIX Comit\u00e9 Central del PCCh celebrada en Beijing.<\/p>\n<p>Xu Qiliang y Zhang Youxia fueron nombrados vicepresidentes de la CMC.<\/p>\n<\/p>\n<h6> 2017-10-25 03:27:17 <\/h6>\n<p><!--\n<link rel=\"stylesheet\" href=\"css\/bootstrap.min.css\">\n\n\n<ul class=\"pagination\">\n\t    \n\t\n\n<li >\n\t<a href='?page_no=7247'>Previous<\/a>\n\t<\/li>\n\n\n       \n    \n\n<li><a href='?page_no=1'>1<\/a><\/li>\n\n\n\n<li><a href='?page_no=2'>2<\/a><\/li>\n\n\n\n<li><a>...<\/a><\/li>\n\n\n\n<li><a href='?page_no=7246'>7246<\/a><\/li>\n\n\n\n<li><a href='?page_no=7247'>7247<\/a><\/li>\n\n\n\n<li class='active'><a>7248<\/a><\/li>\n\n\n\n<li><a href='?page_no=7249'>7249<\/a><\/li>\n\n\n\n<li><a href='?page_no=7250'>7250<\/a><\/li>\n\n\n\n<li><a>...<\/a><\/li>\n\n\n\n<li><a href='?page_no=36999'>36999<\/a><\/li>\n\n\n\n<li><a href='?page_no=37000'>37000<\/a><\/li>\n\n    \n\t\n\n<li >\n\t<a href='?page_no=7249'>Next<\/a>\n\t<\/li>\n\n\n    \n\n<li><a href='?page_no=37000'>Last &rsaquo;&rsaquo;<\/a><\/li>\n\n<\/ul>\n\n\n--><br \/>\n<\/body><\/p>\n","protected":false},"excerpt":{"rendered":"<p>BEIJING, 25 oct (Xinhua) &#8212; Xi Jinping fue nombrado presidente de la Comisi\u00f3n Militar Central (CMC) del Partido Comunista de China (PCCh) hoy mi\u00e9rcoles en la primera Sesi\u00f3n Plenaria del XIX Comit\u00e9 Central del PCCh celebrada en Beijing. Xu Qiliang y Zhang Youxia fueron nombrados vicepresidentes de la CMC. 2017-10-25 03:27:17<\/p>\n","protected":false},"author":3,"featured_media":0,"comment_status":"open","ping_status":"open","sticky":false,"template":"","format":"standard","meta":{"footnotes":""},"categories":[22],"tags":[],"class_list":["post-171998","post","type-post","status-publish","format-standard","hentry","category-politica"],"_links":{"self":[{"href":"https:\/\/diariodominicano.com\/index.php?rest_route=\/wp\/v2\/posts\/171998","targetHints":{"allow":["GET"]}}],"collection":[{"href":"https:\/\/diariodominicano.com\/index.php?rest_route=\/wp\/v2\/posts"}],"about":[{"href":"https:\/\/diariodominicano.com\/index.php?rest_route=\/wp\/v2\/types\/post"}],"author":[{"embeddable":true,"href":"https:\/\/diariodominicano.com\/index.php?rest_route=\/wp\/v2\/users\/3"}],"replies":[{"embeddable":true,"href":"https:\/\/diariodominicano.com\/index.php?rest_route=%2Fwp%2Fv2%2Fcomments&post=171998"}],"version-history":[{"count":0,"href":"https:\/\/diariodominicano.com\/index.php?rest_route=\/wp\/v2\/posts\/171998\/revisions"}],"wp:attachment":[{"href":"https:\/\/diariodominicano.com\/index.php?rest_route=%2Fwp%2Fv2%2Fmedia&parent=171998"}],"wp:term":[{"taxonomy":"category","embeddable":true,"href":"https:\/\/diariodominicano.com\/index.php?rest_route=%2Fwp%2Fv2%2Fcategories&post=171998"},{"taxonomy":"post_tag","embeddable":true,"href":"https:\/\/diariodominicano.com\/index.php?rest_route=%2Fwp%2Fv2%2Ftags&post=171998"}],"curies":[{"name":"wp","href":"https:\/\/api.w.org\/{rel}","templated":true}]}}