{"id":171994,"date":"2017-10-25T10:32:10","date_gmt":"2017-10-25T10:32:10","guid":{"rendered":"http:\/\/diariodominicano.ddns.net\/?p=171994"},"modified":"2017-10-25T10:32:10","modified_gmt":"2017-10-25T10:32:10","slug":"referendo-revocatorio-para-deshacer-desmanes-de-temer-avisa-lula","status":"publish","type":"post","link":"https:\/\/diariodominicano.com\/?p=171994","title":{"rendered":"Referendo revocatorio para deshacer desmanes de Temer, avisa Lula"},"content":{"rendered":"<p><body><\/p>\n<p><img decoding=\"async\" src=\"img3\/1-LULADASILVABRAS.jpg\" \/>  <\/p>\n<p><strong> Brasilia, 25 oct (PL)<\/strong> La necesidad de realizar una campa\u00f1a pro referendo revocatorio para deshacer los desmanes del gobierno de Michel Temer devino tema esencial en el recorrido del ex presidente Lula por Minas Gerais, que cumple hoy su tercera jornada.<\/p>\n<\/p>\n<p>El ex dignatario brasile\u00f1o insisti\u00f3 anoche al respecto durante un acto en defensa de la educaci\u00f3n que tuvo por escenario la Plaza Tiradentes, de la municipalidad minera de Teofilo Otoni.<\/p>\n<\/p>\n<p>Vamos a hacer una campa\u00f1a proponiendo un referendo revocatorio para acabar con todas las bandoler\u00edas cometidas por ese gobierno que ya acab\u00f3 con las industrias naval y de ingenier\u00eda, que quiere privatizar los bancos p\u00fablicos y entregar la Amazonia, anunci\u00f3.<\/p>\n<\/p>\n<p>Lula ratific\u00f3 asimismo que su pacto es con el pueblo brasile\u00f1o y manifest\u00f3 adem\u00e1s estar dispuesto a dar la vida para que Brasil no pierda la soberan\u00eda.<\/p>\n<\/p>\n<p>No es posible desarrollar una naci\u00f3n soberana si sus ciudadanos no tienen una buena formaci\u00f3n escolar, una educaci\u00f3n de calidad, dijo y record\u00f3 que Brasil fue el \u00faltimo pa\u00eds latinoamericano en tener una universidad, pues lo logr\u00f3 solo en 1920, m\u00e1s de cuatro siglos despu\u00e9s de descubierto.<\/p>\n<\/p>\n<p>Eso &#8211; explic\u00f3 &#8211; responde al hecho que las \u00e9lites pol\u00edticas que gobernaron esta naci\u00f3n nunca tuvieron inter\u00e9s en que los m\u00e1s pobres pudieran educarse.<\/p>\n<\/p>\n<p>En toda su historia y hasta 2003, puntualiz\u00f3, Brasil fund\u00f3 45 universidades. En 12 a\u00f1os de gobierno del Partido de los Trabajadores (PT) inauguramos 18 y 173 campus universitarios en todo el pa\u00eds, contrast\u00f3.<\/p>\n<\/p>\n<p>El mayor l\u00edder popular brasile\u00f1o aludi\u00f3 entonces a las acusaciones por corrupci\u00f3n pasiva, asociaci\u00f3n delictiva y obstrucci\u00f3n de la justicia contra el presidente Michel Temer tramitadas en la C\u00e1mara de Diputados y que, seg\u00fan los medios, costaron a las arcas estatales unos 26 mil millones de reales (m\u00e1s de ocho mil millones de d\u00f3lares).<\/p>\n<\/p>\n<p>Para librarse de la primera denuncia Temer pag\u00f3 14 mil millones y ahora, para que tambi\u00e9n sea archivada la segunda gast\u00f3 otros 12 mil millones. \u00bfQu\u00e9 ser\u00eda mejor, invertir todo ese dinero en educaci\u00f3n o para comprar legisladores?, cuestion\u00f3.<\/p>\n<\/p>\n<p>Lula se refiri\u00f3 tambi\u00e9n a todas las arbitrariedades cometidas contra \u00e9l y su familia por el Ministerio P\u00fablico, la Polic\u00eda Federal y los fiscales de la operaci\u00f3n anticorrupci\u00f3n Lava Jato, e insisti\u00f3 en que \u00e9l ya prob\u00f3 su inocencia y ahora les corresponde a ellos demostrar su culpabilidad.<\/p>\n<\/p>\n<p>Lo \u00fanico que pido es que al final de las investigaciones tengan la decencia de pedir disculpas al pueblo brasile\u00f1o, subray\u00f3.<\/p>\n<\/p>\n<p>Despu\u00e9s de denunciar que &#8216;est\u00e1n destruyendo todo aquello que construimos&#8217;, el fundador del PT dijo estar dispuesto a volver a competir por la presidencia de la Rep\u00fablica en 2018 y demand\u00f3 que si no quieren que gane la elecci\u00f3n, no usen subterfugios judiciales, busquen candidatos y yo aceptar\u00e9 el resultado de las urnas.<\/p>\n<\/p>\n<p>Hoy, en su tercer d\u00eda de recorrido por Minas Gerais con la Caravana de la Esperanza, Lula visitar\u00e1 el tr\u00e9bol de Itaobim, har\u00e1 una parada en el puente de Itinga y asistir\u00e1 a un acto cultural en el Medio Jequitinhonha, una microrregi\u00f3n del valle hom\u00f3nimo localizado en el nordeste de ese estado.<\/p>\n<\/p>\n<p>arc\/mpm<\/p>\n<h6> 2017-10-25 10:32:10 <\/h6>\n<p><!--\n<link rel=\"stylesheet\" href=\"css\/bootstrap.min.css\">\n\n\n<ul class=\"pagination\">\n\t    \n\t\n\n<li >\n\t<a href='?page_no=7243'>Previous<\/a>\n\t<\/li>\n\n\n       \n    \n\n<li><a href='?page_no=1'>1<\/a><\/li>\n\n\n\n<li><a href='?page_no=2'>2<\/a><\/li>\n\n\n\n<li><a>...<\/a><\/li>\n\n\n\n<li><a href='?page_no=7242'>7242<\/a><\/li>\n\n\n\n<li><a href='?page_no=7243'>7243<\/a><\/li>\n\n\n\n<li class='active'><a>7244<\/a><\/li>\n\n\n\n<li><a href='?page_no=7245'>7245<\/a><\/li>\n\n\n\n<li><a href='?page_no=7246'>7246<\/a><\/li>\n\n\n\n<li><a>...<\/a><\/li>\n\n\n\n<li><a href='?page_no=36999'>36999<\/a><\/li>\n\n\n\n<li><a href='?page_no=37000'>37000<\/a><\/li>\n\n    \n\t\n\n<li >\n\t<a href='?page_no=7245'>Next<\/a>\n\t<\/li>\n\n\n    \n\n<li><a href='?page_no=37000'>Last &rsaquo;&rsaquo;<\/a><\/li>\n\n<\/ul>\n\n\n--><br \/>\n<\/body><\/p>\n","protected":false},"excerpt":{"rendered":"<p>Brasilia, 25 oct (PL) La necesidad de realizar una campa\u00f1a pro referendo revocatorio para deshacer los desmanes del gobierno de Michel Temer devino tema esencial en el recorrido del ex presidente Lula por Minas Gerais, que cumple hoy su tercera jornada. El ex dignatario brasile\u00f1o insisti\u00f3 anoche al respecto durante un acto en defensa de [&hellip;]<\/p>\n","protected":false},"author":3,"featured_media":0,"comment_status":"open","ping_status":"open","sticky":false,"template":"","format":"standard","meta":{"footnotes":""},"categories":[22],"tags":[],"class_list":["post-171994","post","type-post","status-publish","format-standard","hentry","category-politica"],"_links":{"self":[{"href":"https:\/\/diariodominicano.com\/index.php?rest_route=\/wp\/v2\/posts\/171994","targetHints":{"allow":["GET"]}}],"collection":[{"href":"https:\/\/diariodominicano.com\/index.php?rest_route=\/wp\/v2\/posts"}],"about":[{"href":"https:\/\/diariodominicano.com\/index.php?rest_route=\/wp\/v2\/types\/post"}],"author":[{"embeddable":true,"href":"https:\/\/diariodominicano.com\/index.php?rest_route=\/wp\/v2\/users\/3"}],"replies":[{"embeddable":true,"href":"https:\/\/diariodominicano.com\/index.php?rest_route=%2Fwp%2Fv2%2Fcomments&post=171994"}],"version-history":[{"count":0,"href":"https:\/\/diariodominicano.com\/index.php?rest_route=\/wp\/v2\/posts\/171994\/revisions"}],"wp:attachment":[{"href":"https:\/\/diariodominicano.com\/index.php?rest_route=%2Fwp%2Fv2%2Fmedia&parent=171994"}],"wp:term":[{"taxonomy":"category","embeddable":true,"href":"https:\/\/diariodominicano.com\/index.php?rest_route=%2Fwp%2Fv2%2Fcategories&post=171994"},{"taxonomy":"post_tag","embeddable":true,"href":"https:\/\/diariodominicano.com\/index.php?rest_route=%2Fwp%2Fv2%2Ftags&post=171994"}],"curies":[{"name":"wp","href":"https:\/\/api.w.org\/{rel}","templated":true}]}}