{"id":171992,"date":"2017-10-25T13:12:16","date_gmt":"2017-10-25T13:12:16","guid":{"rendered":"http:\/\/diariodominicano.ddns.net\/?p=171992"},"modified":"2017-10-25T13:12:16","modified_gmt":"2017-10-25T13:12:16","slug":"puigdemont-declina-comparecer-ante-el-senado-espanol","status":"publish","type":"post","link":"https:\/\/diariodominicano.com\/?p=171992","title":{"rendered":"Puigdemont declina comparecer ante el Senado espa\u00f1ol"},"content":{"rendered":"<p><body><\/p>\n<p><img decoding=\"async\" src=\"img3\/Carles.jpg.jpg\" \/>  <\/p>\n<p>Madrid, 25 oct (PL) El presidente de Catalu\u00f1a, Carles Puigdemont, declin\u00f3 finalmente hoy exponer ante el Senado espa\u00f1ol su rechazo a la decisi\u00f3n del gobierno de Mariano Rajoy de tomar el control de esa regi\u00f3n para frenar sus aspiraciones secesionistas.<\/p>\n<\/p>\n<p>La renuncia del mandatario auton\u00f3mico a participar ma\u00f1ana en una reuni\u00f3n de la C\u00e1mara alta, como en principio estaba previsto -seg\u00fan anticiparon este mi\u00e9rcoles diversos medios period\u00edsticos-, fue confirmada por Carme Forcadell, presidenta del parlamento catal\u00e1n.<\/p>\n<\/p>\n<p>Forcadell se lo comunic\u00f3 as\u00ed a los grupos pol\u00edticos representados en la c\u00e1mara regional, poco despu\u00e9s que numerosas fuentes soberanistas indicaron que la decisi\u00f3n de Puigdemont de comparecer en el Senado ya estaba tomada, seg\u00fan la agencia estatal de noticias EFE.<\/p>\n<\/p>\n<p>En una muestra de lo tensa y cambiante situaci\u00f3n generada por el grave conflicto territorial, el l\u00edder independentista iba a acudir en principio a la C\u00e1mara alta para argumentar su oposici\u00f3n a la aplicaci\u00f3n en Catalu\u00f1a del art\u00edculo 155 de la Constituci\u00f3n.<\/p>\n<\/p>\n<p>Puigdemont s\u00ed asistir\u00e1 ma\u00f1ana jueves a un pleno extraordinario convocado por la asamblea legislativa catalana -dominada por los partidos separatistas-, que evaluar\u00e1 una respuesta al anuncio de Rajoy de intervenir la regi\u00f3n, al amparo de ese precepto constitucional.<\/p>\n<\/p>\n<p>A petici\u00f3n del gobernante, el Senado de la naci\u00f3n debe dar luz verde el pr\u00f3ximo viernes a unas medidas sin precedentes desde la restauraci\u00f3n de la democracia en este pa\u00eds europeo, decididas bajo el paraguas del referido apartado de la carta magna, vigente desde 1978.<\/p>\n<\/p>\n<p>De ser refrendado por esa instancia legislativa, donde el oficialista Partido Popular cuenta con mayor\u00eda absoluta, la aplicaci\u00f3n del 155 conllevar\u00eda la destituci\u00f3n de Puigdemont y de todos sus consejeros (ministros) ante su intenci\u00f3n de proclamar la independencia.<\/p>\n<\/p>\n<p>Los poderes solicitados por Rajoy comprenden tambi\u00e9n el control de las finanzas de esa pr\u00f3spera regi\u00f3n nororiental, de su polic\u00eda (los Mossos d\u00e2??Esquadra) y de los medios de comunicaci\u00f3n p\u00fablicos, as\u00ed como la limitaci\u00f3n de funciones del parlamento auton\u00f3mico.<\/p>\n<\/p>\n<p>Tambi\u00e9n el viernes, la c\u00e1mara catalana votar\u00e1 la respuesta a las duras resoluciones adoptadas por el Palacio de La Moncloa (sede del gobierno espa\u00f1ol) para restaurar la legalidad frente al desaf\u00edo de las autoridades auton\u00f3micas.<\/p>\n<\/p>\n<p>La asamblea legislativa regional podr\u00eda debatir una declaraci\u00f3n unilateral de independencia, en cumplimiento al resultado del refer\u00e9ndum de autodeterminaci\u00f3n del 1 de octubre, suspendido por el Tribunal Constitucional a instancias de La Moncloa.<\/p>\n<\/p>\n<p>En esa consulta, seg\u00fan la Generalitat (autogobierno catal\u00e1n), poco m\u00e1s del 90 por ciento de los casi 2,3 millones de electores (43 por ciento del padr\u00f3n) votaron a favor de la proclamaci\u00f3n de Catalu\u00f1a en un Estado soberano.<\/p>\n<\/p>\n<p>Puigdemont, adem\u00e1s, estar\u00eda sopesando convocar a elecciones anticipadas para sortear la dura intervenci\u00f3n de la autonom\u00eda que prepara el gobierno espa\u00f1ol.<\/p>\n<h6> 2017-10-25 13:12:16 <\/h6>\n<p><!--\n<link rel=\"stylesheet\" href=\"css\/bootstrap.min.css\">\n\n\n<ul class=\"pagination\">\n\t    \n\t\n\n<li >\n\t<a href='?page_no=7241'>Previous<\/a>\n\t<\/li>\n\n\n       \n    \n\n<li><a href='?page_no=1'>1<\/a><\/li>\n\n\n\n<li><a href='?page_no=2'>2<\/a><\/li>\n\n\n\n<li><a>...<\/a><\/li>\n\n\n\n<li><a href='?page_no=7240'>7240<\/a><\/li>\n\n\n\n<li><a href='?page_no=7241'>7241<\/a><\/li>\n\n\n\n<li class='active'><a>7242<\/a><\/li>\n\n\n\n<li><a href='?page_no=7243'>7243<\/a><\/li>\n\n\n\n<li><a href='?page_no=7244'>7244<\/a><\/li>\n\n\n\n<li><a>...<\/a><\/li>\n\n\n\n<li><a href='?page_no=36999'>36999<\/a><\/li>\n\n\n\n<li><a href='?page_no=37000'>37000<\/a><\/li>\n\n    \n\t\n\n<li >\n\t<a href='?page_no=7243'>Next<\/a>\n\t<\/li>\n\n\n    \n\n<li><a href='?page_no=37000'>Last &rsaquo;&rsaquo;<\/a><\/li>\n\n<\/ul>\n\n\n--><br \/>\n<\/body><\/p>\n","protected":false},"excerpt":{"rendered":"<p>Madrid, 25 oct (PL) El presidente de Catalu\u00f1a, Carles Puigdemont, declin\u00f3 finalmente hoy exponer ante el Senado espa\u00f1ol su rechazo a la decisi\u00f3n del gobierno de Mariano Rajoy de tomar el control de esa regi\u00f3n para frenar sus aspiraciones secesionistas. La renuncia del mandatario auton\u00f3mico a participar ma\u00f1ana en una reuni\u00f3n de la C\u00e1mara alta, [&hellip;]<\/p>\n","protected":false},"author":3,"featured_media":0,"comment_status":"open","ping_status":"open","sticky":false,"template":"","format":"standard","meta":{"footnotes":""},"categories":[22],"tags":[],"class_list":["post-171992","post","type-post","status-publish","format-standard","hentry","category-politica"],"_links":{"self":[{"href":"https:\/\/diariodominicano.com\/index.php?rest_route=\/wp\/v2\/posts\/171992","targetHints":{"allow":["GET"]}}],"collection":[{"href":"https:\/\/diariodominicano.com\/index.php?rest_route=\/wp\/v2\/posts"}],"about":[{"href":"https:\/\/diariodominicano.com\/index.php?rest_route=\/wp\/v2\/types\/post"}],"author":[{"embeddable":true,"href":"https:\/\/diariodominicano.com\/index.php?rest_route=\/wp\/v2\/users\/3"}],"replies":[{"embeddable":true,"href":"https:\/\/diariodominicano.com\/index.php?rest_route=%2Fwp%2Fv2%2Fcomments&post=171992"}],"version-history":[{"count":0,"href":"https:\/\/diariodominicano.com\/index.php?rest_route=\/wp\/v2\/posts\/171992\/revisions"}],"wp:attachment":[{"href":"https:\/\/diariodominicano.com\/index.php?rest_route=%2Fwp%2Fv2%2Fmedia&parent=171992"}],"wp:term":[{"taxonomy":"category","embeddable":true,"href":"https:\/\/diariodominicano.com\/index.php?rest_route=%2Fwp%2Fv2%2Fcategories&post=171992"},{"taxonomy":"post_tag","embeddable":true,"href":"https:\/\/diariodominicano.com\/index.php?rest_route=%2Fwp%2Fv2%2Ftags&post=171992"}],"curies":[{"name":"wp","href":"https:\/\/api.w.org\/{rel}","templated":true}]}}