{"id":171991,"date":"2017-10-25T13:43:34","date_gmt":"2017-10-25T13:43:34","guid":{"rendered":"http:\/\/diariodominicano.ddns.net\/?p=171991"},"modified":"2017-10-25T13:43:34","modified_gmt":"2017-10-25T13:43:34","slug":"comision-de-justicia-del-senado-escucha-opinion-del-presidente-de-la-suprema-en-torno-al-proyecto-de-ley-del-codigo-de-procedimiento-civil","status":"publish","type":"post","link":"https:\/\/diariodominicano.com\/?p=171991","title":{"rendered":"&#13;Comisi\u00f3n de Justicia del Senado escucha opini\u00f3n del presidente de la Suprema en torno al proyecto de ley del C\u00f3digo de Procedimiento Civil&#13;"},"content":{"rendered":"<p><body><\/p>\n<p><img decoding=\"async\" src=\"img3\/senacomi.jpg\" \/>  <\/p>\n<p><strong>Santo Domingo.- <\/strong> La Comisi\u00f3n de Justicia y Derechos Humanos del Senado, se reuni\u00f3 este mi\u00e9rcoles con el presidente de la Suprema Corte de Justicia, Mariano German Mej\u00eda, en el marco de la discusi\u00f3n del Proyecto de ley del C\u00f3digo de Procedimiento Civil de la Republica Dominicana.<\/p>\n<p>Luego de concluir la reuni\u00f3n, el presidente de la comisi\u00f3n, senador Ar\u00edstides Victoria Yeb, garantiz\u00f3 que la pieza legislativa ser\u00e1 aprobada por la C\u00e1mara Alta ante que termine la legislatura.<\/p>\n<\/p>\n<p>\u00abNos comprometemos p\u00fablicamente con el presidente de la Suprema Corte de Justicia que en esta legislatura esta comisi\u00f3n rendir\u00e1 informe favorable ante el hemiciclo y el senado aprobar\u00e1 nuevo C\u00f3digo de Procedimiento Civil\u00bb, puntualiz\u00f3 el representante de la provincia Mar\u00eda Trinidad S\u00e1nchez.<\/p>\n<\/p>\n<p>Agreg\u00f3 que, a trav\u00e9s del presidente del Senado, Reinaldo Pared, propiciar\u00e1n una reuni\u00f3n con el presidente de la C\u00e1mara de Diputados, Rub\u00e9n Maldonado y el presidente de la Comisi\u00f3n de Justicia de la C\u00e1mara Baja, Henry Meran, a los fines de promover en \u00f3rgano legislativo, la aprobaci\u00f3n del Proyecto de Ley del C\u00f3digo de Procedimiento Civil.<\/p>\n<\/p>\n<p>Victoria Yeb se\u00f1al\u00f3 que el pa\u00eds demanda actualizar el procedimiento civil, como tambi\u00e9n los C\u00f3digos Civil y Penal, respectivamente.<\/p>\n<\/p>\n<p>De su lado, el presidente de la Suprema Corte de Justicia, Mariano German Mej\u00eda, dijo que el C\u00f3digo de Procedimiento Civil vigente data de 1806 por lo que no responde a los requerimientos del desarrollo que ha tenido el pa\u00eds.<\/p>\n<\/p>\n<p>Destac\u00f3 que el proyecto est\u00e1 en armon\u00eda con los cambios constitucionales y el desarrollo que ha experimentado el pa\u00eds en los \u00faltimos a\u00f1os.<\/p>\n<p>El Proyecto de Ley del C\u00f3digo de Procedimiento Civil, presentado por el senador Charlie Mariotti, contiene mil 375 art\u00edculos, 12 libros y est\u00e1 dividido por materias.<\/p>\n<h6> 2017-10-25 13:43:34 <\/h6>\n<p><!--\n<link rel=\"stylesheet\" href=\"css\/bootstrap.min.css\">\n\n\n<ul class=\"pagination\">\n\t    \n\t\n\n<li >\n\t<a href='?page_no=7240'>Previous<\/a>\n\t<\/li>\n\n\n       \n    \n\n<li><a href='?page_no=1'>1<\/a><\/li>\n\n\n\n<li><a href='?page_no=2'>2<\/a><\/li>\n\n\n\n<li><a>...<\/a><\/li>\n\n\n\n<li><a href='?page_no=7239'>7239<\/a><\/li>\n\n\n\n<li><a href='?page_no=7240'>7240<\/a><\/li>\n\n\n\n<li class='active'><a>7241<\/a><\/li>\n\n\n\n<li><a href='?page_no=7242'>7242<\/a><\/li>\n\n\n\n<li><a href='?page_no=7243'>7243<\/a><\/li>\n\n\n\n<li><a>...<\/a><\/li>\n\n\n\n<li><a href='?page_no=36999'>36999<\/a><\/li>\n\n\n\n<li><a href='?page_no=37000'>37000<\/a><\/li>\n\n    \n\t\n\n<li >\n\t<a href='?page_no=7242'>Next<\/a>\n\t<\/li>\n\n\n    \n\n<li><a href='?page_no=37000'>Last &rsaquo;&rsaquo;<\/a><\/li>\n\n<\/ul>\n\n\n--><br \/>\n<\/body><\/p>\n","protected":false},"excerpt":{"rendered":"<p>Santo Domingo.- La Comisi\u00f3n de Justicia y Derechos Humanos del Senado, se reuni\u00f3 este mi\u00e9rcoles con el presidente de la Suprema Corte de Justicia, Mariano German Mej\u00eda, en el marco de la discusi\u00f3n del Proyecto de ley del C\u00f3digo de Procedimiento Civil de la Republica Dominicana. Luego de concluir la reuni\u00f3n, el presidente de la [&hellip;]<\/p>\n","protected":false},"author":3,"featured_media":0,"comment_status":"open","ping_status":"open","sticky":false,"template":"","format":"standard","meta":{"footnotes":""},"categories":[22],"tags":[],"class_list":["post-171991","post","type-post","status-publish","format-standard","hentry","category-politica"],"_links":{"self":[{"href":"https:\/\/diariodominicano.com\/index.php?rest_route=\/wp\/v2\/posts\/171991","targetHints":{"allow":["GET"]}}],"collection":[{"href":"https:\/\/diariodominicano.com\/index.php?rest_route=\/wp\/v2\/posts"}],"about":[{"href":"https:\/\/diariodominicano.com\/index.php?rest_route=\/wp\/v2\/types\/post"}],"author":[{"embeddable":true,"href":"https:\/\/diariodominicano.com\/index.php?rest_route=\/wp\/v2\/users\/3"}],"replies":[{"embeddable":true,"href":"https:\/\/diariodominicano.com\/index.php?rest_route=%2Fwp%2Fv2%2Fcomments&post=171991"}],"version-history":[{"count":0,"href":"https:\/\/diariodominicano.com\/index.php?rest_route=\/wp\/v2\/posts\/171991\/revisions"}],"wp:attachment":[{"href":"https:\/\/diariodominicano.com\/index.php?rest_route=%2Fwp%2Fv2%2Fmedia&parent=171991"}],"wp:term":[{"taxonomy":"category","embeddable":true,"href":"https:\/\/diariodominicano.com\/index.php?rest_route=%2Fwp%2Fv2%2Fcategories&post=171991"},{"taxonomy":"post_tag","embeddable":true,"href":"https:\/\/diariodominicano.com\/index.php?rest_route=%2Fwp%2Fv2%2Ftags&post=171991"}],"curies":[{"name":"wp","href":"https:\/\/api.w.org\/{rel}","templated":true}]}}