{"id":171983,"date":"2017-10-26T15:23:38","date_gmt":"2017-10-26T15:23:38","guid":{"rendered":"http:\/\/diariodominicano.ddns.net\/?p=171983"},"modified":"2017-10-26T15:23:38","modified_gmt":"2017-10-26T15:23:38","slug":"anibal-garcia-duverge-apoya-primarias-cerradas","status":"publish","type":"post","link":"https:\/\/diariodominicano.com\/?p=171983","title":{"rendered":"An\u00edbal Garc\u00eda Duverg\u00e9 apoya Primarias Cerradas"},"content":{"rendered":"<p><body><\/p>\n<p><img decoding=\"async\" src=\"img3\/percio.jpg\" \/>  <\/p>\n<p><strong>Santo Domingo.- <\/strong>El vicepresidente del Partido Revolucionario Dominicano (PRD), An\u00edbal Garc\u00eda Duverg\u00e9, favoreci\u00f3 la aprobaci\u00f3n de la Ley de Partidos pol\u00edticos con la celebraci\u00f3n de elecciones internas a trav\u00e9s de un padr\u00f3n cerrado, para \u00abevitar que grupos externos puedan influir en la selecci\u00f3n de los candidatos de las diferentes organizaciones\u00bb.<\/p>\n<\/p>\n<p>En ese sentido propuso a la Junta Central Electoral (JCE), exigir  a los diferentes partidos a presentar sus respectivos padrones tal como establecen sus estatutos, para que as\u00ed puedan celebrar sus elecciones internas con estos.<\/p>\n<\/p>\n<p>Al participar en el programa Matinal 5, que se transmite por Telemicro y es conducido por los periodistas Persio Maldonado y Ana Mercy Ot\u00e1\u00f1ez, Garc\u00eda Duverg\u00e9 sostuvo que la sociedad reclama una ley de partidos para transparentar los procesos internos y externos de las organizaciones pol\u00edticas.<\/p>\n<\/p>\n<p>\u00abCon un padr\u00f3n cerrado los procesos de primarias internas de los partidos alcanzar\u00edan as\u00ed mayor legitimidad. Es necesario que adem\u00e1s sean supervisados por el organismo electoral, porque se debe fortalecer la institucionalidad del sistema de partidos, que constituye la base de la democracia  en  una  sociedad\u00bb precis\u00f3 el veterano dirigente perredista.<\/p>\n<\/p>\n<p>Garc\u00eda Duverg\u00e9 manifest\u00f3 que tanto los l\u00edderes de los partidos como el Congreso Nacional deben acoger la sentencia dictaminada en el 2005 por la Suprema Corte de Justicia (SCJ), que declar\u00f3 ese procedimiento contrario a la Constituci\u00f3n.<\/p>\n<\/p>\n<p>Advirti\u00f3 que en el caso dominicano, el sistema de  primarias abiertas no puede ser incluido en la ley de partidos, debido a que es inconstitucional y no puede volver a ser discutido por ninguna otra instancia p\u00fablica.<\/p>\n<\/p>\n<p>\u00abDesarrollar elecciones internas con un padr\u00f3n abierto es una estocada mortal al sistema de partido, por lo que es necesario que reflexionemos y acojamos a lo que establece la Ley\u00bb precis\u00f3 An\u00edbal Garc\u00eda Duverg\u00e9<\/p>\n<\/p>\n<p>El vicepresidente Perrede\u00edstas exhort\u00f3 a la poblaci\u00f3n a dar seguimiento a la ley de partidos a fin de evitar que se construya como un traje a la medida del partido de gobierno y prostituya el sistema de partidario.<\/p>\n<\/p>\n<p><strong>PRD<\/strong><\/p>\n<p>El aspirante a la presidencia del Partido Revolucionario Dominicano, explic\u00f3 que la posici\u00f3n adoptada por el presidente de esa organizaci\u00f3n Miguel Vargas Maldonado, es una postura propia como pol\u00edtico, al tiempo que advirti\u00f3 no es el punto de vista de la comisi\u00f3n pol\u00edtica ya que seg\u00fan dijo esta no sea ha reunido para tratar ese y otros temas de inter\u00e9s.<\/p>\n<\/p>\n<p>Garc\u00eda Duverg\u00e9 sostuvo que trabaja junto a un grupo de hombres y mujeres a trav\u00e9s de una corriente interna del Partido Revolucionario Dominicano denominada por el \u00abRescate del PRD\u00bb, en la que avanzan en la recuperaci\u00f3n de ese partido, \u00abde igual forma avanzamos en retomar la esencia por la cual fue formada nuestra organizaci\u00f3n de defender a la clase m\u00e1s despose\u00edda y ser el partido del pueblo, no un vocero del gobierno como la han convertido las actuales autoridades\u00bb.<\/p>\n<\/p>\n<p>Dijo que el PRD no puede ser gobernado de manera dictatorial y unipersonal por lo que es necesario que se escoja desde ya la Comisi\u00f3n Organizadora de la Convenci\u00f3n que seg\u00fan dijo esta prevista a celebrarse en marzo del pr\u00f3ximo a\u00f1o cuando concluye el periodo por el que fueron electas las actuales autoridades.<\/p>\n<h6> 2017-10-26 15:23:38 <\/h6>\n<p><!--\n<link rel=\"stylesheet\" href=\"css\/bootstrap.min.css\">\n\n\n<ul class=\"pagination\">\n\t    \n\t\n\n<li >\n\t<a href='?page_no=7233'>Previous<\/a>\n\t<\/li>\n\n\n       \n    \n\n<li><a href='?page_no=1'>1<\/a><\/li>\n\n\n\n<li><a href='?page_no=2'>2<\/a><\/li>\n\n\n\n<li><a>...<\/a><\/li>\n\n\n\n<li><a href='?page_no=7232'>7232<\/a><\/li>\n\n\n\n<li><a href='?page_no=7233'>7233<\/a><\/li>\n\n\n\n<li class='active'><a>7234<\/a><\/li>\n\n\n\n<li><a href='?page_no=7235'>7235<\/a><\/li>\n\n\n\n<li><a href='?page_no=7236'>7236<\/a><\/li>\n\n\n\n<li><a>...<\/a><\/li>\n\n\n\n<li><a href='?page_no=36999'>36999<\/a><\/li>\n\n\n\n<li><a href='?page_no=37000'>37000<\/a><\/li>\n\n    \n\t\n\n<li >\n\t<a href='?page_no=7235'>Next<\/a>\n\t<\/li>\n\n\n    \n\n<li><a href='?page_no=37000'>Last &rsaquo;&rsaquo;<\/a><\/li>\n\n<\/ul>\n\n\n--><br \/>\n<\/body><\/p>\n","protected":false},"excerpt":{"rendered":"<p>Santo Domingo.- El vicepresidente del Partido Revolucionario Dominicano (PRD), An\u00edbal Garc\u00eda Duverg\u00e9, favoreci\u00f3 la aprobaci\u00f3n de la Ley de Partidos pol\u00edticos con la celebraci\u00f3n de elecciones internas a trav\u00e9s de un padr\u00f3n cerrado, para \u00abevitar que grupos externos puedan influir en la selecci\u00f3n de los candidatos de las diferentes organizaciones\u00bb. En ese sentido propuso a [&hellip;]<\/p>\n","protected":false},"author":3,"featured_media":0,"comment_status":"open","ping_status":"open","sticky":false,"template":"","format":"standard","meta":{"footnotes":""},"categories":[22],"tags":[],"class_list":["post-171983","post","type-post","status-publish","format-standard","hentry","category-politica"],"_links":{"self":[{"href":"https:\/\/diariodominicano.com\/index.php?rest_route=\/wp\/v2\/posts\/171983","targetHints":{"allow":["GET"]}}],"collection":[{"href":"https:\/\/diariodominicano.com\/index.php?rest_route=\/wp\/v2\/posts"}],"about":[{"href":"https:\/\/diariodominicano.com\/index.php?rest_route=\/wp\/v2\/types\/post"}],"author":[{"embeddable":true,"href":"https:\/\/diariodominicano.com\/index.php?rest_route=\/wp\/v2\/users\/3"}],"replies":[{"embeddable":true,"href":"https:\/\/diariodominicano.com\/index.php?rest_route=%2Fwp%2Fv2%2Fcomments&post=171983"}],"version-history":[{"count":0,"href":"https:\/\/diariodominicano.com\/index.php?rest_route=\/wp\/v2\/posts\/171983\/revisions"}],"wp:attachment":[{"href":"https:\/\/diariodominicano.com\/index.php?rest_route=%2Fwp%2Fv2%2Fmedia&parent=171983"}],"wp:term":[{"taxonomy":"category","embeddable":true,"href":"https:\/\/diariodominicano.com\/index.php?rest_route=%2Fwp%2Fv2%2Fcategories&post=171983"},{"taxonomy":"post_tag","embeddable":true,"href":"https:\/\/diariodominicano.com\/index.php?rest_route=%2Fwp%2Fv2%2Ftags&post=171983"}],"curies":[{"name":"wp","href":"https:\/\/api.w.org\/{rel}","templated":true}]}}