{"id":171982,"date":"2017-10-26T15:42:37","date_gmt":"2017-10-26T15:42:37","guid":{"rendered":"http:\/\/diariodominicano.ddns.net\/?p=171982"},"modified":"2017-10-26T15:42:37","modified_gmt":"2017-10-26T15:42:37","slug":"diputado-alexis-jimenez-lamenta-niveles-de-violencia-y-feminicidio-vive-el-pais","status":"publish","type":"post","link":"https:\/\/diariodominicano.com\/?p=171982","title":{"rendered":"Diputado Alexis Jimenez lamenta niveles de violencia y feminicidio vive el pa\u00eds"},"content":{"rendered":"<p><body><\/p>\n<p><img decoding=\"async\" src=\"img3\/alexis.jpg\" \/>  <\/p>\n<p><strong>Santo Domingo Este.- <\/strong>El diputado de la provincia Santo Domingo, en representaci\u00f3n del Partido Revolucionario Moderno (PRM), Alexis Isaac Jimenez se mostr\u00f3 preocupado por la elevada cantidad de feminicidios que se han producido en los \u00faltimos d\u00edas en el pa\u00eds.<\/p>\n<\/p>\n<p>El joven legislador inst\u00f3 a la sociedad en sentido general a frenar la violencia intrafamiliar, mediante jornadas de concientizaci\u00f3n y prevenci\u00f3n a trav\u00e9s de la familia.<\/p>\n<\/p>\n<p>\u00abEsta epidemia que lleva por nombre feminicidio es la principal causa de muerte violenta de la mujer dominicana, en la que decenas de f\u00e9minas son asesinadas dejando cientos de ni\u00f1os, ni\u00f1as y adolescentes en la orfandad, la cual debemos frenar con tiempo y evitar contin\u00fae creciendo este mal\u00bb deplor\u00f3 el diputado de Santo Domingo Este.<\/p>\n<\/p>\n<p>Sostuvo que para  prevenir hechos de violencia de g\u00e9nero y feminicidios, el hombre debe visualizarse como un modelo a seguir por sus hijos, con un comportamiento y accionar de fe  y ejemplo laboral, respetando, protegiendo y amando a su pareja.<\/p>\n<\/p>\n<p>Jimenez  manifest\u00f3 que  las iglesias deben jugar un papel de vital importancia para que hombres y mujeres asuman su rol  de gu\u00eda de la familia, en la que instruyan a sus hijos en valores y orientarlos para evitar que estos puedan incurrir en esa funesta falta.<\/p>\n<\/p>\n<p>\u00abEs necesario que desde peque\u00f1os las familias emprendan la ense\u00f1anza a los hijos que en una relaci\u00f3n debe haber respeto mutuo, en la que debe primar la comprensi\u00f3n y comunicaci\u00f3n efectiva para evitar lamentables casos como los que han acontecido en la actualidad\u00bb precis\u00f3 Jimenez.<\/p>\n<\/p>\n<p>El legislador perreme\u00edsta afirm\u00f3 que s\u00ed, se puede educar desde la ni\u00f1ez a futuros hombres y mujeres para prevenir la violencia dom\u00e9stica y feminicidios.<\/p>\n<\/p>\n<p>Lament\u00f3 que el Ministerio de Educaci\u00f3n no aplique dentro de su pensum escolar una materia dirigida exclusivamente a prevenir u orientar sobre respeto e igualdad de g\u00e9nero, lo que podr\u00eda continuar la extensi\u00f3n de hombres controladores, posesivos y violentos.<\/p>\n<\/p>\n<p>\u00abDebemos a abocarnos a insertar dentro del compendio curricular de nuestras escuelas una materia que permita a nuestros ni\u00f1os, ni\u00f1as y adolescentes sobre la prevenci\u00f3n de la violencia intrafamiliar y el rescate de los valores que tanto se ha ido perdiendo en nuestra sociedad\u00bb explic\u00f3 el diputado Jimenez.<\/p>\n<\/p>\n<p>El representante de la provincia Santo Domingo llam\u00f3 a la sociedad en sentido general a aunar esfuerzo para evitar que las familias queden solo conformadas por ni\u00f1os y ni\u00f1as hu\u00e9rfanos producto del feminicidio.<\/p>\n<h6> 2017-10-26 15:42:37 <\/h6>\n<p><!--\n<link rel=\"stylesheet\" href=\"css\/bootstrap.min.css\">\n\n\n<ul class=\"pagination\">\n\t    \n\t\n\n<li >\n\t<a href='?page_no=7232'>Previous<\/a>\n\t<\/li>\n\n\n       \n    \n\n<li><a href='?page_no=1'>1<\/a><\/li>\n\n\n\n<li><a href='?page_no=2'>2<\/a><\/li>\n\n\n\n<li><a>...<\/a><\/li>\n\n\n\n<li><a href='?page_no=7231'>7231<\/a><\/li>\n\n\n\n<li><a href='?page_no=7232'>7232<\/a><\/li>\n\n\n\n<li class='active'><a>7233<\/a><\/li>\n\n\n\n<li><a href='?page_no=7234'>7234<\/a><\/li>\n\n\n\n<li><a href='?page_no=7235'>7235<\/a><\/li>\n\n\n\n<li><a>...<\/a><\/li>\n\n\n\n<li><a href='?page_no=36999'>36999<\/a><\/li>\n\n\n\n<li><a href='?page_no=37000'>37000<\/a><\/li>\n\n    \n\t\n\n<li >\n\t<a href='?page_no=7234'>Next<\/a>\n\t<\/li>\n\n\n    \n\n<li><a href='?page_no=37000'>Last &rsaquo;&rsaquo;<\/a><\/li>\n\n<\/ul>\n\n\n--><br \/>\n<\/body><\/p>\n","protected":false},"excerpt":{"rendered":"<p>Santo Domingo Este.- El diputado de la provincia Santo Domingo, en representaci\u00f3n del Partido Revolucionario Moderno (PRM), Alexis Isaac Jimenez se mostr\u00f3 preocupado por la elevada cantidad de feminicidios que se han producido en los \u00faltimos d\u00edas en el pa\u00eds. El joven legislador inst\u00f3 a la sociedad en sentido general a frenar la violencia intrafamiliar, [&hellip;]<\/p>\n","protected":false},"author":3,"featured_media":0,"comment_status":"open","ping_status":"open","sticky":false,"template":"","format":"standard","meta":{"footnotes":""},"categories":[22],"tags":[],"class_list":["post-171982","post","type-post","status-publish","format-standard","hentry","category-politica"],"_links":{"self":[{"href":"https:\/\/diariodominicano.com\/index.php?rest_route=\/wp\/v2\/posts\/171982","targetHints":{"allow":["GET"]}}],"collection":[{"href":"https:\/\/diariodominicano.com\/index.php?rest_route=\/wp\/v2\/posts"}],"about":[{"href":"https:\/\/diariodominicano.com\/index.php?rest_route=\/wp\/v2\/types\/post"}],"author":[{"embeddable":true,"href":"https:\/\/diariodominicano.com\/index.php?rest_route=\/wp\/v2\/users\/3"}],"replies":[{"embeddable":true,"href":"https:\/\/diariodominicano.com\/index.php?rest_route=%2Fwp%2Fv2%2Fcomments&post=171982"}],"version-history":[{"count":0,"href":"https:\/\/diariodominicano.com\/index.php?rest_route=\/wp\/v2\/posts\/171982\/revisions"}],"wp:attachment":[{"href":"https:\/\/diariodominicano.com\/index.php?rest_route=%2Fwp%2Fv2%2Fmedia&parent=171982"}],"wp:term":[{"taxonomy":"category","embeddable":true,"href":"https:\/\/diariodominicano.com\/index.php?rest_route=%2Fwp%2Fv2%2Fcategories&post=171982"},{"taxonomy":"post_tag","embeddable":true,"href":"https:\/\/diariodominicano.com\/index.php?rest_route=%2Fwp%2Fv2%2Ftags&post=171982"}],"curies":[{"name":"wp","href":"https:\/\/api.w.org\/{rel}","templated":true}]}}