{"id":171981,"date":"2017-10-26T15:45:02","date_gmt":"2017-10-26T15:45:02","guid":{"rendered":"http:\/\/diariodominicano.ddns.net\/?p=171981"},"modified":"2017-10-26T15:45:02","modified_gmt":"2017-10-26T15:45:02","slug":"iusy-reunira-en-rd-a-lideres-de-juventudes-politicas-de-las-americas","status":"publish","type":"post","link":"https:\/\/diariodominicano.com\/?p=171981","title":{"rendered":"IUSY reunir\u00e1 en RD a l\u00edderes de juventudes pol\u00edticas de las Am\u00e9ricas"},"content":{"rendered":"<p><body><\/p>\n<p><strong>Santo Domingo, RD.- <\/strong>El Comit\u00e9 Americano de la Uni\u00f3n Internacional de Juventudes Socialistas (IUSY) y la Juventud Revolucionaria Moderna (JRM) anuncian la celebraci\u00f3n en el pa\u00eds de la reuni\u00f3n anual de ese organismo pol\u00edtico de juventudes para tratar los temas concernientes a los j\u00f3venes y su vinculaci\u00f3n con las pol\u00edticas de Estados y en los partidos pol\u00edticos.<\/p>\n<\/p>\n<p>Jean Luis Rodr\u00edguez y Jos\u00e9 Julio G\u00f3mez, Presidente y Secretario internacional, respectivamente, de la JRM, organismo anfitri\u00f3n, informaron mediante un documento de prensa, que este es el evento pol\u00edtico juvenil de mayor importancia en Am\u00e9rica, y en esta ocasi\u00f3n ser\u00e1 celebrado los d\u00edas 27, 28 y 29 de octubre en Santo Domingo, Rep\u00fablica Dominicana, con el tema \u00abAm\u00e9rica Unida en Socialismo y Democracia\u00bb.<\/p>\n<\/p>\n<p>La inauguraci\u00f3n del evento ser\u00e1 celebrada el viernes 27 de octubre en el Paraninfo de Ciencias Jur\u00eddicas (UN) de la UASD, a las 9:30 am, y contar\u00e1 con la participaci\u00f3n de los principales dirigentes del partido Revolucionario Moderno ( PRM), resaltando la presencia de los lideres Hip\u00f3lito Mej\u00eda, Luis Abinader, Andr\u00e9s Bautista, Jes\u00fas Chu V\u00e1squez y la direcci\u00f3n nacional de la Juventud del PRM.<\/p>\n<\/p>\n<p>Se espera la participaci\u00f3n de alrededor de 35 delegados de todas partes de Am\u00e9rica, que llegan al pa\u00eds para sesionar en este evento que aglutina el liderazgo juvenil de la izquierda democr\u00e1tica de Am\u00e9rica.<\/p>\n<\/p>\n<p>Resaltaron que la Uni\u00f3n Internacional de Juventudes Socialistas (IUSY) es la organizaci\u00f3n juvenil m\u00e1s importante del mundo, y en su vigencia, ha reunido a los principales l\u00edderes de las organizaciones de izquierda en 110 a\u00f1os de historia.<\/p>\n<\/p>\n<p>La misma cuenta actualmente con 142 organizaciones pol\u00edticas adscritas en 94 pa\u00edses con el fin de luchar por la igualdad, la justicia y la construcci\u00f3n del socialismo con democracia. La IUSY es una organizaci\u00f3n que promueve el socialismo, la socialdemocracia y el laborismo como la \u00fanica v\u00eda de crear una sociedad m\u00e1s justa para todos.<\/p>\n<\/p>\n<p>Las organizaciones que estar\u00e1n presentes son: Juventud Socialista de Argentina, Movimiento Nacional Reformista y Franja Morada, de argentina, la Juventud Socialista de Chile, Juventud del PPD de Chile, Movimiento al Socialismo de Venezuela, Juventudes de Izquierda del PRD de M\u00e9xico, Juventud del Movimiento Ciudadano de M\u00e9xico, Juventud del Partido un Nuevo Tiempo de Venezuela, Juventud del Partido Revolucionario Democr\u00e1tico de Panam\u00e1.<\/p>\n<\/p>\n<p>Adem\u00e1s la juventud del nuevo espacio de Uruguay, juventud del Partido de Liberaci\u00f3n Nacional de Costa Rica, Juventud Liberal de Colombia, Juventud Pa\u00eds Solidario de Paraguay, Juventud del Partido Socialdem\u00f3crata de Suecia, Juventud del Partido Democr\u00e1tico de Italia y la juventud Revolucionaria Moderna.<\/p>\n<\/p>\n<p>Andr\u00e9s Matos\/ Secretar\u00eda de Comunicaciones PRM<\/p>\n<h6> 2017-10-26 15:45:02 <\/h6>\n<p><!--\n<link rel=\"stylesheet\" href=\"css\/bootstrap.min.css\">\n\n\n<ul class=\"pagination\">\n\t    \n\t\n\n<li >\n\t<a href='?page_no=7231'>Previous<\/a>\n\t<\/li>\n\n\n       \n    \n\n<li><a href='?page_no=1'>1<\/a><\/li>\n\n\n\n<li><a href='?page_no=2'>2<\/a><\/li>\n\n\n\n<li><a>...<\/a><\/li>\n\n\n\n<li><a href='?page_no=7230'>7230<\/a><\/li>\n\n\n\n<li><a href='?page_no=7231'>7231<\/a><\/li>\n\n\n\n<li class='active'><a>7232<\/a><\/li>\n\n\n\n<li><a href='?page_no=7233'>7233<\/a><\/li>\n\n\n\n<li><a href='?page_no=7234'>7234<\/a><\/li>\n\n\n\n<li><a>...<\/a><\/li>\n\n\n\n<li><a href='?page_no=36999'>36999<\/a><\/li>\n\n\n\n<li><a href='?page_no=37000'>37000<\/a><\/li>\n\n    \n\t\n\n<li >\n\t<a href='?page_no=7233'>Next<\/a>\n\t<\/li>\n\n\n    \n\n<li><a href='?page_no=37000'>Last &rsaquo;&rsaquo;<\/a><\/li>\n\n<\/ul>\n\n\n--><br \/>\n<\/body><\/p>\n","protected":false},"excerpt":{"rendered":"<p>Santo Domingo, RD.- El Comit\u00e9 Americano de la Uni\u00f3n Internacional de Juventudes Socialistas (IUSY) y la Juventud Revolucionaria Moderna (JRM) anuncian la celebraci\u00f3n en el pa\u00eds de la reuni\u00f3n anual de ese organismo pol\u00edtico de juventudes para tratar los temas concernientes a los j\u00f3venes y su vinculaci\u00f3n con las pol\u00edticas de Estados y en los [&hellip;]<\/p>\n","protected":false},"author":3,"featured_media":0,"comment_status":"open","ping_status":"open","sticky":false,"template":"","format":"standard","meta":{"footnotes":""},"categories":[22],"tags":[],"class_list":["post-171981","post","type-post","status-publish","format-standard","hentry","category-politica"],"_links":{"self":[{"href":"https:\/\/diariodominicano.com\/index.php?rest_route=\/wp\/v2\/posts\/171981","targetHints":{"allow":["GET"]}}],"collection":[{"href":"https:\/\/diariodominicano.com\/index.php?rest_route=\/wp\/v2\/posts"}],"about":[{"href":"https:\/\/diariodominicano.com\/index.php?rest_route=\/wp\/v2\/types\/post"}],"author":[{"embeddable":true,"href":"https:\/\/diariodominicano.com\/index.php?rest_route=\/wp\/v2\/users\/3"}],"replies":[{"embeddable":true,"href":"https:\/\/diariodominicano.com\/index.php?rest_route=%2Fwp%2Fv2%2Fcomments&post=171981"}],"version-history":[{"count":0,"href":"https:\/\/diariodominicano.com\/index.php?rest_route=\/wp\/v2\/posts\/171981\/revisions"}],"wp:attachment":[{"href":"https:\/\/diariodominicano.com\/index.php?rest_route=%2Fwp%2Fv2%2Fmedia&parent=171981"}],"wp:term":[{"taxonomy":"category","embeddable":true,"href":"https:\/\/diariodominicano.com\/index.php?rest_route=%2Fwp%2Fv2%2Fcategories&post=171981"},{"taxonomy":"post_tag","embeddable":true,"href":"https:\/\/diariodominicano.com\/index.php?rest_route=%2Fwp%2Fv2%2Ftags&post=171981"}],"curies":[{"name":"wp","href":"https:\/\/api.w.org\/{rel}","templated":true}]}}