{"id":171976,"date":"2017-10-27T09:14:52","date_gmt":"2017-10-27T09:14:52","guid":{"rendered":"http:\/\/diariodominicano.ddns.net\/?p=171976"},"modified":"2017-10-27T09:14:52","modified_gmt":"2017-10-27T09:14:52","slug":"partidos-de-oposicion-llaman-a-respaldar-la-jornada-de-movilizacion-del-dia-verde","status":"publish","type":"post","link":"https:\/\/diariodominicano.com\/?p=171976","title":{"rendered":"Partidos de oposici\u00f3n llaman a respaldar la jornada de movilizaci\u00f3n del D\u00eda Verde"},"content":{"rendered":"<p><body><\/p>\n<p><img decoding=\"async\" src=\"img3\/RP BLOQUE.jpg\" \/>  <\/p>\n<p><span class=\"text1noticias\">Santo Domingo, R. D., 27 de octubre, 2017.- Los partidos que conforman el Bloque de Oposici\u00f3n realizaron un llamado a sus militancias para que se integren en sus demarcaciones respectivas al programa de actividades denominado el D\u00eda Verde, organizado por el Movimiento Marcha Verde, a celebrarse este domingo 29 de octubre.<\/span><\/p>\n<\/p>\n<p><span class=\"text1noticias\">En rueda de prensa celebrada en un Hotel de esta capital, las organizaciones tambi\u00e9n manifestaron que rechazan la participaci\u00f3n impune de delincuentes y sicarios en la direcci\u00f3n de las instituciones p\u00fablicas y exigen avances en el caso de Odebrecht y en los dem\u00e1s casos de corrupci\u00f3n.<\/span><\/p>\n<\/p>\n<p><span class=\"text1noticias\">En la misma fungi\u00f3 como vocera, la licenciada Minou Tavarez Mirabal, acompa\u00f1ada por Jes\u00fas V\u00e1squez, Max Puig, el diputado Rogelio Genao hijo, T\u00e1cito Perdomo, la diputada Gloria Reyes, Pedro Mart\u00ednez, Ignacio Espaillat, Ada Barriola, Frank Jerez, Elexido Paula, entre otros.<\/span><\/p>\n<\/p>\n<p><span class=\"text1noticias\">\u00abLos partidos pol\u00edticos que suscribimos este documento hacemos un llamado a nuestras militancias y al pueblo dominicano en general a integrarse activamente a la Jornada Nacional de Movilizaci\u00f3n o D\u00eda Verde que ha sido convocada por el Movimiento Marcha Verde el pr\u00f3ximo domingo 29 de octubre en todo el territorio nacional\u00bb, establece el documento.<\/span><\/p>\n<\/p>\n<p><span class=\"text1noticias\">Resaltaron que el D\u00eda Verde debe ser apoyado por todos los dominicanos y dominicanas en rechazo de la participaci\u00f3n impune de delincuentes y sicarios en la direcci\u00f3n de las instituciones p\u00fablicas, y en reclamo de que se avance en el sometimiento penal de los implicados en el caso Odebrecht, as\u00ed como en todos los casos de corrupci\u00f3n conocidos y para que se haga justicia en nuestro pa\u00eds.<\/span><\/p>\n<\/p>\n<p><span class=\"text1noticias\">\u00abApoyamos la convocatoria a integrarse en las actividades familiares y pacificas que tendr\u00e1n lugar en cada una de las provincias, de los municipios, en los diferentes sectores de nuestro pa\u00eds y en el exterior para contribuir al \u00e9xito de esta nueva manifestaci\u00f3n que llama al pueblo dominicano a expresar contundentemente su voluntad de terminar con la corrupci\u00f3n y la impunidad\u00bb, Refiere.<\/span><\/p>\n<\/p>\n<p>Llaman a todo el pueblo dominicano a manifestarse de manera entusiasta en las calles este pr\u00f3ximo domingo.<\/p>\n<\/p>\n<p>Resaltaron que deben sumarse, visti\u00e9ndose de verde o llevando cualquier sombrilla, lazo o accesorio verde y participando en las redes con la etiqueta #DiaVerde o  #PonteVerde para crear conciencia del da\u00f1o que est\u00e1n haciendo la impunidad y la corrupci\u00f3n en nuestro pa\u00eds.<\/p>\n<\/p>\n<p>Las organizaciones firmantes son: El Partido Revolucionario Moderno, Partido Reformista Sociacristiano, Partido Alianza Pa\u00eds, Partido Humanista Dominicano, Dominicanos por el Cambio, Frente Amplio, Alianza por la Democracia, Partido Revolucionario Socialdem\u00f3crata, Opci\u00f3n Democr\u00e1tica y Partido Socialista Cristiano. <\/p>\n<h6> 2017-10-27 09:14:52 <\/h6>\n<p><!--\n<link rel=\"stylesheet\" href=\"css\/bootstrap.min.css\">\n\n\n<ul class=\"pagination\">\n\t    \n\t\n\n<li >\n\t<a href='?page_no=7227'>Previous<\/a>\n\t<\/li>\n\n\n       \n    \n\n<li><a href='?page_no=1'>1<\/a><\/li>\n\n\n\n<li><a href='?page_no=2'>2<\/a><\/li>\n\n\n\n<li><a>...<\/a><\/li>\n\n\n\n<li><a href='?page_no=7226'>7226<\/a><\/li>\n\n\n\n<li><a href='?page_no=7227'>7227<\/a><\/li>\n\n\n\n<li class='active'><a>7228<\/a><\/li>\n\n\n\n<li><a href='?page_no=7229'>7229<\/a><\/li>\n\n\n\n<li><a href='?page_no=7230'>7230<\/a><\/li>\n\n\n\n<li><a>...<\/a><\/li>\n\n\n\n<li><a href='?page_no=36999'>36999<\/a><\/li>\n\n\n\n<li><a href='?page_no=37000'>37000<\/a><\/li>\n\n    \n\t\n\n<li >\n\t<a href='?page_no=7229'>Next<\/a>\n\t<\/li>\n\n\n    \n\n<li><a href='?page_no=37000'>Last &rsaquo;&rsaquo;<\/a><\/li>\n\n<\/ul>\n\n\n--><br \/>\n<\/body><\/p>\n","protected":false},"excerpt":{"rendered":"<p>Santo Domingo, R. D., 27 de octubre, 2017.- Los partidos que conforman el Bloque de Oposici\u00f3n realizaron un llamado a sus militancias para que se integren en sus demarcaciones respectivas al programa de actividades denominado el D\u00eda Verde, organizado por el Movimiento Marcha Verde, a celebrarse este domingo 29 de octubre. En rueda de prensa [&hellip;]<\/p>\n","protected":false},"author":3,"featured_media":0,"comment_status":"open","ping_status":"open","sticky":false,"template":"","format":"standard","meta":{"footnotes":""},"categories":[22],"tags":[],"class_list":["post-171976","post","type-post","status-publish","format-standard","hentry","category-politica"],"_links":{"self":[{"href":"https:\/\/diariodominicano.com\/index.php?rest_route=\/wp\/v2\/posts\/171976","targetHints":{"allow":["GET"]}}],"collection":[{"href":"https:\/\/diariodominicano.com\/index.php?rest_route=\/wp\/v2\/posts"}],"about":[{"href":"https:\/\/diariodominicano.com\/index.php?rest_route=\/wp\/v2\/types\/post"}],"author":[{"embeddable":true,"href":"https:\/\/diariodominicano.com\/index.php?rest_route=\/wp\/v2\/users\/3"}],"replies":[{"embeddable":true,"href":"https:\/\/diariodominicano.com\/index.php?rest_route=%2Fwp%2Fv2%2Fcomments&post=171976"}],"version-history":[{"count":0,"href":"https:\/\/diariodominicano.com\/index.php?rest_route=\/wp\/v2\/posts\/171976\/revisions"}],"wp:attachment":[{"href":"https:\/\/diariodominicano.com\/index.php?rest_route=%2Fwp%2Fv2%2Fmedia&parent=171976"}],"wp:term":[{"taxonomy":"category","embeddable":true,"href":"https:\/\/diariodominicano.com\/index.php?rest_route=%2Fwp%2Fv2%2Fcategories&post=171976"},{"taxonomy":"post_tag","embeddable":true,"href":"https:\/\/diariodominicano.com\/index.php?rest_route=%2Fwp%2Fv2%2Ftags&post=171976"}],"curies":[{"name":"wp","href":"https:\/\/api.w.org\/{rel}","templated":true}]}}