{"id":171974,"date":"2017-10-28T16:16:14","date_gmt":"2017-10-28T16:16:14","guid":{"rendered":"http:\/\/diariodominicano.ddns.net\/?p=171974"},"modified":"2017-10-28T16:16:14","modified_gmt":"2017-10-28T16:16:14","slug":"depuesto-presidente-de-cataluna-llama-a-defender-independencia","status":"publish","type":"post","link":"https:\/\/diariodominicano.com\/?p=171974","title":{"rendered":"Depuesto presidente de Catalu\u00f1a llama a defender independencia"},"content":{"rendered":"<p><body><\/p>\n<p><img decoding=\"async\" src=\"img3\/Presidente-catalan.jpg\" \/>  <\/p>\n<p><span class=\"text1noticias\">Madrid, 28 oct (PL) El depuesto presidente de Catalu\u00f1a, Carles Puigdemont, llam\u00f3 hoy a sus conciudadanos a oponerse de manera pac\u00edfica a la intervenci\u00f3n de Espa\u00f1a en esa comunidad aut\u00f3noma, que la v\u00edspera consum\u00f3 una declaraci\u00f3n unilateral de independencia.<\/span><\/p>\n<\/p>\n<p><span class=\"text1noticias\">En un mensaje transmitido por la televisora p\u00fablica catalana TV3, el l\u00edder separatista, destituido la v\u00edspera por el presidente del Gobierno espa\u00f1ol, Mariano Rajoy, inst\u00f3 a las fuerzas independentistas a luchar por la v\u00eda democr\u00e1tica para defender el camino de secesi\u00f3n.<\/span><\/p>\n<\/p>\n<p><span class=\"text1noticias\">&#8216;La mejor manera para defender las conquistas alcanzadas hasta hoy es la oposici\u00f3n democr\u00e1tica a la aplicaci\u00f3n del art\u00edculo 155&#8217;, subray\u00f3 en alusi\u00f3n a la cl\u00e1usula de la Constituci\u00f3n que, tras el aval del Senado, permiti\u00f3 a Rajoy adoptar rigurosas medidas contra esa regi\u00f3n.<\/span><\/p>\n<\/p>\n<p><span class=\"text1noticias\">Y debemos hacerlo &#8216;preserv\u00e1ndonos de la represi\u00f3n y de las amenazas, haci\u00e9ndolo sin abandonar nunca, nunca jam\u00e1s, en ning\u00fan momento, una conducta c\u00edvica y pac\u00edfica. No tenemos ni queremos la raz\u00f3n de la fuerza&#8217;, enfatiz\u00f3.<\/span><\/p>\n<\/p>\n<p><span class=\"text1noticias\">Denunci\u00f3 que la activaci\u00f3n del 155 -nunca antes utilizado en cuatro d\u00e9cadas de democracia en Espa\u00f1a- es la consumaci\u00f3n de una agresi\u00f3n premeditada a la voluntad de los catalanes, &#8216;que de manera muy mayoritaria y a lo largo de muchos a\u00f1os nos hemos sentido naci\u00f3n de Europa&#8217;.<\/span><\/p>\n<\/p>\n<p><span class=\"text1noticias\">&#8216;Nuestra voluntad es continuar trabajando para cumplir los mandatos democr\u00e1ticos y al mismo tiempo buscar la m\u00e1xima estabilidad y tranquilidad&#8217;, enfatiz\u00f3 Puigdemont en una velada negativa a aceptar el cese en su cargo decretado por Madrid.<\/span><\/p>\n<\/p>\n<p><span class=\"text1noticias\">&#8216;En una sociedad democr\u00e1tica son los parlamentos quienes eligen o cesan a los presidentes&#8217;, advirti\u00f3.<\/span><\/p>\n<\/p>\n<p><span class=\"text1noticias\">Asegur\u00f3 que seguir\u00e1 esforz\u00e1ndose por llevar adelante el mandato recibido en las urnas para convertir la regi\u00f3n en un Estado soberano, en obvia referencia al triunfo del s\u00ed en el refer\u00e9ndum del 1 de octubre, prohibido por la justicia espa\u00f1ola a instancias de Rajoy.<\/span><\/p>\n<\/p>\n<p><span class=\"text1noticias\">Insisti\u00f3 en que la intervenci\u00f3n ordenada por el gobierno central es una decisi\u00f3n contraria a la voluntad expresada por los ciudadanos en esa consulta unilateral, en la que un 90 por ciento de los casi 2,3 millones de votantes (43 por ciento del padr\u00f3n) favoreci\u00f3 la secesi\u00f3n.<\/span><\/p>\n<\/p>\n<p><span class=\"text1noticias\">La comparecencia del dirigente independentista supone un nuevo desaf\u00edo al ejecutivo espa\u00f1ol, que la v\u00edspera aprob\u00f3 su cese fulminante y el de todo su gabinete y disolvi\u00f3 el parlamento catal\u00e1n para convocar elecciones auton\u00f3micas anticipadas el 21 de diciembre.<\/span><\/p>\n<\/p>\n<p><span class=\"text1noticias\">Rajoy afirm\u00f3 que las medidas aprobadas al amparo del art\u00edculo 155 responden a quienes &#8216;pretenden imponer por la fuerza de los hechos consumados el secuestro inadmisible de la mayor\u00eda de los catalanes&#8217; y el &#8216;hurto de una parte del territorio a la mayor\u00eda de los espa\u00f1oles&#8217;.<\/span><\/p>\n<\/p>\n<p><span class=\"text1noticias\">El mandatario consider\u00f3 que la declaraci\u00f3n de independencia &#8216;no solo va contra la ley, sino que es un acto delictivo&#8217;<\/span><\/p>\n<h6> 2017-10-28 16:16:14 <\/h6>\n<p><!--\n<link rel=\"stylesheet\" href=\"css\/bootstrap.min.css\">\n\n\n<ul class=\"pagination\">\n\t    \n\t\n\n<li >\n\t<a href='?page_no=7225'>Previous<\/a>\n\t<\/li>\n\n\n       \n    \n\n<li><a href='?page_no=1'>1<\/a><\/li>\n\n\n\n<li><a href='?page_no=2'>2<\/a><\/li>\n\n\n\n<li><a>...<\/a><\/li>\n\n\n\n<li><a href='?page_no=7224'>7224<\/a><\/li>\n\n\n\n<li><a href='?page_no=7225'>7225<\/a><\/li>\n\n\n\n<li class='active'><a>7226<\/a><\/li>\n\n\n\n<li><a href='?page_no=7227'>7227<\/a><\/li>\n\n\n\n<li><a href='?page_no=7228'>7228<\/a><\/li>\n\n\n\n<li><a>...<\/a><\/li>\n\n\n\n<li><a href='?page_no=36999'>36999<\/a><\/li>\n\n\n\n<li><a href='?page_no=37000'>37000<\/a><\/li>\n\n    \n\t\n\n<li >\n\t<a href='?page_no=7227'>Next<\/a>\n\t<\/li>\n\n\n    \n\n<li><a href='?page_no=37000'>Last &rsaquo;&rsaquo;<\/a><\/li>\n\n<\/ul>\n\n\n--><br \/>\n<\/body><\/p>\n","protected":false},"excerpt":{"rendered":"<p>Madrid, 28 oct (PL) El depuesto presidente de Catalu\u00f1a, Carles Puigdemont, llam\u00f3 hoy a sus conciudadanos a oponerse de manera pac\u00edfica a la intervenci\u00f3n de Espa\u00f1a en esa comunidad aut\u00f3noma, que la v\u00edspera consum\u00f3 una declaraci\u00f3n unilateral de independencia. En un mensaje transmitido por la televisora p\u00fablica catalana TV3, el l\u00edder separatista, destituido la v\u00edspera [&hellip;]<\/p>\n","protected":false},"author":3,"featured_media":0,"comment_status":"open","ping_status":"open","sticky":false,"template":"","format":"standard","meta":{"footnotes":""},"categories":[22],"tags":[],"class_list":["post-171974","post","type-post","status-publish","format-standard","hentry","category-politica"],"_links":{"self":[{"href":"https:\/\/diariodominicano.com\/index.php?rest_route=\/wp\/v2\/posts\/171974","targetHints":{"allow":["GET"]}}],"collection":[{"href":"https:\/\/diariodominicano.com\/index.php?rest_route=\/wp\/v2\/posts"}],"about":[{"href":"https:\/\/diariodominicano.com\/index.php?rest_route=\/wp\/v2\/types\/post"}],"author":[{"embeddable":true,"href":"https:\/\/diariodominicano.com\/index.php?rest_route=\/wp\/v2\/users\/3"}],"replies":[{"embeddable":true,"href":"https:\/\/diariodominicano.com\/index.php?rest_route=%2Fwp%2Fv2%2Fcomments&post=171974"}],"version-history":[{"count":0,"href":"https:\/\/diariodominicano.com\/index.php?rest_route=\/wp\/v2\/posts\/171974\/revisions"}],"wp:attachment":[{"href":"https:\/\/diariodominicano.com\/index.php?rest_route=%2Fwp%2Fv2%2Fmedia&parent=171974"}],"wp:term":[{"taxonomy":"category","embeddable":true,"href":"https:\/\/diariodominicano.com\/index.php?rest_route=%2Fwp%2Fv2%2Fcategories&post=171974"},{"taxonomy":"post_tag","embeddable":true,"href":"https:\/\/diariodominicano.com\/index.php?rest_route=%2Fwp%2Fv2%2Ftags&post=171974"}],"curies":[{"name":"wp","href":"https:\/\/api.w.org\/{rel}","templated":true}]}}