{"id":171971,"date":"2017-10-29T01:43:20","date_gmt":"2017-10-29T01:43:20","guid":{"rendered":"http:\/\/diariodominicano.ddns.net\/?p=171971"},"modified":"2017-10-29T01:43:20","modified_gmt":"2017-10-29T01:43:20","slug":"el-pld-y-la-fundacion-juan-bosch-en-ny-conmemoraran-con-actos-16-aniversario-de-partida-fisica-de-bosch","status":"publish","type":"post","link":"https:\/\/diariodominicano.com\/?p=171971","title":{"rendered":"El PLD y la Fundaci\u00f3n Juan Bosch en NY conmemorar\u00e1n con actos 16 aniversario de partida f\u00edsica de Bosch"},"content":{"rendered":"<p><body><\/p>\n<p><img decoding=\"async\" src=\"img3\/Foto del Profesor Juan Bosch.png\" \/>  <\/p>\n<p><strong>NUEVA YORK.-L<\/strong>a Direcci\u00f3n Seccional Estatal de Nueva York del Partido de la Liberaci\u00f3n Dominicana y la Fundaci\u00f3n Juan Bosch USA realizar\u00e1n una misa y un solemne acto l\u00edrico cultural en recordaci\u00f3n y homenaje p\u00f3stumo al ex presidente Profesor Juan Bosch, en ocasi\u00f3n de conmemorarse el primero de noviembre el d\u00e9cimosexto aniversario de su partida f\u00edsica.<\/p>\n<\/p>\n<p>Frank Cortorreal, presidente de la Direccion Seccional Estatal del PLD, y Miguelina Concepci\u00f3n, presidente de la Fundaci\u00f3n Juan Bosch en Nueva York, est\u00e1n convocando a la comunidad dominicana a participar en la misa que ser\u00e1 efectuada el martes 31 de octubre, a las 7:00 de la noche, en la Iglesia Nuestra Se\u00f1ora de la Esperanza, localizada en el 624 West de la calle 156, entre la avenida Broadway y Riversidedrive en Manhattan.<\/p>\n<\/p>\n<p>Asimismo invitan a sus connacionales residentes en Nueva York al acto solemne l\u00edrico cultural que se realizar\u00e1 el mi\u00e9rcoles 1 de noviembre, a las 6:30 p.m., en la sala de teatro Rafael Villalona del Comisionado Dominicano de Cultura en los Estados Unidos, situado en el 541 West de la calle 145, en Manhattan.<\/p>\n<\/p>\n<p>Este evento consistir\u00e1 en un concierto a cargo de la orquesta de la c\u00e1mara del Comisionado Dominicano de Cultura, bajo la direcci\u00f3n del maestro Miguel Andr\u00e9s Tejada, la soprano Lisbelkis Santana, el cantautor Jankarlos N\u00fa\u00f1ez y la presentaci\u00f3n de la obra Don Juan, de la teatrista Dinorah Coronado.<\/p>\n<\/p>\n<p>Frank Cortorreal, quien tambi\u00e9n es miembro del Comit\u00e9 Central del PLD, y Miguelina Concepci\u00f3n, dijeron que se espera una masiva participaci\u00f3n de la comunidad dominicana a los actos que ser\u00e1n realizados en honor a Juan Bosch, quien fund\u00f3 esa organizaci\u00f3n pol\u00edtica en el a\u00f1o 1973 y el Partido Revolucionario Dominicano (PRD) en el a\u00f1o 1939, entidad que es aliada del partido de Gobierno.<\/p>\n<\/p>\n<p>El Profesor Juan Bosch, quien se destac\u00f3 como pol\u00edtico, escritor, novelista y ensayista, siendo el Presidente que implement\u00f3 la aut\u00e9ntica democracia en la Rep\u00fablica Dominicana (del 27 de febrero al 25 de septiembre de 1963) naci\u00f3 en La Vega el 30 de junio de 1909, hijo de Jos\u00e9 Bosch y \u00c1ngela Gavi\u00f1o Costales. Muri\u00f3 el 1 de noviembre de 2001 en Santo Domingo. Sus restos fueron sepultados en el Cementerio Ornamental de su ciudad natal, pero sus ideales permanecen como un legado en la humanidad. <strong>(Adalberto Dom\u00ednguez)<\/strong><\/p>\n<\/p>\n<h6> 2017-10-29 01:43:20 <\/h6>\n<p><!--\n<link rel=\"stylesheet\" href=\"css\/bootstrap.min.css\">\n\n\n<ul class=\"pagination\">\n\t    \n\t\n\n<li >\n\t<a href='?page_no=7222'>Previous<\/a>\n\t<\/li>\n\n\n       \n    \n\n<li><a href='?page_no=1'>1<\/a><\/li>\n\n\n\n<li><a href='?page_no=2'>2<\/a><\/li>\n\n\n\n<li><a>...<\/a><\/li>\n\n\n\n<li><a href='?page_no=7221'>7221<\/a><\/li>\n\n\n\n<li><a href='?page_no=7222'>7222<\/a><\/li>\n\n\n\n<li class='active'><a>7223<\/a><\/li>\n\n\n\n<li><a href='?page_no=7224'>7224<\/a><\/li>\n\n\n\n<li><a href='?page_no=7225'>7225<\/a><\/li>\n\n\n\n<li><a>...<\/a><\/li>\n\n\n\n<li><a href='?page_no=36999'>36999<\/a><\/li>\n\n\n\n<li><a href='?page_no=37000'>37000<\/a><\/li>\n\n    \n\t\n\n<li >\n\t<a href='?page_no=7224'>Next<\/a>\n\t<\/li>\n\n\n    \n\n<li><a href='?page_no=37000'>Last &rsaquo;&rsaquo;<\/a><\/li>\n\n<\/ul>\n\n\n--><br \/>\n<\/body><\/p>\n","protected":false},"excerpt":{"rendered":"<p>NUEVA YORK.-La Direcci\u00f3n Seccional Estatal de Nueva York del Partido de la Liberaci\u00f3n Dominicana y la Fundaci\u00f3n Juan Bosch USA realizar\u00e1n una misa y un solemne acto l\u00edrico cultural en recordaci\u00f3n y homenaje p\u00f3stumo al ex presidente Profesor Juan Bosch, en ocasi\u00f3n de conmemorarse el primero de noviembre el d\u00e9cimosexto aniversario de su partida f\u00edsica. [&hellip;]<\/p>\n","protected":false},"author":3,"featured_media":0,"comment_status":"open","ping_status":"open","sticky":false,"template":"","format":"standard","meta":{"footnotes":""},"categories":[22],"tags":[],"class_list":["post-171971","post","type-post","status-publish","format-standard","hentry","category-politica"],"_links":{"self":[{"href":"https:\/\/diariodominicano.com\/index.php?rest_route=\/wp\/v2\/posts\/171971","targetHints":{"allow":["GET"]}}],"collection":[{"href":"https:\/\/diariodominicano.com\/index.php?rest_route=\/wp\/v2\/posts"}],"about":[{"href":"https:\/\/diariodominicano.com\/index.php?rest_route=\/wp\/v2\/types\/post"}],"author":[{"embeddable":true,"href":"https:\/\/diariodominicano.com\/index.php?rest_route=\/wp\/v2\/users\/3"}],"replies":[{"embeddable":true,"href":"https:\/\/diariodominicano.com\/index.php?rest_route=%2Fwp%2Fv2%2Fcomments&post=171971"}],"version-history":[{"count":0,"href":"https:\/\/diariodominicano.com\/index.php?rest_route=\/wp\/v2\/posts\/171971\/revisions"}],"wp:attachment":[{"href":"https:\/\/diariodominicano.com\/index.php?rest_route=%2Fwp%2Fv2%2Fmedia&parent=171971"}],"wp:term":[{"taxonomy":"category","embeddable":true,"href":"https:\/\/diariodominicano.com\/index.php?rest_route=%2Fwp%2Fv2%2Fcategories&post=171971"},{"taxonomy":"post_tag","embeddable":true,"href":"https:\/\/diariodominicano.com\/index.php?rest_route=%2Fwp%2Fv2%2Ftags&post=171971"}],"curies":[{"name":"wp","href":"https:\/\/api.w.org\/{rel}","templated":true}]}}