{"id":171969,"date":"2017-10-29T15:41:03","date_gmt":"2017-10-29T15:41:03","guid":{"rendered":"http:\/\/diariodominicano.ddns.net\/?p=171969"},"modified":"2017-10-29T15:41:03","modified_gmt":"2017-10-29T15:41:03","slug":"gustavo-montalvo-felicita-a-tony-raful-por-su-eleccion-presidente-del-parlacen","status":"publish","type":"post","link":"https:\/\/diariodominicano.com\/?p=171969","title":{"rendered":"Gustavo Montalvo felicita a Tony Raful por su elecci\u00f3n presidente del Parlacen"},"content":{"rendered":"<p><body><\/p>\n<p><img decoding=\"async\" src=\"img3\/parlacen.jpg\" \/>  <\/p>\n<p><strong>SANTO DOMINGO.- <\/strong>El ministro de la Presidencia de la Rep\u00fablica, Gustavo Montalvo, felicit\u00f3 al diputado Tony Raful por su elecci\u00f3n como nuevo presidente del Parlamento Centroamericano (Parlacen) para el per\u00edodo 2017-2018.<\/p>\n<\/p>\n<p>\u00abLe deseo \u00e9xitos y logros en esta nueva misi\u00f3n, que es un reconocimiento a su carrera parlamentaria y motivo de orgullo para el pueblo dominicano\u00bb, expresa Montalvo en su comunicaci\u00f3n a dirigida a Raful.<\/p>\n<\/p>\n<p>El diputado dominicano fue electo el pasado lunes como presidente del organismo regional con sede en Guatemala, en el marco de la asamblea del Parlamento Latinoamericano y Caribe\u00f1o (Parlatino) que se celebra en Panam\u00e1.<\/p>\n<\/p>\n<p>Tony Raful asumi\u00f3 el cargo ayer s\u00e1bado tras ser juramentado en una ceremonia celebrada en Ciudad de Panam\u00e1, junto a los dem\u00e1s integrantes de la nueva Junta Directiva, conformada por los vicepresidentes Mauricio Quintero, de El Salvador; Jaime Mart\u00ednez, de Guatemala; \u00d3scar Burgos, de Honduras; Larissa Colindres, de Nicaragua, y Juan Pablo Garc\u00eda Farinoni, de Panam\u00e1.<\/p>\n<\/p>\n<p>Tambi\u00e9n forman parte de la directiva los secretarios Irma Amaya, de El Salvador; Nadia de Le\u00f3n, de Guatemala; Edgar Navas, de Nicaragua; Abelardo Mu\u00f1oz, de Panam\u00e1; Manuel Adames, de Rep\u00fablica Dominicana, y Omar Gonz\u00e1lez, de Honduras.<\/p>\n<\/p>\n<p>En el acto de juramentaci\u00f3n participaron los 120 diputados de los seis Estados que conforman el Parlacen, entre ellos la presidenta saliente, la diputada Priscilla de Mir\u00f3, de Panam\u00e1, quien le dese\u00f3 muchos \u00e9xitos a Raful en sus nuevas funciones.<\/p>\n<\/p>\n<p>El Parlacen est\u00e1 integrado por Guatemala, El Salvador, Honduras, Nicaragua, Rep\u00fablica Dominicana y Panam\u00e1, y tiene como observadores a M\u00e9xico, Puerto Rico, Marruecos, Taiw\u00e1n y Venezuela.<\/p>\n<h6> 2017-10-29 15:41:03 <\/h6>\n<p><!--\n<link rel=\"stylesheet\" href=\"css\/bootstrap.min.css\">\n\n\n<ul class=\"pagination\">\n\t    \n\t\n\n<li >\n\t<a href='?page_no=7220'>Previous<\/a>\n\t<\/li>\n\n\n       \n    \n\n<li><a href='?page_no=1'>1<\/a><\/li>\n\n\n\n<li><a href='?page_no=2'>2<\/a><\/li>\n\n\n\n<li><a>...<\/a><\/li>\n\n\n\n<li><a href='?page_no=7219'>7219<\/a><\/li>\n\n\n\n<li><a href='?page_no=7220'>7220<\/a><\/li>\n\n\n\n<li class='active'><a>7221<\/a><\/li>\n\n\n\n<li><a href='?page_no=7222'>7222<\/a><\/li>\n\n\n\n<li><a href='?page_no=7223'>7223<\/a><\/li>\n\n\n\n<li><a>...<\/a><\/li>\n\n\n\n<li><a href='?page_no=36999'>36999<\/a><\/li>\n\n\n\n<li><a href='?page_no=37000'>37000<\/a><\/li>\n\n    \n\t\n\n<li >\n\t<a href='?page_no=7222'>Next<\/a>\n\t<\/li>\n\n\n    \n\n<li><a href='?page_no=37000'>Last &rsaquo;&rsaquo;<\/a><\/li>\n\n<\/ul>\n\n\n--><br \/>\n<\/body><\/p>\n","protected":false},"excerpt":{"rendered":"<p>SANTO DOMINGO.- El ministro de la Presidencia de la Rep\u00fablica, Gustavo Montalvo, felicit\u00f3 al diputado Tony Raful por su elecci\u00f3n como nuevo presidente del Parlamento Centroamericano (Parlacen) para el per\u00edodo 2017-2018. \u00abLe deseo \u00e9xitos y logros en esta nueva misi\u00f3n, que es un reconocimiento a su carrera parlamentaria y motivo de orgullo para el pueblo [&hellip;]<\/p>\n","protected":false},"author":3,"featured_media":0,"comment_status":"open","ping_status":"open","sticky":false,"template":"","format":"standard","meta":{"footnotes":""},"categories":[22],"tags":[],"class_list":["post-171969","post","type-post","status-publish","format-standard","hentry","category-politica"],"_links":{"self":[{"href":"https:\/\/diariodominicano.com\/index.php?rest_route=\/wp\/v2\/posts\/171969","targetHints":{"allow":["GET"]}}],"collection":[{"href":"https:\/\/diariodominicano.com\/index.php?rest_route=\/wp\/v2\/posts"}],"about":[{"href":"https:\/\/diariodominicano.com\/index.php?rest_route=\/wp\/v2\/types\/post"}],"author":[{"embeddable":true,"href":"https:\/\/diariodominicano.com\/index.php?rest_route=\/wp\/v2\/users\/3"}],"replies":[{"embeddable":true,"href":"https:\/\/diariodominicano.com\/index.php?rest_route=%2Fwp%2Fv2%2Fcomments&post=171969"}],"version-history":[{"count":0,"href":"https:\/\/diariodominicano.com\/index.php?rest_route=\/wp\/v2\/posts\/171969\/revisions"}],"wp:attachment":[{"href":"https:\/\/diariodominicano.com\/index.php?rest_route=%2Fwp%2Fv2%2Fmedia&parent=171969"}],"wp:term":[{"taxonomy":"category","embeddable":true,"href":"https:\/\/diariodominicano.com\/index.php?rest_route=%2Fwp%2Fv2%2Fcategories&post=171969"},{"taxonomy":"post_tag","embeddable":true,"href":"https:\/\/diariodominicano.com\/index.php?rest_route=%2Fwp%2Fv2%2Ftags&post=171969"}],"curies":[{"name":"wp","href":"https:\/\/api.w.org\/{rel}","templated":true}]}}