{"id":171966,"date":"2017-10-30T00:20:09","date_gmt":"2017-10-30T00:20:09","guid":{"rendered":"http:\/\/diariodominicano.ddns.net\/?p=171966"},"modified":"2017-10-30T00:20:09","modified_gmt":"2017-10-30T00:20:09","slug":"marcha-verde-dice-que-el-gobierno-fomenta-el-crimen","status":"publish","type":"post","link":"https:\/\/diariodominicano.com\/?p=171966","title":{"rendered":"Marcha Verde dice que el Gobierno fomenta el crimen"},"content":{"rendered":"<p><body><\/p>\n<p><img decoding=\"async\" src=\"img3\/e76dc303-marcha-verde-frente-a-omsa-rm-81-640x384.jpg\" \/><br \/><img decoding=\"async\" src=\"img3\/3ff27d71-marcha-verde-frente-a-omsa-rm-49-300x350.jpg\" \/><br \/><img decoding=\"async\" src=\"img3\/fdd47176-maria-tereza-cabrera-rm-6-300x350.jpg\" \/>  <\/p>\n<\/p>\n<p>Manifestantes obstaculizan autob\u00fas de la Omsa que pasa por el lugar.<\/p>\n<\/p>\n<p>SANTO DOMINGO, Bajo la consigna \u00abEsta lucha no se para, ni con blocks ni con cadena\u00bb, el colectivo Marcha Verde se concentr\u00f3 ayer frente a la sede de la Oficina Metropolitana de Servicios de Autobuses (Omsa), ubicada en el municipio Santo Domingo Oeste, como parte de una jornada de actividades para expresar su rechazo a lo que denomin\u00f3 \u00abdelincuencia pol\u00edtica\u00bb que administra el Estado.<\/p>\n<p>La representante del Movimiento Verde, Mar\u00eda Teresa Cabrera dijo que se escogi\u00f3 a la Omsa para iniciar las actividades \u00abporque la Omsa es un s\u00edmbolo de asesinato, robo y sicariato, porque ya no solo roban, sino que tambi\u00e9n matan\u00bb.<\/p>\n<\/p>\n<p>Sostuvo que la Marcha Verde busca la creaci\u00f3n de una justicia plena, que act\u00fae con decisi\u00f3n firme para enviar a los corruptos y asesinos a la c\u00e1rcel.<\/p>\n<\/p>\n<p>\u00abEl pueblo dominicano no permanecer\u00e1 inm\u00f3vil frente a un gobierno que permite que desde sus instituciones operen mafias pol\u00edticas, militares y empresariales, protegidas por sus altas jerarqu\u00edas, incluida la Presidencia de la Rep\u00fablica, como son los casos de la OISOE, CORDE, CEA, OMSA, Polic\u00eda Nacional, Poder Judicial, entre otros\u00bb, advirti\u00f3 Cabrera.<\/p>\n<\/p>\n<p>Durante la concentraci\u00f3n, fue escenificada la muerte del abogadoYuniol Ramirez, acost\u00e1ndose en medio de la calle con bloks y cadenas, como fue encontrado el cad\u00e1ver del profesor universitario. Rosel\u00edn Ram\u00edrez, hija del asesinado abogado Yuniol Ram\u00edrez Ferreras, tambi\u00e9n particip\u00f3 en la manifestaci\u00f3n.<\/p>\n<\/p>\n<p>D\u00eda Verde<\/p>\n<p>La Marcha Verde explic\u00f3 que ayer se desarrollaron actividades en m\u00e1s de 50 municipios del pa\u00eds para expresar su rechazo a la impunidad y la corrupci\u00f3n administrativa.<\/p>\n<\/p>\n<p>Los representantes del colectivo verde confirmaron la realizaci\u00f3n de actividades en todas las provincias del pa\u00eds, en Estados Unidos y Europa.<\/p>\n<\/p>\n<p>Entre las iniciativas realizadas, figuran montajes teatrales verdes, cadenas humanas, conciertos, jornadas de trova y poes\u00eda, caravanas verdes, piquetes, bandereos, jornadas familiares verdes, volanteos en plazas comerciales, playas verdes, entre otras.<\/p>\n<\/p>\n<p>Mujer defiende a Medina en la tarima verde<\/p>\n<\/p>\n<p>Durante la proclama del Movimiento Marcha Verde, una mujer subi\u00f3 a la tarima y tom\u00f3 el micr\u00f3fono para defender las ejecutorias del presidente Danilo Medina. La dama, identificada como Pilar De la Cruz, dijo en tarima: \u00abEn el nombre de Dios, el presidente Danilo Medina est\u00e1 trabajando\u00bb, por lo que de inmediato integrantes del grupo verde le quitaron el micr\u00f3fono, golpeando una de sus manos con el palo de una bandera, De la Cruz fue abucheada y acorralada por manifestantes, quienes la insultaron y le vociferaron \u00abes una enviada por esos corruptos para boicotear el acto\u00bb. (Genrris Agramonte  |  30 octubre, 2017\/elCaribe)<\/p>\n<\/p>\n<h6> 2017-10-30 00:20:09 <\/h6>\n<p><!--\n<link rel=\"stylesheet\" href=\"css\/bootstrap.min.css\">\n\n\n<ul class=\"pagination\">\n\t    \n\t\n\n<li >\n\t<a href='?page_no=7218'>Previous<\/a>\n\t<\/li>\n\n\n       \n    \n\n<li><a href='?page_no=1'>1<\/a><\/li>\n\n\n\n<li><a href='?page_no=2'>2<\/a><\/li>\n\n\n\n<li><a>...<\/a><\/li>\n\n\n\n<li><a href='?page_no=7217'>7217<\/a><\/li>\n\n\n\n<li><a href='?page_no=7218'>7218<\/a><\/li>\n\n\n\n<li class='active'><a>7219<\/a><\/li>\n\n\n\n<li><a href='?page_no=7220'>7220<\/a><\/li>\n\n\n\n<li><a href='?page_no=7221'>7221<\/a><\/li>\n\n\n\n<li><a>...<\/a><\/li>\n\n\n\n<li><a href='?page_no=36999'>36999<\/a><\/li>\n\n\n\n<li><a href='?page_no=37000'>37000<\/a><\/li>\n\n    \n\t\n\n<li >\n\t<a href='?page_no=7220'>Next<\/a>\n\t<\/li>\n\n\n    \n\n<li><a href='?page_no=37000'>Last &rsaquo;&rsaquo;<\/a><\/li>\n\n<\/ul>\n\n\n--><br \/>\n<\/body><\/p>\n","protected":false},"excerpt":{"rendered":"<p>Manifestantes obstaculizan autob\u00fas de la Omsa que pasa por el lugar. SANTO DOMINGO, Bajo la consigna \u00abEsta lucha no se para, ni con blocks ni con cadena\u00bb, el colectivo Marcha Verde se concentr\u00f3 ayer frente a la sede de la Oficina Metropolitana de Servicios de Autobuses (Omsa), ubicada en el municipio Santo Domingo Oeste, como [&hellip;]<\/p>\n","protected":false},"author":3,"featured_media":0,"comment_status":"open","ping_status":"open","sticky":false,"template":"","format":"standard","meta":{"footnotes":""},"categories":[22],"tags":[],"class_list":["post-171966","post","type-post","status-publish","format-standard","hentry","category-politica"],"_links":{"self":[{"href":"https:\/\/diariodominicano.com\/index.php?rest_route=\/wp\/v2\/posts\/171966","targetHints":{"allow":["GET"]}}],"collection":[{"href":"https:\/\/diariodominicano.com\/index.php?rest_route=\/wp\/v2\/posts"}],"about":[{"href":"https:\/\/diariodominicano.com\/index.php?rest_route=\/wp\/v2\/types\/post"}],"author":[{"embeddable":true,"href":"https:\/\/diariodominicano.com\/index.php?rest_route=\/wp\/v2\/users\/3"}],"replies":[{"embeddable":true,"href":"https:\/\/diariodominicano.com\/index.php?rest_route=%2Fwp%2Fv2%2Fcomments&post=171966"}],"version-history":[{"count":0,"href":"https:\/\/diariodominicano.com\/index.php?rest_route=\/wp\/v2\/posts\/171966\/revisions"}],"wp:attachment":[{"href":"https:\/\/diariodominicano.com\/index.php?rest_route=%2Fwp%2Fv2%2Fmedia&parent=171966"}],"wp:term":[{"taxonomy":"category","embeddable":true,"href":"https:\/\/diariodominicano.com\/index.php?rest_route=%2Fwp%2Fv2%2Fcategories&post=171966"},{"taxonomy":"post_tag","embeddable":true,"href":"https:\/\/diariodominicano.com\/index.php?rest_route=%2Fwp%2Fv2%2Ftags&post=171966"}],"curies":[{"name":"wp","href":"https:\/\/api.w.org\/{rel}","templated":true}]}}