{"id":171964,"date":"2017-10-30T11:20:37","date_gmt":"2017-10-30T11:20:37","guid":{"rendered":"http:\/\/diariodominicano.ddns.net\/?p=171964"},"modified":"2017-10-30T11:20:37","modified_gmt":"2017-10-30T11:20:37","slug":"pld-informa-sobre-actos-conmemorativos-al-fallecimiento-de-bosch-este-miercoles","status":"publish","type":"post","link":"https:\/\/diariodominicano.com\/?p=171964","title":{"rendered":"PLD informa sobre actos conmemorativos al fallecimiento  de Bosch, este mi\u00e9rcoles"},"content":{"rendered":"<p><body><\/p>\n<p><img decoding=\"async\" src=\"img3\/16aniverBosch.jpg\" \/>  <\/p>\n<p><span class=\"text1noticias\">Santo Domingo, R, D., 30 de octubre, 2017.- El Partido de la Liberaci\u00f3n Dominicana confirma la realizaci\u00f3n de una  serie de actos para conmemorar, este mi\u00e9rcoles  primero de noviembre, el 16 aniversario del fallecimiento del l\u00edder hist\u00f3rico de esa organizaci\u00f3n, Profesor Juan Bosch.<\/span><\/p>\n<p><span class=\"text1noticias\"> <\/span><\/p>\n<p><span class=\"text1noticias\">Con tales fines la comisi\u00f3n de celebraciones y conmemoraciones del PLD, que coordina Cristina Lizardo, integrante del Comit\u00e9 Pol\u00edtico,  confirm\u00f3 la organizaci\u00f3n de actividades centrales en la ciudad capital y en el municipio La Vega.<\/span><\/p>\n<p><span class=\"text1noticias\"> <\/span><\/p>\n<p><span class=\"text1noticias\">Para las diez de la ma\u00f1ana del pr\u00f3ximo mi\u00e9rcoles se confirm\u00f3 la realizaci\u00f3n de una Ofrenda Floral  en el mausoleo que guardan los restos del Profesor Juan Bosch en el Cementerio Ornamental de La Vega a cargo de los Comit\u00e9s Provincial y Municipal, con una representaci\u00f3n de la direcci\u00f3n pol\u00edtica del PLD.<\/span><\/p>\n<p><span class=\"text1noticias\"> <\/span><\/p>\n<p><span class=\"text1noticias\">El mismo mi\u00e9rcoles a las 5 de la tarde se program\u00f3 una eucarist\u00eda en la Parroquia San Antonio de Padua en Gascue, Distrito Nacional  de donde se partir\u00e1 a la Casa Nacional del PLD para un acto de recordaci\u00f3n al profesor Juan Bosch en la fecha de su fallecimiento.<\/span><\/p>\n<p><span class=\"text1noticias\"> <\/span><\/p>\n<p><span class=\"text1noticias\">\u00abJuan Bosch Siempre. A 16 a\u00f1os de su partida\u00bb es el t\u00edtulo del acto de homenaje que se efectuar\u00e1 en el Gran Sal\u00f3n de la Casa Nacional del PLD a partir de las seis de la tarde,  en donde se realizar\u00e1 una ofrenda floral colectiva amenizada con m\u00fasica y cantos en honor al fenecido maestro de la pol\u00edtica.<\/span><\/p>\n<p><span class=\"text1noticias\"> <\/span><\/p>\n<p><span class=\"text1noticias\">En la ofrenda en La Vega, en la eucarist\u00eda en la Iglesia San Antonio de Padua y en el homenaje a Bosch en la Casa Nacional del PLD,  hablar\u00e1n dirigentes del PLD con palabras de reconocimiento al mentor y l\u00edder hist\u00f3rico de la organizaci\u00f3n.<\/span><\/p>\n<p><span class=\"text1noticias\"> <\/span><\/p>\n<p><span class=\"text1noticias\">Desde las seccionales del PLD en el exterior reportaron la organizaci\u00f3n de diferentes actividades al igual que el Comit\u00e9 Pronvincial de San Juan y el municipal de Santiago.<\/span><\/p>\n<p><span class=\"text1noticias\"> <\/span><\/p>\n<p><span class=\"text1noticias\">Las c\u00e1tedras extracurriculares Profesor Juan Bosch y Jos\u00e9 Mart\u00ed de la Universidad Aut\u00f3noma de Santo Domingo  organizan para las 10 de la ma\u00f1ana del d\u00eda mi\u00e9rcoles primero de noviembre la Ofrenda Una Flor para Juan Bosch que se efectuar\u00e1 en la Plaza Latinoamericana y caribe\u00f1a del campus central de la UASD.<\/span><\/p>\n<p><span class=\"text1noticias\"> <\/span><\/p>\n<p><span class=\"text1noticias\">El profesor Juan Bosch falleci\u00f3 en horas de la madrugada del 1 de noviembre del a\u00f1o 2001 en el centro cl\u00ednico en donde era atendido de una afecci\u00f3n del sistema respiratorio y alteraciones neurol\u00f3gicas.<\/span><\/p>\n<p><span class=\"text1noticias\"> <\/span><\/p>\n<p><span class=\"text1noticias\">Al fallecer contaba con 92 a\u00f1os y cumpliendo un deseo suyo, fue sepultado en el Cementerio Ornamental de la ciudad de La Vega, la que le vio nacer en el 30 de junio del a\u00f1o 1909.<\/span><\/p>\n<p><span class=\"text1noticias\"> <\/span><\/p>\n<p><span class=\"text1noticias\">SECRETARIA DE COMUNICACIONES del PLD<\/span><\/p>\n<p><span class=\"text1noticias\"> <\/span><\/p>\n<p><span class=\"text1noticias\">30 DE OCT<\/span>UBRE, 2017<\/p>\n<\/p>\n<\/p>\n<h6> 2017-10-30 11:20:37 <\/h6>\n<p><!--\n<link rel=\"stylesheet\" href=\"css\/bootstrap.min.css\">\n\n\n<ul class=\"pagination\">\n\t    \n\t\n\n<li >\n\t<a href='?page_no=7216'>Previous<\/a>\n\t<\/li>\n\n\n       \n    \n\n<li><a href='?page_no=1'>1<\/a><\/li>\n\n\n\n<li><a href='?page_no=2'>2<\/a><\/li>\n\n\n\n<li><a>...<\/a><\/li>\n\n\n\n<li><a href='?page_no=7215'>7215<\/a><\/li>\n\n\n\n<li><a href='?page_no=7216'>7216<\/a><\/li>\n\n\n\n<li class='active'><a>7217<\/a><\/li>\n\n\n\n<li><a href='?page_no=7218'>7218<\/a><\/li>\n\n\n\n<li><a href='?page_no=7219'>7219<\/a><\/li>\n\n\n\n<li><a>...<\/a><\/li>\n\n\n\n<li><a href='?page_no=36999'>36999<\/a><\/li>\n\n\n\n<li><a href='?page_no=37000'>37000<\/a><\/li>\n\n    \n\t\n\n<li >\n\t<a href='?page_no=7218'>Next<\/a>\n\t<\/li>\n\n\n    \n\n<li><a href='?page_no=37000'>Last &rsaquo;&rsaquo;<\/a><\/li>\n\n<\/ul>\n\n\n--><br \/>\n<\/body><\/p>\n","protected":false},"excerpt":{"rendered":"<p>Santo Domingo, R, D., 30 de octubre, 2017.- El Partido de la Liberaci\u00f3n Dominicana confirma la realizaci\u00f3n de una serie de actos para conmemorar, este mi\u00e9rcoles primero de noviembre, el 16 aniversario del fallecimiento del l\u00edder hist\u00f3rico de esa organizaci\u00f3n, Profesor Juan Bosch. Con tales fines la comisi\u00f3n de celebraciones y conmemoraciones del PLD, que [&hellip;]<\/p>\n","protected":false},"author":3,"featured_media":0,"comment_status":"open","ping_status":"open","sticky":false,"template":"","format":"standard","meta":{"footnotes":""},"categories":[22],"tags":[],"class_list":["post-171964","post","type-post","status-publish","format-standard","hentry","category-politica"],"_links":{"self":[{"href":"https:\/\/diariodominicano.com\/index.php?rest_route=\/wp\/v2\/posts\/171964","targetHints":{"allow":["GET"]}}],"collection":[{"href":"https:\/\/diariodominicano.com\/index.php?rest_route=\/wp\/v2\/posts"}],"about":[{"href":"https:\/\/diariodominicano.com\/index.php?rest_route=\/wp\/v2\/types\/post"}],"author":[{"embeddable":true,"href":"https:\/\/diariodominicano.com\/index.php?rest_route=\/wp\/v2\/users\/3"}],"replies":[{"embeddable":true,"href":"https:\/\/diariodominicano.com\/index.php?rest_route=%2Fwp%2Fv2%2Fcomments&post=171964"}],"version-history":[{"count":0,"href":"https:\/\/diariodominicano.com\/index.php?rest_route=\/wp\/v2\/posts\/171964\/revisions"}],"wp:attachment":[{"href":"https:\/\/diariodominicano.com\/index.php?rest_route=%2Fwp%2Fv2%2Fmedia&parent=171964"}],"wp:term":[{"taxonomy":"category","embeddable":true,"href":"https:\/\/diariodominicano.com\/index.php?rest_route=%2Fwp%2Fv2%2Fcategories&post=171964"},{"taxonomy":"post_tag","embeddable":true,"href":"https:\/\/diariodominicano.com\/index.php?rest_route=%2Fwp%2Fv2%2Ftags&post=171964"}],"curies":[{"name":"wp","href":"https:\/\/api.w.org\/{rel}","templated":true}]}}