{"id":171963,"date":"2017-10-30T12:52:24","date_gmt":"2017-10-30T12:52:24","guid":{"rendered":"http:\/\/diariodominicano.ddns.net\/?p=171963"},"modified":"2017-10-30T12:52:24","modified_gmt":"2017-10-30T12:52:24","slug":"foro-ciudadano-es-posible-usar-el-presupuesto-para-garantizar-derechos","status":"publish","type":"post","link":"https:\/\/diariodominicano.com\/?p=171963","title":{"rendered":"Foro Ciudadano: es posible usar el presupuesto para garantizar derechos&#13;"},"content":{"rendered":"<p><body><\/p>\n<p><strong>Santo Domingo.<\/strong> Foro Ciudadano (FC), espacio articulado por cientos de organizaciones y movimientos sociales, y la campa\u00f1a Casa Ya, impulsada por la comisi\u00f3n de Vivienda y h\u00e1bitat de este colectivo, realizaron la asamblea informativa de FC, con el tema central: las marcas de la pol\u00edtica habitacional. Donde se abord\u00f3 las particularidades que toma el ejercicio del derecho a una vivienda digna en Rep\u00fablica Dominicana. Adem\u00e1s, se llam\u00f3 al Estado e revisar el presupuesto en pro de la garant\u00eda de este derecho constitucional.<\/p>\n<\/p>\n<p>Aseguran que los datos del \u00faltimo Censo arrojaron que el pa\u00eds arrastra un d\u00e9ficit habitacional superior a los dos millones de vivienda, y que aumenta unas 37 mil viviendas al a\u00f1o, situaci\u00f3n que ha causado que el 71% de la poblaci\u00f3n del pa\u00eds viva con alguna carencia habitacional, ya sea por deficiencia estructural, de servicios o la ausencia misma de una vivienda. <\/p>\n<\/p>\n<p>Por ello el grupo cataloga como insuficientes y desalentadores los esfuerzos del Estado para combatir la problem\u00e1tica habitacional. Pues la inversi\u00f3n en la sectorial en los \u00faltimos a\u00f1os se ha caracterizado por paup\u00e9rrima, y m\u00e1s si se compara con la magnitud del d\u00e9ficit. Para el 2018 la inversi\u00f3n propuesta es de apenas el 0.09% del PIB y se prev\u00e9 que ser\u00e1 ejecutado por unas siete instituciones.<\/p>\n<\/p>\n<p>\u00abEste nivel de dispersi\u00f3n evidencia que el derecho humano a la vivienda no figura dentro de las prioridades de la actual administraci\u00f3n p\u00fablica\u00bb, aseguran. <\/p>\n<\/p>\n<p>Por ello Foro Ciudadano y las organizaciones que le componen llaman al Estado dominicano a emplear el presupuesto nacional para garantizar m\u00e1s y mejores derechos. A\u00f1aden que para lograrlo el Gobierno debe de auditar todas las entidades del Estado, ya que disminuir la duplicidad institucional de unas 77 instancias representar\u00eda un ahorro potencial de unos 13,000 millones, seg\u00fan un estudio publicado por Oxfam Rep\u00fablica Dominicana.  <\/p>\n<\/p>\n<p>La misma investigaci\u00f3n se\u00f1ala que el ahorro general ser\u00eda de unos 90,920 millones anuales (2.5% del PIB) de eliminarse el malgasto, que tambi\u00e9n incluye mal uso de la n\u00f3mina p\u00fablica, propaganda, vi\u00e1ticos, uso discrecional del presidente, entre otros.  <\/p>\n<\/p>\n<p>Estas declaraciones fueron ofrecidas en la asamblea informativa de Foro Ciudadano, donde, adem\u00e1s, el colectivo resalt\u00f3 la necesidad de que se revise el presupuesto junto con los actores de la vida nacional a fin de que este instrumenta sirva para responder a las demandas sociales del pa\u00eds y garantizar derechos a la poblaci\u00f3n. Aseguran que la solicitud de participar en la revisi\u00f3n del presupuesto se enmarca en el ejercicio del derecho a la participaci\u00f3n que asiste a cada ciudadano constitucionalmente. <\/p>\n<h6> 2017-10-30 12:52:24 <\/h6>\n<p><!--\n<link rel=\"stylesheet\" href=\"css\/bootstrap.min.css\">\n\n\n<ul class=\"pagination\">\n\t    \n\t\n\n<li >\n\t<a href='?page_no=7215'>Previous<\/a>\n\t<\/li>\n\n\n       \n    \n\n<li><a href='?page_no=1'>1<\/a><\/li>\n\n\n\n<li><a href='?page_no=2'>2<\/a><\/li>\n\n\n\n<li><a>...<\/a><\/li>\n\n\n\n<li><a href='?page_no=7214'>7214<\/a><\/li>\n\n\n\n<li><a href='?page_no=7215'>7215<\/a><\/li>\n\n\n\n<li class='active'><a>7216<\/a><\/li>\n\n\n\n<li><a href='?page_no=7217'>7217<\/a><\/li>\n\n\n\n<li><a href='?page_no=7218'>7218<\/a><\/li>\n\n\n\n<li><a>...<\/a><\/li>\n\n\n\n<li><a href='?page_no=36999'>36999<\/a><\/li>\n\n\n\n<li><a href='?page_no=37000'>37000<\/a><\/li>\n\n    \n\t\n\n<li >\n\t<a href='?page_no=7217'>Next<\/a>\n\t<\/li>\n\n\n    \n\n<li><a href='?page_no=37000'>Last &rsaquo;&rsaquo;<\/a><\/li>\n\n<\/ul>\n\n\n--><br \/>\n<\/body><\/p>\n","protected":false},"excerpt":{"rendered":"<p>Santo Domingo. Foro Ciudadano (FC), espacio articulado por cientos de organizaciones y movimientos sociales, y la campa\u00f1a Casa Ya, impulsada por la comisi\u00f3n de Vivienda y h\u00e1bitat de este colectivo, realizaron la asamblea informativa de FC, con el tema central: las marcas de la pol\u00edtica habitacional. Donde se abord\u00f3 las particularidades que toma el ejercicio [&hellip;]<\/p>\n","protected":false},"author":3,"featured_media":0,"comment_status":"open","ping_status":"open","sticky":false,"template":"","format":"standard","meta":{"footnotes":""},"categories":[22],"tags":[],"class_list":["post-171963","post","type-post","status-publish","format-standard","hentry","category-politica"],"_links":{"self":[{"href":"https:\/\/diariodominicano.com\/index.php?rest_route=\/wp\/v2\/posts\/171963","targetHints":{"allow":["GET"]}}],"collection":[{"href":"https:\/\/diariodominicano.com\/index.php?rest_route=\/wp\/v2\/posts"}],"about":[{"href":"https:\/\/diariodominicano.com\/index.php?rest_route=\/wp\/v2\/types\/post"}],"author":[{"embeddable":true,"href":"https:\/\/diariodominicano.com\/index.php?rest_route=\/wp\/v2\/users\/3"}],"replies":[{"embeddable":true,"href":"https:\/\/diariodominicano.com\/index.php?rest_route=%2Fwp%2Fv2%2Fcomments&post=171963"}],"version-history":[{"count":0,"href":"https:\/\/diariodominicano.com\/index.php?rest_route=\/wp\/v2\/posts\/171963\/revisions"}],"wp:attachment":[{"href":"https:\/\/diariodominicano.com\/index.php?rest_route=%2Fwp%2Fv2%2Fmedia&parent=171963"}],"wp:term":[{"taxonomy":"category","embeddable":true,"href":"https:\/\/diariodominicano.com\/index.php?rest_route=%2Fwp%2Fv2%2Fcategories&post=171963"},{"taxonomy":"post_tag","embeddable":true,"href":"https:\/\/diariodominicano.com\/index.php?rest_route=%2Fwp%2Fv2%2Ftags&post=171963"}],"curies":[{"name":"wp","href":"https:\/\/api.w.org\/{rel}","templated":true}]}}