{"id":171962,"date":"2017-10-30T13:55:05","date_gmt":"2017-10-30T13:55:05","guid":{"rendered":"http:\/\/diariodominicano.ddns.net\/?p=171962"},"modified":"2017-10-30T13:55:05","modified_gmt":"2017-10-30T13:55:05","slug":"presidente-medina-felicita-a-tony-raful-por-su-eleccion-presidente-del-parlacen","status":"publish","type":"post","link":"https:\/\/diariodominicano.com\/?p=171962","title":{"rendered":"Presidente Medina felicita a Tony Raful por su elecci\u00f3n presidente del Parlacen"},"content":{"rendered":"<p><body><\/p>\n<p><img decoding=\"async\" src=\"img3\/raful1.jpg\" \/>  <\/p>\n<p><strong>SANTO DOMINGO.<\/strong> El presidente de la Rep\u00fablica, Danilo Medina, felicit\u00f3 este lunes al diputado al Parlamento Centroamericano (Parlacen), Tony Raful, por ser elegido presidente de ese organismo regional con sede en Guatemala, resaltando sus m\u00e9ritos como profesional, legislador, poeta y ensayista.<\/p>\n<\/p>\n<p>\u00abCon mucha satisfacci\u00f3n, le expreso las m\u00e1s c\u00e1lidas congratulaciones, en nombre del Gobierno y del m\u00edo propio, por su elecci\u00f3n para presidir el Parlamento Centroamericano (Parlacen), en representaci\u00f3n de la Rep\u00fablica Dominicana, durante la asamblea electoral celebrada en la Ciudad de Panam\u00e1\u00bb, expresa el Jefe del Estado en una carta dirigida a Raful.<\/p>\n<\/p>\n<p>El presidente Medina destaca en otro p\u00e1rrafo de su misiva que es propicia la ocasi\u00f3n para formular los mejores deseos por el \u00e9xito de su gesti\u00f3n al frente del organismo regional, \u00aben un accionar que estar\u00e1 avalado por sus elevados m\u00e9ritos profesionales y como legislador, laureado poeta y ensayista, as\u00ed como por su desempe\u00f1o en diversas funciones p\u00fablicas\u00bb.<\/p>\n<\/p>\n<p>El nuevo presidente del Parlacen fue electo para el per\u00edodo 2017-2018 y fue juramentado el pasado s\u00e1bado junto a los dem\u00e1s integrantes de la Junta Directiva en una ceremonia celebrada en Panam\u00e1, en la que participaron los diputados de los seis pa\u00edses que integran el organismo.<\/p>\n<\/p>\n<p>El Parlacen est\u00e1 integrado por Guatemala, El Salvador, Honduras, Nicaragua, Rep\u00fablica Dominicana y Panam\u00e1, y tiene como observadores a M\u00e9xico, Puerto Rico, Marruecos, Taiw\u00e1n y Venezuela.<\/p>\n<h6> 2017-10-30 13:55:05 <\/h6>\n<p><!--\n<link rel=\"stylesheet\" href=\"css\/bootstrap.min.css\">\n\n\n<ul class=\"pagination\">\n\t    \n\t\n\n<li >\n\t<a href='?page_no=7214'>Previous<\/a>\n\t<\/li>\n\n\n       \n    \n\n<li><a href='?page_no=1'>1<\/a><\/li>\n\n\n\n<li><a href='?page_no=2'>2<\/a><\/li>\n\n\n\n<li><a>...<\/a><\/li>\n\n\n\n<li><a href='?page_no=7213'>7213<\/a><\/li>\n\n\n\n<li><a href='?page_no=7214'>7214<\/a><\/li>\n\n\n\n<li class='active'><a>7215<\/a><\/li>\n\n\n\n<li><a href='?page_no=7216'>7216<\/a><\/li>\n\n\n\n<li><a href='?page_no=7217'>7217<\/a><\/li>\n\n\n\n<li><a>...<\/a><\/li>\n\n\n\n<li><a href='?page_no=36999'>36999<\/a><\/li>\n\n\n\n<li><a href='?page_no=37000'>37000<\/a><\/li>\n\n    \n\t\n\n<li >\n\t<a href='?page_no=7216'>Next<\/a>\n\t<\/li>\n\n\n    \n\n<li><a href='?page_no=37000'>Last &rsaquo;&rsaquo;<\/a><\/li>\n\n<\/ul>\n\n\n--><br \/>\n<\/body><\/p>\n","protected":false},"excerpt":{"rendered":"<p>SANTO DOMINGO. El presidente de la Rep\u00fablica, Danilo Medina, felicit\u00f3 este lunes al diputado al Parlamento Centroamericano (Parlacen), Tony Raful, por ser elegido presidente de ese organismo regional con sede en Guatemala, resaltando sus m\u00e9ritos como profesional, legislador, poeta y ensayista. \u00abCon mucha satisfacci\u00f3n, le expreso las m\u00e1s c\u00e1lidas congratulaciones, en nombre del Gobierno y [&hellip;]<\/p>\n","protected":false},"author":3,"featured_media":0,"comment_status":"open","ping_status":"open","sticky":false,"template":"","format":"standard","meta":{"footnotes":""},"categories":[22],"tags":[],"class_list":["post-171962","post","type-post","status-publish","format-standard","hentry","category-politica"],"_links":{"self":[{"href":"https:\/\/diariodominicano.com\/index.php?rest_route=\/wp\/v2\/posts\/171962","targetHints":{"allow":["GET"]}}],"collection":[{"href":"https:\/\/diariodominicano.com\/index.php?rest_route=\/wp\/v2\/posts"}],"about":[{"href":"https:\/\/diariodominicano.com\/index.php?rest_route=\/wp\/v2\/types\/post"}],"author":[{"embeddable":true,"href":"https:\/\/diariodominicano.com\/index.php?rest_route=\/wp\/v2\/users\/3"}],"replies":[{"embeddable":true,"href":"https:\/\/diariodominicano.com\/index.php?rest_route=%2Fwp%2Fv2%2Fcomments&post=171962"}],"version-history":[{"count":0,"href":"https:\/\/diariodominicano.com\/index.php?rest_route=\/wp\/v2\/posts\/171962\/revisions"}],"wp:attachment":[{"href":"https:\/\/diariodominicano.com\/index.php?rest_route=%2Fwp%2Fv2%2Fmedia&parent=171962"}],"wp:term":[{"taxonomy":"category","embeddable":true,"href":"https:\/\/diariodominicano.com\/index.php?rest_route=%2Fwp%2Fv2%2Fcategories&post=171962"},{"taxonomy":"post_tag","embeddable":true,"href":"https:\/\/diariodominicano.com\/index.php?rest_route=%2Fwp%2Fv2%2Ftags&post=171962"}],"curies":[{"name":"wp","href":"https:\/\/api.w.org\/{rel}","templated":true}]}}