{"id":171961,"date":"2017-10-30T14:52:50","date_gmt":"2017-10-30T14:52:50","guid":{"rendered":"http:\/\/diariodominicano.ddns.net\/?p=171961"},"modified":"2017-10-30T14:52:50","modified_gmt":"2017-10-30T14:52:50","slug":"franklin-almeyda-dice-que-los-actuales-son-momentos-propicios-para-superar-debilidades-en-el-pld","status":"publish","type":"post","link":"https:\/\/diariodominicano.com\/?p=171961","title":{"rendered":"Franklin Almeyda dice que los actuales son momentos propicios para superar debilidades en el PLD"},"content":{"rendered":"<p><body><\/p>\n<p><img decoding=\"async\" src=\"img3\/Franklin Almeyda.JPG\" \/>  <\/p>\n<p><span class=\"text1noticias\"> <\/span><\/p>\n<p><span class=\"text1noticias\">Santo Domingo, RD, 30 de octubre, &#8211; Franklin Almeyda, miembro del Comit\u00e9 Pol\u00edtico del Partido de la Liberaci\u00f3n Dominicana, dijo que este es el momento m\u00e1s adecuado para superar las debilidades internas, mejorar las relaciones Partido-Gobierno y acoger los desaf\u00edos como oportunidades para avanzar.<\/span><\/p>\n<p><span class=\"text1noticias\"> <\/span><\/p>\n<p><span class=\"text1noticias\">Almeyda sugiere empezar por el liderazgo principal e ir acercando entre s\u00ed a toda la membres\u00eda y poner a funcionar la estructura organizativa.<\/span><\/p>\n<p><span class=\"text1noticias\"> <\/span><\/p>\n<p><span class=\"text1noticias\">\u00abSe trata de un relanzamiento partidario. El legado dejado por Juan Bosch no debe perecer en las manos de los que son sus disc\u00edpulos directos\u00bb, apunt\u00f3 Almeyda en su art\u00edculo titulado \u00abEntenderse ahora\u00bb, publicado en el peri\u00f3dico El Caribe y Vanguardia del Pueblo Digital despachado en un reporte por la Secretar\u00eda de Comunicaciones del PLD.<\/span><\/p>\n<p><span class=\"text1noticias\"> <\/span><\/p>\n<p><span class=\"text1noticias\">Subray\u00f3 que la historia es como la naturaleza, que no perdona, y responsabilizar a los otros y no a s\u00ed mismo, es igual que dejar que depreden los bienes los bienes de la naturaleza, que son de todos, para luego sufrir las consecuencias. \u00abAhora es cuando debe entenderse el liderazgo, empezando por el principal\u00bb.<\/span><\/p>\n<p><span class=\"text1noticias\"> <\/span><\/p>\n<p><span class=\"text1noticias\">Indic\u00f3 que desde su arribo al poder, el gobierno del PLD ha logrado crecimiento macroecon\u00f3mico sostenido, para colocar al pa\u00eds en el progreso, pero que se deben consolidar las instituciones del Estado, lograr inclusi\u00f3n social y garantizar igualdad de oportunidades.<\/span><\/p>\n<p><span class=\"text1noticias\"> <\/span><\/p>\n<p><span class=\"text1noticias\">\u00abEstos son desaf\u00edos y no debe haber distracciones en proyectos individuales. Acercar posiciones y cohabitar es entenderse para situar a la organizaci\u00f3n en el centro de lo que se espera de ella. La responsabilidad partidaria es servirle de soporte al Gobierno, para facilitar un flujo normal y armonioso en la relaci\u00f3n Partido-Gobierno\u00bb, se\u00f1al\u00f3.<\/span><\/p>\n<p><span class=\"text1noticias\">  <\/span><\/p>\n<p><span class=\"text1noticias\">El dirigente pelede\u00edsta tambi\u00e9n estima como un desaf\u00edo para los dirigentes principales del PLD cohabitar. \u00abEs decisivo si se trata de la necesidad de que toda la organizaci\u00f3n supere debilidades internas y pasar a ser de un partido an\u00e1logo a digital\u00bb.<\/span><\/p>\n<p><span class=\"text1noticias\"> <\/span><\/p>\n<p><span class=\"text1noticias\">Expresa que entenderse significa hacer de los desaf\u00edos un esfuerzo de todos, no de unos pocos, aclarando que cohabitar es aportar soluciones y escoger por consenso, la mejor.<\/span><\/p>\n<p><span class=\"text1noticias\"> <\/span><\/p>\n<p><span class=\"text1noticias\">Agreg\u00f3 que se requiere hacer prevalecer la democracia interna, para no perecer. \u00abEso significa pensar en voz alta para decidir. Las ideas y la capacidad de crear son intr\u00ednseca del ser humano. No se trata de subir la voz ni presionar para tener raz\u00f3n\u00bb<\/span><\/p>\n<h6> 2017-10-30 14:52:50 <\/h6>\n<p><!--\n<link rel=\"stylesheet\" href=\"css\/bootstrap.min.css\">\n\n\n<ul class=\"pagination\">\n\t    \n\t\n\n<li >\n\t<a href='?page_no=7213'>Previous<\/a>\n\t<\/li>\n\n\n       \n    \n\n<li><a href='?page_no=1'>1<\/a><\/li>\n\n\n\n<li><a href='?page_no=2'>2<\/a><\/li>\n\n\n\n<li><a>...<\/a><\/li>\n\n\n\n<li><a href='?page_no=7212'>7212<\/a><\/li>\n\n\n\n<li><a href='?page_no=7213'>7213<\/a><\/li>\n\n\n\n<li class='active'><a>7214<\/a><\/li>\n\n\n\n<li><a href='?page_no=7215'>7215<\/a><\/li>\n\n\n\n<li><a href='?page_no=7216'>7216<\/a><\/li>\n\n\n\n<li><a>...<\/a><\/li>\n\n\n\n<li><a href='?page_no=36999'>36999<\/a><\/li>\n\n\n\n<li><a href='?page_no=37000'>37000<\/a><\/li>\n\n    \n\t\n\n<li >\n\t<a href='?page_no=7215'>Next<\/a>\n\t<\/li>\n\n\n    \n\n<li><a href='?page_no=37000'>Last &rsaquo;&rsaquo;<\/a><\/li>\n\n<\/ul>\n\n\n--><br \/>\n<\/body><\/p>\n","protected":false},"excerpt":{"rendered":"<p>Santo Domingo, RD, 30 de octubre, &#8211; Franklin Almeyda, miembro del Comit\u00e9 Pol\u00edtico del Partido de la Liberaci\u00f3n Dominicana, dijo que este es el momento m\u00e1s adecuado para superar las debilidades internas, mejorar las relaciones Partido-Gobierno y acoger los desaf\u00edos como oportunidades para avanzar. Almeyda sugiere empezar por el liderazgo principal e ir acercando entre [&hellip;]<\/p>\n","protected":false},"author":3,"featured_media":0,"comment_status":"open","ping_status":"open","sticky":false,"template":"","format":"standard","meta":{"footnotes":""},"categories":[22],"tags":[],"class_list":["post-171961","post","type-post","status-publish","format-standard","hentry","category-politica"],"_links":{"self":[{"href":"https:\/\/diariodominicano.com\/index.php?rest_route=\/wp\/v2\/posts\/171961","targetHints":{"allow":["GET"]}}],"collection":[{"href":"https:\/\/diariodominicano.com\/index.php?rest_route=\/wp\/v2\/posts"}],"about":[{"href":"https:\/\/diariodominicano.com\/index.php?rest_route=\/wp\/v2\/types\/post"}],"author":[{"embeddable":true,"href":"https:\/\/diariodominicano.com\/index.php?rest_route=\/wp\/v2\/users\/3"}],"replies":[{"embeddable":true,"href":"https:\/\/diariodominicano.com\/index.php?rest_route=%2Fwp%2Fv2%2Fcomments&post=171961"}],"version-history":[{"count":0,"href":"https:\/\/diariodominicano.com\/index.php?rest_route=\/wp\/v2\/posts\/171961\/revisions"}],"wp:attachment":[{"href":"https:\/\/diariodominicano.com\/index.php?rest_route=%2Fwp%2Fv2%2Fmedia&parent=171961"}],"wp:term":[{"taxonomy":"category","embeddable":true,"href":"https:\/\/diariodominicano.com\/index.php?rest_route=%2Fwp%2Fv2%2Fcategories&post=171961"},{"taxonomy":"post_tag","embeddable":true,"href":"https:\/\/diariodominicano.com\/index.php?rest_route=%2Fwp%2Fv2%2Ftags&post=171961"}],"curies":[{"name":"wp","href":"https:\/\/api.w.org\/{rel}","templated":true}]}}