{"id":171960,"date":"2017-10-30T22:15:20","date_gmt":"2017-10-30T22:15:20","guid":{"rendered":"http:\/\/diariodominicano.ddns.net\/?p=171960"},"modified":"2017-10-30T22:15:20","modified_gmt":"2017-10-30T22:15:20","slug":"ley-electoral-permitiria-a-la-jce-organizar-debates-entre-candidatos","status":"publish","type":"post","link":"https:\/\/diariodominicano.com\/?p=171960","title":{"rendered":"Ley Electoral permitir\u00eda a la JCE organizar debates entre candidatos"},"content":{"rendered":"<p><body><\/p>\n<p><img decoding=\"async\" src=\"img3\/_DSC9209.JPG\" \/><br \/><img decoding=\"async\" src=\"img3\/_DSC9317(1).jpg\" \/>  <\/p>\n<p><strong>SANTO DOMINGO, RD, 30 de octubre de 2017- <\/strong> La Comisi\u00f3n Bicameral que estudia el Proyecto de Ley Org\u00e1nica del R\u00e9gimen Electoral avanz\u00f3 este lunes en  el conocimiento de la pieza legislativa desde el art\u00edculo 110 hasta el 160.<\/p>\n<\/p>\n<p>El presidente de la comisi\u00f3n, el senador Ar\u00edstides Victoria Yeb explic\u00f3 que los temas consensuados abarcan el reconocimiento a la Junta Central Electoral para la organizaci\u00f3n de los debates entre los candidatos y supervisar las tarifas de publicidad en los medios de comunicaci\u00f3n para garantizar la equidad.<\/p>\n<\/p>\n<p>De igual modo, los legisladores conocieron sobre las normas de conducta de los candidatos, el lenguaje que deben usar, la propaganda electoral y la manera en que deben inscribirse las candidaturas.<\/p>\n<\/p>\n<p>Adem\u00e1s, conocieron el tema de los delegados pol\u00edticos de los partidos y la acreditaci\u00f3n de un coordinador de campa\u00f1a tanto en la Junta Central Electoral como en las Juntas Municipales, \u00abpara evitar cualquier tipo de desinformaci\u00f3n en las actividades\u00bb.<\/p>\n<\/p>\n<p>En la reuni\u00f3n de este lunes tambi\u00e9n se aprob\u00f3 que la campa\u00f1a electoral finalizar\u00e1 a las 12 de la noche del jueves antes del domingo del d\u00eda de las elecciones.<\/p>\n<\/p>\n<p>La Comisi\u00f3n Bicameral que estudia el Proyecto de Ley Org\u00e1nica del R\u00e9gimen Electoral volver\u00e1 a reunirse el pr\u00f3ximo jueves en el Sal\u00f3n Polivalente del Senado de la Rep\u00fablica.<\/p>\n<\/p>\n<h6> 2017-10-30 22:15:20 <\/h6>\n<p><!--\n<link rel=\"stylesheet\" href=\"css\/bootstrap.min.css\">\n\n\n<ul class=\"pagination\">\n\t    \n\t\n\n<li >\n\t<a href='?page_no=7212'>Previous<\/a>\n\t<\/li>\n\n\n       \n    \n\n<li><a href='?page_no=1'>1<\/a><\/li>\n\n\n\n<li><a href='?page_no=2'>2<\/a><\/li>\n\n\n\n<li><a>...<\/a><\/li>\n\n\n\n<li><a href='?page_no=7211'>7211<\/a><\/li>\n\n\n\n<li><a href='?page_no=7212'>7212<\/a><\/li>\n\n\n\n<li class='active'><a>7213<\/a><\/li>\n\n\n\n<li><a href='?page_no=7214'>7214<\/a><\/li>\n\n\n\n<li><a href='?page_no=7215'>7215<\/a><\/li>\n\n\n\n<li><a>...<\/a><\/li>\n\n\n\n<li><a href='?page_no=36999'>36999<\/a><\/li>\n\n\n\n<li><a href='?page_no=37000'>37000<\/a><\/li>\n\n    \n\t\n\n<li >\n\t<a href='?page_no=7214'>Next<\/a>\n\t<\/li>\n\n\n    \n\n<li><a href='?page_no=37000'>Last &rsaquo;&rsaquo;<\/a><\/li>\n\n<\/ul>\n\n\n--><br \/>\n<\/body><\/p>\n","protected":false},"excerpt":{"rendered":"<p>SANTO DOMINGO, RD, 30 de octubre de 2017- La Comisi\u00f3n Bicameral que estudia el Proyecto de Ley Org\u00e1nica del R\u00e9gimen Electoral avanz\u00f3 este lunes en el conocimiento de la pieza legislativa desde el art\u00edculo 110 hasta el 160. El presidente de la comisi\u00f3n, el senador Ar\u00edstides Victoria Yeb explic\u00f3 que los temas consensuados abarcan el [&hellip;]<\/p>\n","protected":false},"author":3,"featured_media":0,"comment_status":"open","ping_status":"open","sticky":false,"template":"","format":"standard","meta":{"footnotes":""},"categories":[22],"tags":[],"class_list":["post-171960","post","type-post","status-publish","format-standard","hentry","category-politica"],"_links":{"self":[{"href":"https:\/\/diariodominicano.com\/index.php?rest_route=\/wp\/v2\/posts\/171960","targetHints":{"allow":["GET"]}}],"collection":[{"href":"https:\/\/diariodominicano.com\/index.php?rest_route=\/wp\/v2\/posts"}],"about":[{"href":"https:\/\/diariodominicano.com\/index.php?rest_route=\/wp\/v2\/types\/post"}],"author":[{"embeddable":true,"href":"https:\/\/diariodominicano.com\/index.php?rest_route=\/wp\/v2\/users\/3"}],"replies":[{"embeddable":true,"href":"https:\/\/diariodominicano.com\/index.php?rest_route=%2Fwp%2Fv2%2Fcomments&post=171960"}],"version-history":[{"count":0,"href":"https:\/\/diariodominicano.com\/index.php?rest_route=\/wp\/v2\/posts\/171960\/revisions"}],"wp:attachment":[{"href":"https:\/\/diariodominicano.com\/index.php?rest_route=%2Fwp%2Fv2%2Fmedia&parent=171960"}],"wp:term":[{"taxonomy":"category","embeddable":true,"href":"https:\/\/diariodominicano.com\/index.php?rest_route=%2Fwp%2Fv2%2Fcategories&post=171960"},{"taxonomy":"post_tag","embeddable":true,"href":"https:\/\/diariodominicano.com\/index.php?rest_route=%2Fwp%2Fv2%2Ftags&post=171960"}],"curies":[{"name":"wp","href":"https:\/\/api.w.org\/{rel}","templated":true}]}}