{"id":171958,"date":"2017-10-31T06:42:07","date_gmt":"2017-10-31T06:42:07","guid":{"rendered":"http:\/\/diariodominicano.ddns.net\/?p=171958"},"modified":"2017-10-31T06:42:07","modified_gmt":"2017-10-31T06:42:07","slug":"la-india-recuerda-a-indira-gandhi-en-aniversario-de-su-asesinato","status":"publish","type":"post","link":"https:\/\/diariodominicano.com\/?p=171958","title":{"rendered":"La India recuerda a Indira Gandhi en aniversario de su asesinato"},"content":{"rendered":"<p><body><\/p>\n<p><img decoding=\"async\" src=\"img3\/indira-gandhi31.jpg\" \/>  <\/p>\n<p><span class=\"text1noticias\">Nueva Delhi, 31 oct (PL) Pol\u00edticos de diversos sectores indios rindieron hoy homenaje a la primera ministra Indira Gandhi al cumplirse hoy el aniversario 33 de su asesinato al tiempo que destacaron su legado.<\/span><\/p>\n<p><span class=\"text1noticias\"> <\/span><\/p>\n<p><span class=\"text1noticias\">En su cuenta de Twitter el jefe de gobierno Narendra Modi record\u00f3 la fecha en un breve mensaje.<\/span><\/p>\n<p><span class=\"text1noticias\"> <\/span><\/p>\n<p><span class=\"text1noticias\">Modi mantiene una fuerte confrontaci\u00f3n con el opositor Partido del Congreso, la formaci\u00f3n que Indira Gandhi encabez\u00f3 durante d\u00e9cadas.<\/span><\/p>\n<p><span class=\"text1noticias\"> <\/span><\/p>\n<p><span class=\"text1noticias\">Recordando su inmensa pasi\u00f3n por la India y su gente. Ella fue una l\u00edder cuya convicci\u00f3n no tiene paralelo, escribi\u00f3 en la red social esa agrupaci\u00f3n.<\/span><\/p>\n<p><span class=\"text1noticias\"> <\/span><\/p>\n<p><span class=\"text1noticias\">El expresidente Pranab Mukherjee, el exprimer ministro Manmohan Singh y el vicepresidente del Partido del Congreso y nieto de la finada, Rahul Gandhi, colocaron ofrendas florales en el monumento que guarda sus restos.<\/span><\/p>\n<p><span class=\"text1noticias\"> <\/span><\/p>\n<p><span class=\"text1noticias\">Hija del tambi\u00e9n primer ministro y l\u00edder independentista Jawaharlal Nehru, Indira ejerci\u00f3 tres mandatos consecutivos de 1966 a 1977 y luego de 1980 hasta su asesinato el 31 de octubre de 1984.<\/span><\/p>\n<p><span class=\"text1noticias\"> <\/span><\/p>\n<p><span class=\"text1noticias\">Ella fue baleada por dos de sus escoltas sij en venganza por su orden de asaltar cinco meses antes el Templo Dorado, en la ciudad de Amritsar, para desalojar a un grupo de extremistas de esa religi\u00f3n que se atrincheraron en el lugar m\u00e1s sagrado del sijismo.<\/span><\/p>\n<p><span class=\"text1noticias\"> <\/span><\/p>\n<p><span class=\"text1noticias\">Considerada una gran estratega y pensadora pol\u00edtica, durante su gobierno impuls\u00f3 la industrializaci\u00f3n del pa\u00eds y acciones a favor de las clases m\u00e1s desfavorecidas, lo cual le granje\u00f3 una gran popul<\/span>aridad.<\/p>\n<h6> 2017-10-31 06:42:07 <\/h6>\n<p><!--\n<link rel=\"stylesheet\" href=\"css\/bootstrap.min.css\">\n\n\n<ul class=\"pagination\">\n\t    \n\t\n\n<li >\n\t<a href='?page_no=7210'>Previous<\/a>\n\t<\/li>\n\n\n       \n    \n\n<li><a href='?page_no=1'>1<\/a><\/li>\n\n\n\n<li><a href='?page_no=2'>2<\/a><\/li>\n\n\n\n<li><a>...<\/a><\/li>\n\n\n\n<li><a href='?page_no=7209'>7209<\/a><\/li>\n\n\n\n<li><a href='?page_no=7210'>7210<\/a><\/li>\n\n\n\n<li class='active'><a>7211<\/a><\/li>\n\n\n\n<li><a href='?page_no=7212'>7212<\/a><\/li>\n\n\n\n<li><a href='?page_no=7213'>7213<\/a><\/li>\n\n\n\n<li><a>...<\/a><\/li>\n\n\n\n<li><a href='?page_no=36999'>36999<\/a><\/li>\n\n\n\n<li><a href='?page_no=37000'>37000<\/a><\/li>\n\n    \n\t\n\n<li >\n\t<a href='?page_no=7212'>Next<\/a>\n\t<\/li>\n\n\n    \n\n<li><a href='?page_no=37000'>Last &rsaquo;&rsaquo;<\/a><\/li>\n\n<\/ul>\n\n\n--><br \/>\n<\/body><\/p>\n","protected":false},"excerpt":{"rendered":"<p>Nueva Delhi, 31 oct (PL) Pol\u00edticos de diversos sectores indios rindieron hoy homenaje a la primera ministra Indira Gandhi al cumplirse hoy el aniversario 33 de su asesinato al tiempo que destacaron su legado. En su cuenta de Twitter el jefe de gobierno Narendra Modi record\u00f3 la fecha en un breve mensaje. Modi mantiene una [&hellip;]<\/p>\n","protected":false},"author":3,"featured_media":0,"comment_status":"open","ping_status":"open","sticky":false,"template":"","format":"standard","meta":{"footnotes":""},"categories":[22],"tags":[],"class_list":["post-171958","post","type-post","status-publish","format-standard","hentry","category-politica"],"_links":{"self":[{"href":"https:\/\/diariodominicano.com\/index.php?rest_route=\/wp\/v2\/posts\/171958","targetHints":{"allow":["GET"]}}],"collection":[{"href":"https:\/\/diariodominicano.com\/index.php?rest_route=\/wp\/v2\/posts"}],"about":[{"href":"https:\/\/diariodominicano.com\/index.php?rest_route=\/wp\/v2\/types\/post"}],"author":[{"embeddable":true,"href":"https:\/\/diariodominicano.com\/index.php?rest_route=\/wp\/v2\/users\/3"}],"replies":[{"embeddable":true,"href":"https:\/\/diariodominicano.com\/index.php?rest_route=%2Fwp%2Fv2%2Fcomments&post=171958"}],"version-history":[{"count":0,"href":"https:\/\/diariodominicano.com\/index.php?rest_route=\/wp\/v2\/posts\/171958\/revisions"}],"wp:attachment":[{"href":"https:\/\/diariodominicano.com\/index.php?rest_route=%2Fwp%2Fv2%2Fmedia&parent=171958"}],"wp:term":[{"taxonomy":"category","embeddable":true,"href":"https:\/\/diariodominicano.com\/index.php?rest_route=%2Fwp%2Fv2%2Fcategories&post=171958"},{"taxonomy":"post_tag","embeddable":true,"href":"https:\/\/diariodominicano.com\/index.php?rest_route=%2Fwp%2Fv2%2Ftags&post=171958"}],"curies":[{"name":"wp","href":"https:\/\/api.w.org\/{rel}","templated":true}]}}