{"id":171957,"date":"2017-10-31T10:10:50","date_gmt":"2017-10-31T10:10:50","guid":{"rendered":"http:\/\/diariodominicano.ddns.net\/?p=171957"},"modified":"2017-10-31T10:10:50","modified_gmt":"2017-10-31T10:10:50","slug":"prm-cierra-este-martes-primera-fase-programa-de-inscripcion-nuevos-militantes","status":"publish","type":"post","link":"https:\/\/diariodominicano.com\/?p=171957","title":{"rendered":"PRM cierra este martes primera fase programa de inscripci\u00f3n nuevos militantes"},"content":{"rendered":"<p><body><\/p>\n<p><img decoding=\"async\" src=\"img3\/PRM-nuevos31.jpg\" \/>  <\/p>\n<p>Santo Domingo, R. D., 31 de octubre, 2017.- <span class=\"text1noticias\">El Partido Revolucionario Moderno (PRM) reafirm\u00f3 que este martes 31 de octubre se cierra el proceso de reafirmaci\u00f3n de su militancia y de inscripci\u00f3n de nuevos militantes en el territorio nacional y prolongar hasta el pr\u00f3ximo lunes, 6 de noviembre, la culminaci\u00f3n de dicho proceso en las seccionales del exterior.<\/span><\/p>\n<\/p>\n<p><span class=\"text1noticias\">En su reuni\u00f3n ordinaria de la Direcci\u00f3n Ejecutiva celebrada este lunes 30 de octubre, la organizaci\u00f3n aprob\u00f3 que las comisiones locales cuentan hasta el 6 de noviembre hasta las 4:00 de la tarde, como plazo para que los correspondientes formularios de todos los inscriptos todo el pa\u00eds, sean entregados a la Direcci\u00f3n Nacional del Partido, estos sean verificados por la Comisi\u00f3n designada y proceder a su digitaci\u00f3n en el centro de c\u00f3mputos.<\/span><\/p>\n<\/p>\n<p><span class=\"text1noticias\">Con este corte al proceso de inscripci\u00f3n de nuevos militantes, el PRM elaborar\u00e1 el Padr\u00f3n Interno que ser\u00e1 utilizado en su primera Convenci\u00f3n Ordinaria para elegir Directiva Oficial proceso pautado con votaci\u00f3n universal pautado para el pr\u00f3ximo 26 de noviembre del mismo.<\/span><\/p>\n<\/p>\n<p><span class=\"text1noticias\">Este proceso de inscripci\u00f3n se inco\u00f3 con el programa PRECOT, inventariando sus dirigentes en todos los organismos, pas\u00f3 luego al PREMIL, de reafirmaci\u00f3n de la militancia y la inscripci\u00f3n de nuevos miembros para dar paso a la elaboraci\u00f3n del padr\u00f3n mediante el cual se elegir\u00e1n las autoridades oficiales de  la organizaci\u00f3n. Cada paso del proceso fue de forma presencial de los mismos.<\/span><\/p>\n<\/p>\n<p><span class=\"text1noticias\">El evento eleccionario interno del PRM contempla tres etapas iniciando con la votaci\u00f3n universal de su militancia, la cual elegir\u00e1 al presidentes y Secretarios generales nacionales y locales, luego la votaci\u00f3n de delegados locales para la elecci\u00f3n de sus vicepresidentes, Subsecretarios y dem\u00e1s directivos y, la Convenci\u00f3n Nacional de Delegados para completar la Direcci\u00f3n Nacional del partido.<\/span><\/p>\n<\/p>\n<p><span class=\"text1noticias\">Una Comisi\u00f3n encabezada por el licenciado Tony Raful, pro el doctor Jos\u00e9 Garc\u00eda Ram\u00edrez y el licenciado Fernando Dur\u00e1n, como Presidente, Vicepresidente y Director Ejecutivo, respectivamente, fue designada para la conducci\u00f3n de los eventos eleccionarios internos del PRM, la cual ha venido trabajando en la elaboraci\u00f3n de su reglamento.<\/span><\/p>\n<\/p>\n<p><span class=\"text1noticias\">Tambi\u00e9n forman la Comisi\u00f3n: Deligne Ascensi\u00f3n, Salvador Ramos, Yvelisse Prats de P\u00e9rez, Faruk Miguel, Luis Valdez, Jean Luis Rodr\u00edguez, Obispo de los Santos, Nelson Arroyo y Jos\u00e9 Delio Ares.<\/span><\/p>\n<p><span class=\"text1noticias\">Luego de elegida su Direcci\u00f3n Nacional, mediante este proceso convencional en marcha, el PRM reabrir\u00e1 su proceso de inscripci\u00f3n para todos los ciudadanos que deseen formar parte del mismo, quienes podr\u00e1n participar en la elecci\u00f3n de sus candidatos presidencial, congresual y municipal que este presentar\u00e1 en para las elecciones del 2020, en un proceso que se celebrar\u00eda luego del a\u00f1o 2018, <\/span><\/p>\n<p><span class=\"text1noticias\">Yadira Henr\u00edquez.<\/span><\/p>\n<\/p>\n<p><span class=\"text1noticias\">Andr\u00e9s Matos<\/span><\/p>\n<p><span class=\"text1noticias\"> <\/span><\/p>\n<h6> 2017-10-31 10:10:50 <\/h6>\n<p><!--\n<link rel=\"stylesheet\" href=\"css\/bootstrap.min.css\">\n\n\n<ul class=\"pagination\">\n\t    \n\t\n\n<li >\n\t<a href='?page_no=7209'>Previous<\/a>\n\t<\/li>\n\n\n       \n    \n\n<li><a href='?page_no=1'>1<\/a><\/li>\n\n\n\n<li><a href='?page_no=2'>2<\/a><\/li>\n\n\n\n<li><a>...<\/a><\/li>\n\n\n\n<li><a href='?page_no=7208'>7208<\/a><\/li>\n\n\n\n<li><a href='?page_no=7209'>7209<\/a><\/li>\n\n\n\n<li class='active'><a>7210<\/a><\/li>\n\n\n\n<li><a href='?page_no=7211'>7211<\/a><\/li>\n\n\n\n<li><a href='?page_no=7212'>7212<\/a><\/li>\n\n\n\n<li><a>...<\/a><\/li>\n\n\n\n<li><a href='?page_no=36999'>36999<\/a><\/li>\n\n\n\n<li><a href='?page_no=37000'>37000<\/a><\/li>\n\n    \n\t\n\n<li >\n\t<a href='?page_no=7211'>Next<\/a>\n\t<\/li>\n\n\n    \n\n<li><a href='?page_no=37000'>Last &rsaquo;&rsaquo;<\/a><\/li>\n\n<\/ul>\n\n\n--><br \/>\n<\/body><\/p>\n","protected":false},"excerpt":{"rendered":"<p>Santo Domingo, R. D., 31 de octubre, 2017.- El Partido Revolucionario Moderno (PRM) reafirm\u00f3 que este martes 31 de octubre se cierra el proceso de reafirmaci\u00f3n de su militancia y de inscripci\u00f3n de nuevos militantes en el territorio nacional y prolongar hasta el pr\u00f3ximo lunes, 6 de noviembre, la culminaci\u00f3n de dicho proceso en las [&hellip;]<\/p>\n","protected":false},"author":3,"featured_media":0,"comment_status":"open","ping_status":"open","sticky":false,"template":"","format":"standard","meta":{"footnotes":""},"categories":[22],"tags":[],"class_list":["post-171957","post","type-post","status-publish","format-standard","hentry","category-politica"],"_links":{"self":[{"href":"https:\/\/diariodominicano.com\/index.php?rest_route=\/wp\/v2\/posts\/171957","targetHints":{"allow":["GET"]}}],"collection":[{"href":"https:\/\/diariodominicano.com\/index.php?rest_route=\/wp\/v2\/posts"}],"about":[{"href":"https:\/\/diariodominicano.com\/index.php?rest_route=\/wp\/v2\/types\/post"}],"author":[{"embeddable":true,"href":"https:\/\/diariodominicano.com\/index.php?rest_route=\/wp\/v2\/users\/3"}],"replies":[{"embeddable":true,"href":"https:\/\/diariodominicano.com\/index.php?rest_route=%2Fwp%2Fv2%2Fcomments&post=171957"}],"version-history":[{"count":0,"href":"https:\/\/diariodominicano.com\/index.php?rest_route=\/wp\/v2\/posts\/171957\/revisions"}],"wp:attachment":[{"href":"https:\/\/diariodominicano.com\/index.php?rest_route=%2Fwp%2Fv2%2Fmedia&parent=171957"}],"wp:term":[{"taxonomy":"category","embeddable":true,"href":"https:\/\/diariodominicano.com\/index.php?rest_route=%2Fwp%2Fv2%2Fcategories&post=171957"},{"taxonomy":"post_tag","embeddable":true,"href":"https:\/\/diariodominicano.com\/index.php?rest_route=%2Fwp%2Fv2%2Ftags&post=171957"}],"curies":[{"name":"wp","href":"https:\/\/api.w.org\/{rel}","templated":true}]}}