{"id":171955,"date":"2017-10-31T13:33:02","date_gmt":"2017-10-31T13:33:02","guid":{"rendered":"http:\/\/diariodominicano.ddns.net\/?p=171955"},"modified":"2017-10-31T13:33:02","modified_gmt":"2017-10-31T13:33:02","slug":"considera-ridiculo-manifestacion-defensa-margarita-cedeno-en-ny","status":"publish","type":"post","link":"https:\/\/diariodominicano.com\/?p=171955","title":{"rendered":"Considera rid\u00edculo manifestaci\u00f3n defensa Margarita Cede\u00f1o en NY"},"content":{"rendered":"<p><body><\/p>\n<p><img decoding=\"async\" src=\"img3\/defensa1.jpg\" \/>  <\/p>\n<p>Por Ram\u00f3n Mercedes<\/p>\n<\/p>\n<p><strong>NUEVA YORK.- <\/strong> El reverendo Gregorio Malena, vicesecretario de cultos de la seccional del Partido de la Liberaci\u00f3n Dominicana (PLD) en esta ciudad, calific\u00f3 de \u00abrid\u00edculo\u00bb haber hecho una manifestaci\u00f3n en la urbe en defensa de la vicepresidente Margarita Cede\u00f1o de Fern\u00e1ndez por las acusaciones que le hiciera recientemente su compa\u00f1ero de partido F\u00e9lix -Felucho- Jimenez.<\/p>\n<\/p>\n<p>La semana pasada algunas mujeres y dirigentes pertenecientes exclusivamente al proyecto pol\u00edtico \u00abLeonel Fern\u00e1ndez 2020\u00bb realizaron una peque\u00f1a protesta en el Alto Manhattan para respaldar la vicepresidenta ante las declaraciones en su contra realizada por el miembro del Comit\u00e9 Pol\u00edtico (CC) y presidente de la Refiner\u00eda de Petr\u00f3leo. <\/p>\n<\/p>\n<p>Malena, uno de los fundadores del PLD y actual vicec\u00f3nsul en la Metr\u00e1poli, sostuvo que fue algo innecesario ya que \u00abcaballerosamente\u00bb Felucho se disculp\u00f3 con la compa\u00f1era vicepresidenta.<\/p>\n<\/p>\n<p>A\u00f1adi\u00f3 que hoy hay \u00abincomprensiones\u00bb, pero ayer era una lucha en el d\u00eda a d\u00eda, en medio de la represi\u00f3n, c\u00e1rcel, sangre y asesinatos pol\u00edticos, y el compa\u00f1ero Felucho nunca se apart\u00f3 del l\u00edder, adem\u00e1s de ser un joven ejemplar que contribuy\u00f3 con su sacrificio como el que m\u00e1s con la lucha patri\u00f3tica del profesor Juan Bosch, genuino l\u00edder del pueblo dominicano.<\/p>\n<\/p>\n<p>\u00abLlamamos la atenci\u00f3n que en vez de activar el fuego de la divisi\u00f3n del partido debemos trabajar por comprensi\u00f3n en todos los niveles del PLD, mucho menos ir con un letrero inmenso a un acto p\u00fablico con la figura del presidente del partido y un movimiento de apoyo a sus aspiraciones que dec\u00eda \u00abLeonel para el 2020\u00bb y la consigna de \u00abruge, ruge El Le\u00f3n\u00bb, subray\u00f3.<\/p>\n<\/p>\n<p>\u00abAs\u00ed no, la indignaci\u00f3n no se muestra as\u00ed, pues como hay un decir, \u00abest\u00e1n mostrando el refajo\u00bb y torpemente hacen m\u00e1s mal que bien al compa\u00f1ero Leonel\u00bb, sentenci\u00f3.<\/p>\n<\/p>\n<p>Hizo un pormenorizado recuento pol\u00edtico de Jim\u00e9nez, destacando que tiene una historia de lucha envidiable en el combate y lealtad en defensa del PLD y hacia Bosch desde el PRD, y que al regreso del profesor en abril de 1970, todos los frentes enca\u00f1onaron contra el ex presidente y el compa\u00f1ero Felucho siempre estuvo ah\u00ed al lado del l\u00edder, record\u00f3 Malena.<\/p>\n<h6> 2017-10-31 13:33:02 <\/h6>\n<p><!--\n<link rel=\"stylesheet\" href=\"css\/bootstrap.min.css\">\n\n\n<ul class=\"pagination\">\n\t    \n\t\n\n<li >\n\t<a href='?page_no=7208'>Previous<\/a>\n\t<\/li>\n\n\n       \n    \n\n<li><a href='?page_no=1'>1<\/a><\/li>\n\n\n\n<li><a href='?page_no=2'>2<\/a><\/li>\n\n\n\n<li><a>...<\/a><\/li>\n\n\n\n<li><a href='?page_no=7207'>7207<\/a><\/li>\n\n\n\n<li><a href='?page_no=7208'>7208<\/a><\/li>\n\n\n\n<li class='active'><a>7209<\/a><\/li>\n\n\n\n<li><a href='?page_no=7210'>7210<\/a><\/li>\n\n\n\n<li><a href='?page_no=7211'>7211<\/a><\/li>\n\n\n\n<li><a>...<\/a><\/li>\n\n\n\n<li><a href='?page_no=36999'>36999<\/a><\/li>\n\n\n\n<li><a href='?page_no=37000'>37000<\/a><\/li>\n\n    \n\t\n\n<li >\n\t<a href='?page_no=7210'>Next<\/a>\n\t<\/li>\n\n\n    \n\n<li><a href='?page_no=37000'>Last &rsaquo;&rsaquo;<\/a><\/li>\n\n<\/ul>\n\n\n--><br \/>\n<\/body><\/p>\n","protected":false},"excerpt":{"rendered":"<p>Por Ram\u00f3n Mercedes NUEVA YORK.- El reverendo Gregorio Malena, vicesecretario de cultos de la seccional del Partido de la Liberaci\u00f3n Dominicana (PLD) en esta ciudad, calific\u00f3 de \u00abrid\u00edculo\u00bb haber hecho una manifestaci\u00f3n en la urbe en defensa de la vicepresidente Margarita Cede\u00f1o de Fern\u00e1ndez por las acusaciones que le hiciera recientemente su compa\u00f1ero de partido [&hellip;]<\/p>\n","protected":false},"author":3,"featured_media":0,"comment_status":"open","ping_status":"open","sticky":false,"template":"","format":"standard","meta":{"footnotes":""},"categories":[22],"tags":[],"class_list":["post-171955","post","type-post","status-publish","format-standard","hentry","category-politica"],"_links":{"self":[{"href":"https:\/\/diariodominicano.com\/index.php?rest_route=\/wp\/v2\/posts\/171955","targetHints":{"allow":["GET"]}}],"collection":[{"href":"https:\/\/diariodominicano.com\/index.php?rest_route=\/wp\/v2\/posts"}],"about":[{"href":"https:\/\/diariodominicano.com\/index.php?rest_route=\/wp\/v2\/types\/post"}],"author":[{"embeddable":true,"href":"https:\/\/diariodominicano.com\/index.php?rest_route=\/wp\/v2\/users\/3"}],"replies":[{"embeddable":true,"href":"https:\/\/diariodominicano.com\/index.php?rest_route=%2Fwp%2Fv2%2Fcomments&post=171955"}],"version-history":[{"count":0,"href":"https:\/\/diariodominicano.com\/index.php?rest_route=\/wp\/v2\/posts\/171955\/revisions"}],"wp:attachment":[{"href":"https:\/\/diariodominicano.com\/index.php?rest_route=%2Fwp%2Fv2%2Fmedia&parent=171955"}],"wp:term":[{"taxonomy":"category","embeddable":true,"href":"https:\/\/diariodominicano.com\/index.php?rest_route=%2Fwp%2Fv2%2Fcategories&post=171955"},{"taxonomy":"post_tag","embeddable":true,"href":"https:\/\/diariodominicano.com\/index.php?rest_route=%2Fwp%2Fv2%2Ftags&post=171955"}],"curies":[{"name":"wp","href":"https:\/\/api.w.org\/{rel}","templated":true}]}}