{"id":171954,"date":"2017-10-31T13:50:15","date_gmt":"2017-10-31T13:50:15","guid":{"rendered":"http:\/\/diariodominicano.ddns.net\/?p=171954"},"modified":"2017-10-31T13:50:15","modified_gmt":"2017-10-31T13:50:15","slug":"asegura-se-requiere-el-aporte-de-la-voluntad-colectiva-positiva-de-los-dominicanos-para-gobernar-la-rd","status":"publish","type":"post","link":"https:\/\/diariodominicano.com\/?p=171954","title":{"rendered":"Asegura se requiere el aporte de la voluntad colectiva positiva de los dominicanos para gobernar la RD"},"content":{"rendered":"<p><body><\/p>\n<p><img decoding=\"async\" src=\"img3\/yomaris.jpg\" \/>  <\/p>\n<p>Por V\u00edctor G\u00f3mez<\/p>\n<\/p>\n<p><strong>NUEVA YORK.-<\/strong> La dirigente peledeista en esta urbe, Yomaris Maldonado Dom\u00ednguez, asegur\u00f3 que se requiere de la voluntad colectiva positiva de los dominicanos para acompa\u00f1ar al presidente Danilo Medina a gobernar el pa\u00eds y poder solucionar los males que por d\u00e9cadas ha venido sufriendo la naci\u00f3n.<\/p>\n<\/p>\n<p>La empresaria dominicana radicada aqu\u00ed, valor\u00f3 como positiva la gestion del presidente Danilo Medina y considera que una pa\u00eds donde los ciudadanos no aporten sus \u00abgranos de arena\u00bb para lograr las grandes transformaciones, es imposible que se logre el desarrollo, pues a su juicio ning\u00fan gobernante sin el concurso de sus gobernado puede lograr satisfacer las demandas de su pa\u00eds.<\/p>\n<\/p>\n<p>La tambi\u00e9n activista comunitaria, Yomaris Maldonado Dom\u00ednguez , abog\u00f3 porque los dominicanos asuman nuevos paradigmas acordes a los tiempos en que los cambios econ\u00f3micos, la dependencia de los hidrocarburos y las crecientes demandas de soluciones de los ciudadanos, golpean a las naciones peque\u00f1as.<\/p>\n<\/p>\n<p>Maldonado Dom\u00ednguez entiende que los efectos a la Rep\u00fablica Dominicana de los recientes fen\u00f3menos atmosf\u00e9ricos agriet\u00f3 la econom\u00eda del pa\u00eds y que por consiguientes las demandas de soluciones a corto y mediano plazo aumentaron, recibiendo el gobierno central la presi\u00f3n natural de los afectados en los diferentes niveles de la sociedad dominicana.<\/p>\n<\/p>\n<p>\u00abEn un pa\u00eds donde los grandes males han sido heredados, arrastrados por d\u00e9cadas, se requiere de la participaci\u00f3n de todos los dominicanos, sin distinci\u00f3n alguna, para solucionarlos, no basta con el elevado inter\u00e9s del presidente Danilo Medina de erradicar esos males, como lo ha demostrado con creces, se requiere del concurso de todos para ser la naci\u00f3n que deseamos\u00bb, dijo la ex precandidata a diputada de ultramar en el Partido de la Liberaci\u00f3n Dominicana.<\/p>\n<\/p>\n<p>Maldonado Dom\u00ednguez  proclam\u00f3 que la voluntad del presidente Danilo Medina es dotar al pa\u00eds de las condiciones necesarias para que los dominicanos en general se sientan orgulloso de su pa\u00eds y que para eso est\u00e1 trabajando sin descanso para que esas aspiraciones del se hagan realidad.<\/p>\n<\/p>\n<p>Llam\u00f3 a sus compa\u00f1eros de partido a cerrar fila con la labor desarrollista que viene ejecutando el primer mandatario y consider\u00f3 prudente y fundamental el apoyo a su gesti\u00f3n lo que garantizar\u00e1 que el Partido de la Liberaci\u00f3n Dominicana y sus gobiernos forjen la naci\u00f3n que so\u00f1aron los Padres de la Patria.<\/p>\n<h6> 2017-10-31 13:50:15 <\/h6>\n<p><!--\n<link rel=\"stylesheet\" href=\"css\/bootstrap.min.css\">\n\n\n<ul class=\"pagination\">\n\t    \n\t\n\n<li >\n\t<a href='?page_no=7207'>Previous<\/a>\n\t<\/li>\n\n\n       \n    \n\n<li><a href='?page_no=1'>1<\/a><\/li>\n\n\n\n<li><a href='?page_no=2'>2<\/a><\/li>\n\n\n\n<li><a>...<\/a><\/li>\n\n\n\n<li><a href='?page_no=7206'>7206<\/a><\/li>\n\n\n\n<li><a href='?page_no=7207'>7207<\/a><\/li>\n\n\n\n<li class='active'><a>7208<\/a><\/li>\n\n\n\n<li><a href='?page_no=7209'>7209<\/a><\/li>\n\n\n\n<li><a href='?page_no=7210'>7210<\/a><\/li>\n\n\n\n<li><a>...<\/a><\/li>\n\n\n\n<li><a href='?page_no=36999'>36999<\/a><\/li>\n\n\n\n<li><a href='?page_no=37000'>37000<\/a><\/li>\n\n    \n\t\n\n<li >\n\t<a href='?page_no=7209'>Next<\/a>\n\t<\/li>\n\n\n    \n\n<li><a href='?page_no=37000'>Last &rsaquo;&rsaquo;<\/a><\/li>\n\n<\/ul>\n\n\n--><br \/>\n<\/body><\/p>\n","protected":false},"excerpt":{"rendered":"<p>Por V\u00edctor G\u00f3mez NUEVA YORK.- La dirigente peledeista en esta urbe, Yomaris Maldonado Dom\u00ednguez, asegur\u00f3 que se requiere de la voluntad colectiva positiva de los dominicanos para acompa\u00f1ar al presidente Danilo Medina a gobernar el pa\u00eds y poder solucionar los males que por d\u00e9cadas ha venido sufriendo la naci\u00f3n. La empresaria dominicana radicada aqu\u00ed, valor\u00f3 [&hellip;]<\/p>\n","protected":false},"author":3,"featured_media":0,"comment_status":"open","ping_status":"open","sticky":false,"template":"","format":"standard","meta":{"footnotes":""},"categories":[22],"tags":[],"class_list":["post-171954","post","type-post","status-publish","format-standard","hentry","category-politica"],"_links":{"self":[{"href":"https:\/\/diariodominicano.com\/index.php?rest_route=\/wp\/v2\/posts\/171954","targetHints":{"allow":["GET"]}}],"collection":[{"href":"https:\/\/diariodominicano.com\/index.php?rest_route=\/wp\/v2\/posts"}],"about":[{"href":"https:\/\/diariodominicano.com\/index.php?rest_route=\/wp\/v2\/types\/post"}],"author":[{"embeddable":true,"href":"https:\/\/diariodominicano.com\/index.php?rest_route=\/wp\/v2\/users\/3"}],"replies":[{"embeddable":true,"href":"https:\/\/diariodominicano.com\/index.php?rest_route=%2Fwp%2Fv2%2Fcomments&post=171954"}],"version-history":[{"count":0,"href":"https:\/\/diariodominicano.com\/index.php?rest_route=\/wp\/v2\/posts\/171954\/revisions"}],"wp:attachment":[{"href":"https:\/\/diariodominicano.com\/index.php?rest_route=%2Fwp%2Fv2%2Fmedia&parent=171954"}],"wp:term":[{"taxonomy":"category","embeddable":true,"href":"https:\/\/diariodominicano.com\/index.php?rest_route=%2Fwp%2Fv2%2Fcategories&post=171954"},{"taxonomy":"post_tag","embeddable":true,"href":"https:\/\/diariodominicano.com\/index.php?rest_route=%2Fwp%2Fv2%2Ftags&post=171954"}],"curies":[{"name":"wp","href":"https:\/\/api.w.org\/{rel}","templated":true}]}}