{"id":171952,"date":"2017-10-31T20:44:26","date_gmt":"2017-10-31T20:44:26","guid":{"rendered":"http:\/\/diariodominicano.ddns.net\/?p=171952"},"modified":"2017-10-31T20:44:26","modified_gmt":"2017-10-31T20:44:26","slug":"reinaldo-pared-califica-de-emergencia-nacional-violencia-contra-la-mujer","status":"publish","type":"post","link":"https:\/\/diariodominicano.com\/?p=171952","title":{"rendered":"Reinaldo Pared califica  de  \u00abemergencia nacional\u00bb  violencia contra la mujer"},"content":{"rendered":"<p><body><\/p>\n<p><img decoding=\"async\" src=\"img3\/R-1.JPG\" \/><br \/><img decoding=\"async\" src=\"img3\/R2.JPG\" \/>  <\/p>\n<p><strong> <\/strong><\/p>\n<p><strong>SANTO DOMINGO, RD, 31 de octubre de 2017.- <\/strong>Reinaldo Pared P\u00e9rez, Presidente del Senado de la Republica y Secretario General del Partido de la Liberaci\u00f3n Dominicana (PLD)  calific\u00f3  de   \u00abemergencia nacional\u00bb la situaci\u00f3n de violencia contra la mujer  que ha alarmado a todos los sectores de la sociedad dominicana, que impone que se aprovechen todos los escenarios posibles para luchar en contra de ese mal.<\/p>\n<\/p>\n<p>Pared P\u00e9rez agot\u00f3 un turno en la sesi\u00f3n de este d\u00eda del Senado de la Republica para denunciar los feminicidios y llamar a que se combata con la uni\u00f3n de los sectores nacionales,  el flagelo.<\/p>\n<\/p>\n<p>Ante las alarmantes muertes de mujeres  Reinaldo Pared P\u00e9rez, considera que  \u00ablos hechos de los \u00faltimos d\u00edas son para alarmar a todos los sectores y debe llamar la atenci\u00f3n al Gobierno para que los ponga en su mira.<\/p>\n<\/p>\n<p>Al hacer una invitaci\u00f3n formal a todos los hombres que laboran en el Senado, igual a senadores para que asistan a la Gran Caminata Tolerancia Cero, a celebrarse este mi\u00e9rcoles en el Mirador Sur, de la ciudad  capital, Pared P\u00e9rez, dijo es grave la situaci\u00f3n, recordando que el 25 de noviembre es el  D\u00eda Internacional de la Eliminaci\u00f3n de la Violencia contra la Mujer.<\/p>\n<\/p>\n<p> \u00abDebemos aprovechar el m\u00e1s m\u00ednimo escenario para continuar la lucha en favor de las mujeres\u00bb, reiter\u00f3, especialmente a partir de este primero de noviembre que se inician las festividades de los \u00ab16 d\u00edas de activismo en favor de la mujer<\/p>\n<\/p>\n<p>\u00abEste mi\u00e9rcoles que inicia el Mes de la Lucha contra la Violencia de la Mujer, hemos dado instrucciones, el Senado a trav\u00e9s de los medios de comunicaci\u00f3n,  llevar a cabo una labor de concienciaci\u00f3n, sobre este problema que sufre la sociedad, la mujer en sentido general\u00bb, inform\u00f3 Pared P\u00e9rez.<\/p>\n<\/p>\n<p>En ese sentido, reiter\u00f3 su llamado de atenci\u00f3n a los senadores para cerrar  fila en esa direcci\u00f3n para que disminuyan los actos de violencia que se vienen produciendo en sentido general, e invit\u00f3 a la caminata a todos los hombres que integran el senado de la Rep\u00fablica\u00bb.<\/p>\n<\/p>\n<p> En otro orden Reinaldo Pared P\u00e9rez en su calidad de presidente del Senado de la Republica  puso a disposici\u00f3n de una comisi\u00f3n de juristas,  designada por el Presidente de la C\u00e1mara de Diputados, Rub\u00e9n Maldonado, unas 29 iniciativas de leyes con el objetivo de adecuar dichas normas a la Constituci\u00f3n de la Republica.<\/p>\n<\/p>\n<p>En el turno que agotara antes de iniciar la sesi\u00f3n de este martes Pared P\u00e9rez aplaudi\u00f3 la iniciativa adoptada por la presidencia de la C\u00e1mara Baja, destacando la experiencia y capacidad de los juristas que la entregan, poniendo a la orden las iniciativas conocidas en el Senado, algunas convertidas en leyes, otras con vigencia y tambi\u00e9n las que perimieron<\/p>\n<\/p>\n<p>\u00abApoderados de ese trabajo que ya se ha hecho en el Senado, dicha comisi\u00f3n avanzar\u00eda de manera considerable y s\u00ed trabajamos de manera coordinada,  se  aprobar\u00e1 en el menor tiempo posible estas iniciativas\u00bb apunt\u00f3 Pared P\u00e9rez.<\/p>\n<\/p>\n<p>El presidente de la C\u00e1mara de Diputados, Rub\u00e9n Maldonado, present\u00f3 el pasado lunes  un grupo de juristas, coordinados  por el exvicepresidente de la Rep\u00fablica, Rafael Alburquerque, que har\u00e1 un trabajo de asesor\u00eda para la elaboraci\u00f3n de las leyes que por mandato de la reforma constitucional de 2010 y la Estrategia Nacional de Desarrollo 2030 han debido ser aprobadas por el Congreso. (Secretar\u00eda de Comunicaciones PLD)<\/p>\n<\/p>\n<h6> 2017-10-31 20:44:26 <\/h6>\n<p><!--\n<link rel=\"stylesheet\" href=\"css\/bootstrap.min.css\">\n\n\n<ul class=\"pagination\">\n\t    \n\t\n\n<li >\n\t<a href='?page_no=7205'>Previous<\/a>\n\t<\/li>\n\n\n       \n    \n\n<li><a href='?page_no=1'>1<\/a><\/li>\n\n\n\n<li><a href='?page_no=2'>2<\/a><\/li>\n\n\n\n<li><a>...<\/a><\/li>\n\n\n\n<li><a href='?page_no=7204'>7204<\/a><\/li>\n\n\n\n<li><a href='?page_no=7205'>7205<\/a><\/li>\n\n\n\n<li class='active'><a>7206<\/a><\/li>\n\n\n\n<li><a href='?page_no=7207'>7207<\/a><\/li>\n\n\n\n<li><a href='?page_no=7208'>7208<\/a><\/li>\n\n\n\n<li><a>...<\/a><\/li>\n\n\n\n<li><a href='?page_no=36999'>36999<\/a><\/li>\n\n\n\n<li><a href='?page_no=37000'>37000<\/a><\/li>\n\n    \n\t\n\n<li >\n\t<a href='?page_no=7207'>Next<\/a>\n\t<\/li>\n\n\n    \n\n<li><a href='?page_no=37000'>Last &rsaquo;&rsaquo;<\/a><\/li>\n\n<\/ul>\n\n\n--><br \/>\n<\/body><\/p>\n","protected":false},"excerpt":{"rendered":"<p>SANTO DOMINGO, RD, 31 de octubre de 2017.- Reinaldo Pared P\u00e9rez, Presidente del Senado de la Republica y Secretario General del Partido de la Liberaci\u00f3n Dominicana (PLD) calific\u00f3 de \u00abemergencia nacional\u00bb la situaci\u00f3n de violencia contra la mujer que ha alarmado a todos los sectores de la sociedad dominicana, que impone que se aprovechen todos [&hellip;]<\/p>\n","protected":false},"author":3,"featured_media":0,"comment_status":"open","ping_status":"open","sticky":false,"template":"","format":"standard","meta":{"footnotes":""},"categories":[22],"tags":[],"class_list":["post-171952","post","type-post","status-publish","format-standard","hentry","category-politica"],"_links":{"self":[{"href":"https:\/\/diariodominicano.com\/index.php?rest_route=\/wp\/v2\/posts\/171952","targetHints":{"allow":["GET"]}}],"collection":[{"href":"https:\/\/diariodominicano.com\/index.php?rest_route=\/wp\/v2\/posts"}],"about":[{"href":"https:\/\/diariodominicano.com\/index.php?rest_route=\/wp\/v2\/types\/post"}],"author":[{"embeddable":true,"href":"https:\/\/diariodominicano.com\/index.php?rest_route=\/wp\/v2\/users\/3"}],"replies":[{"embeddable":true,"href":"https:\/\/diariodominicano.com\/index.php?rest_route=%2Fwp%2Fv2%2Fcomments&post=171952"}],"version-history":[{"count":0,"href":"https:\/\/diariodominicano.com\/index.php?rest_route=\/wp\/v2\/posts\/171952\/revisions"}],"wp:attachment":[{"href":"https:\/\/diariodominicano.com\/index.php?rest_route=%2Fwp%2Fv2%2Fmedia&parent=171952"}],"wp:term":[{"taxonomy":"category","embeddable":true,"href":"https:\/\/diariodominicano.com\/index.php?rest_route=%2Fwp%2Fv2%2Fcategories&post=171952"},{"taxonomy":"post_tag","embeddable":true,"href":"https:\/\/diariodominicano.com\/index.php?rest_route=%2Fwp%2Fv2%2Ftags&post=171952"}],"curies":[{"name":"wp","href":"https:\/\/api.w.org\/{rel}","templated":true}]}}