{"id":171950,"date":"2017-11-01T13:42:14","date_gmt":"2017-11-01T13:42:14","guid":{"rendered":"http:\/\/diariodominicano.ddns.net\/?p=171950"},"modified":"2017-11-01T13:42:14","modified_gmt":"2017-11-01T13:42:14","slug":"reinaldo-pared-perez-plantea-razones-por-las-que-favorece-primarias-abiertas","status":"publish","type":"post","link":"https:\/\/diariodominicano.com\/?p=171950","title":{"rendered":"Reinaldo Pared P\u00e9rez plantea razones por las que favorece primarias abiertas"},"content":{"rendered":"<p><body><\/p>\n<p>El presidente del Senado y secretario general del PLD cree razonable reencauzar \u00abRelaciones Partido-Gobierno\u00bb; cree prematuro hablar de reelecci\u00f3n y reforma constitucional.<\/p>\n<\/p>\n<p><strong>Santo Domingo- <\/strong>El presidente del Senado y secretario general el Partido de la Liberaci\u00f3n Dominicana (PLD), doctor Reinaldo Pared P\u00e9rez, plante\u00f3 este mi\u00e9rcoles varias razones por las que entiende que la selecci\u00f3n de los candidatos presidenciales de cara a los comicios del 2020 debe ser mediante primarias abiertas, al tiempo que advirti\u00f3 que esta modalidad no se contrapone a la Constituci\u00f3n de la Rep\u00fablica, como algunos han querido dejar ver.<\/p>\n<\/p>\n<p>Seg\u00fan Pared P\u00e9rez, las primar\u00edas abiertas y simult\u00e1neas evitar\u00edan al transfuguismo e impedir\u00eda que un ciudadano vote por dos o m\u00e1s partidos en la escogencia de los candidatos. Cree que este proceso debe ser coordinado y dirigido por la Junta Central Electoral.<\/p>\n<\/p>\n<p>Mostrando la Carta Magna en su art\u00edculo 277, el doctor Pared P\u00e9rez afirm\u00f3 que cuando ese articulado se refiere a \u00abDecisiones con autoridad de la cosa irrevocablemente juzgada\u00bb, deja claramente establecido que se trata de aquellos asuntos que sucedieron antes del a\u00f1o 2010 cuando se proclam\u00f3 dicha Constituci\u00f3n de la Rep\u00fablica.<\/p>\n<\/p>\n<p>Y es que ese mismo art\u00edculo establece que para los asuntos posteriores, es decir del 2010 hasta ac\u00e1, las acciones estar\u00e1n sujetas al procedimiento que determine la ley que rija la materia. En el caso del Tribunal Constitucional, el mismo cuenta con su Ley Org\u00e1nica.<\/p>\n<\/p>\n<p>El doctor Reinaldo Pared P\u00e9rez se refiri\u00f3 a este y otros temas al ser entrevistado la ma\u00f1ana de este martes en el programa \u00abZol de la Ma\u00f1ana\u00bb que se produce por Radio Zol, una emisora de la Radio Cadena Comercial.<\/p>\n<\/p>\n<p>Preguntado sobre si ya la direcci\u00f3n del PLD escogi\u00f3 a los juristas que presentar\u00edan una opini\u00f3n de Derecho Constitucional sobre el tema de su las primarias ser\u00edan abiertas o cerradas, Pared P\u00e9rez dijo que ya se ha reunido con el presidente Danilo Medina y el presidente del PLD, doctor Leonel Fern\u00e1ndez Reyna, a ese respecto.<\/p>\n<\/p>\n<p>\u00abYa hemos consensuado en relaci\u00f3n a los cuatro juristas dominicanos. Hemos hablado sobre un experto internacional apellido Valad\u00e9z (Francisco L\u00f3pez Valad\u00e9z, de la Universidad Nacional de M\u00e9xico y del Instituto Iberoamericano de Derecho Internacional) y creo que la pr\u00f3xima semana ya estaremos trabajando sobre e4l particular\u00bb, dijo el secretario general del PLD.<\/p>\n<\/p>\n<p>Corrupci\u00f3n y \u00abRelaciones Partido-Gobierno.- Tras expresar que es necesario abordar institucionalmente temas como la corrupci\u00f3n y otros males que afectan a la sociedad en sentido general, el doctor Pared P\u00e9rez refiri\u00f3 que tanto cuando Leonel Fern\u00e1ndez fue presidente de la Rep\u00fablica como ahora que lo es Danilo Medina, los asuntos gubernamentales no han sido tratados en el seno del Comit\u00e9 Pol\u00edtico del PLD y los asuntos de Estado se han dejado a discreci\u00f3n del mandatario de turno.<\/p>\n<\/p>\n<p>\u00abPero yo entiendo que hay que reencausar las ?Relaciones Partido-Gobierno? y es hora de que temas que tengan que ver con hechos puntuales, que ata\u00f1an al gobierno y puedan afectar al partido, sean tratados e intercambiados en los organismos partidarios. Esto ayudar\u00eda a fortalecer las relaciones entre ambos estamentos\u00bb, dijo Pared P\u00e9rez.<\/p>\n<\/p>\n<p>Candidaturas y modificar la Constituci\u00f3n.- Preguntado sobre las \u00faltimas encuestas de opini\u00f3n sobre candidaturas presidenciales y otros aspectos que se han publicado y en relaci\u00f3n a si es partidario de una nueva reforma constitucional de cara a una posible reelecci\u00f3n presidencial, el presidente del Senado y secretario general del PLD cree extempor\u00e1neo hablar de ambos temas.<\/p>\n<\/p>\n<p>Reinaldo Pared P\u00e9rez cree que a tres a\u00f1os de las elecciones del a\u00f1o 2020 estos temas no deben tratarse, no cree que el tema sobre una nueva reforma a la Constituci\u00f3n de la Rep\u00fablica se vaya a tratar, \u00abpero si se trata, yo acato lo que determine la direcci\u00f3n partidaria\u00bb.<\/p>\n<\/p>\n<p>Pared P\u00e9rez expres\u00f3 que nunca ha personalizado sus posiciones pol\u00edticas, que se ha manejado como un hombre institucionalista y que, como secretario general de su organizaci\u00f3n, siempre ha sido respetuoso de os lineamientos del Partido de la Liberaci\u00f3n Dominicana (PLD).<\/p>\n<h6> 2017-11-01 13:42:14 <\/h6>\n<p><!--\n<link rel=\"stylesheet\" href=\"css\/bootstrap.min.css\">\n\n\n<ul class=\"pagination\">\n\t    \n\t\n\n<li >\n\t<a href='?page_no=7203'>Previous<\/a>\n\t<\/li>\n\n\n       \n    \n\n<li><a href='?page_no=1'>1<\/a><\/li>\n\n\n\n<li><a href='?page_no=2'>2<\/a><\/li>\n\n\n\n<li><a>...<\/a><\/li>\n\n\n\n<li><a href='?page_no=7202'>7202<\/a><\/li>\n\n\n\n<li><a href='?page_no=7203'>7203<\/a><\/li>\n\n\n\n<li class='active'><a>7204<\/a><\/li>\n\n\n\n<li><a href='?page_no=7205'>7205<\/a><\/li>\n\n\n\n<li><a href='?page_no=7206'>7206<\/a><\/li>\n\n\n\n<li><a>...<\/a><\/li>\n\n\n\n<li><a href='?page_no=36999'>36999<\/a><\/li>\n\n\n\n<li><a href='?page_no=37000'>37000<\/a><\/li>\n\n    \n\t\n\n<li >\n\t<a href='?page_no=7205'>Next<\/a>\n\t<\/li>\n\n\n    \n\n<li><a href='?page_no=37000'>Last &rsaquo;&rsaquo;<\/a><\/li>\n\n<\/ul>\n\n\n--><br \/>\n<\/body><\/p>\n","protected":false},"excerpt":{"rendered":"<p>El presidente del Senado y secretario general del PLD cree razonable reencauzar \u00abRelaciones Partido-Gobierno\u00bb; cree prematuro hablar de reelecci\u00f3n y reforma constitucional. Santo Domingo- El presidente del Senado y secretario general el Partido de la Liberaci\u00f3n Dominicana (PLD), doctor Reinaldo Pared P\u00e9rez, plante\u00f3 este mi\u00e9rcoles varias razones por las que entiende que la selecci\u00f3n de [&hellip;]<\/p>\n","protected":false},"author":3,"featured_media":0,"comment_status":"open","ping_status":"open","sticky":false,"template":"","format":"standard","meta":{"footnotes":""},"categories":[22],"tags":[],"class_list":["post-171950","post","type-post","status-publish","format-standard","hentry","category-politica"],"_links":{"self":[{"href":"https:\/\/diariodominicano.com\/index.php?rest_route=\/wp\/v2\/posts\/171950","targetHints":{"allow":["GET"]}}],"collection":[{"href":"https:\/\/diariodominicano.com\/index.php?rest_route=\/wp\/v2\/posts"}],"about":[{"href":"https:\/\/diariodominicano.com\/index.php?rest_route=\/wp\/v2\/types\/post"}],"author":[{"embeddable":true,"href":"https:\/\/diariodominicano.com\/index.php?rest_route=\/wp\/v2\/users\/3"}],"replies":[{"embeddable":true,"href":"https:\/\/diariodominicano.com\/index.php?rest_route=%2Fwp%2Fv2%2Fcomments&post=171950"}],"version-history":[{"count":0,"href":"https:\/\/diariodominicano.com\/index.php?rest_route=\/wp\/v2\/posts\/171950\/revisions"}],"wp:attachment":[{"href":"https:\/\/diariodominicano.com\/index.php?rest_route=%2Fwp%2Fv2%2Fmedia&parent=171950"}],"wp:term":[{"taxonomy":"category","embeddable":true,"href":"https:\/\/diariodominicano.com\/index.php?rest_route=%2Fwp%2Fv2%2Fcategories&post=171950"},{"taxonomy":"post_tag","embeddable":true,"href":"https:\/\/diariodominicano.com\/index.php?rest_route=%2Fwp%2Fv2%2Ftags&post=171950"}],"curies":[{"name":"wp","href":"https:\/\/api.w.org\/{rel}","templated":true}]}}