{"id":171949,"date":"2017-11-01T14:56:45","date_gmt":"2017-11-01T14:56:45","guid":{"rendered":"http:\/\/diariodominicano.ddns.net\/?p=171949"},"modified":"2017-11-01T14:56:45","modified_gmt":"2017-11-01T14:56:45","slug":"reinaldo-admite-que-percepcion-de-corrupcion-ha-afectado-imagen-del-gobierno-y-del-pld","status":"publish","type":"post","link":"https:\/\/diariodominicano.com\/?p=171949","title":{"rendered":"Reinaldo admite que percepci\u00f3n de corrupci\u00f3n ha afectado imagen del gobierno y del PLD"},"content":{"rendered":"<p><body><\/p>\n<p>El Partido de la Liberaci\u00f3n Dominicana (PLD) mantiene la esencia que dio sentido a esa organizaci\u00f3n pol\u00edtica, inspirada en el pensamiento y obra de su mentor, el profesor Juan Bosch, que este 1 noviembre cumple 16 a\u00f1os de su desaparici\u00f3n f\u00edsica.<\/p>\n<\/p>\n<p>La aseveraci\u00f3n es de Reinaldo Pared P\u00e9rez, secretario general pelede\u00edsta al ser abordado sobre el significado de la fecha en la que el PLD ha programado una serie de actos de recordaci\u00f3n a su l\u00edder hist\u00f3rico.<\/p>\n<\/p>\n<p>\u00abEn esencia el PLD no ha cambiado. En sentido general su dirigencia no ha cambiado. Que algunos compa\u00f1eros o compa\u00f1eras se hayan apartado de los postulados enarbolados por Juan Bosch es otra cosa\u00bb, precis\u00f3 Pared P\u00e9rez.<\/p>\n<\/p>\n<p>Consinti\u00f3 que muchos dirigentes han abdicado de los principios fundamentales del Partido, especialmente de su lema \u00abServir al Partido para Servir al Pueblo\u00bb.<\/p>\n<\/p>\n<p>\u00abOcultar eso ser\u00eda mentir y personalmente no soy dado a mentir\u00bb, respondi\u00f3 el secretario general del PLD a la interrogante de los periodistas y que su Partido destac\u00f3 en un despacho de la Secretar\u00eda de Comunicaciones.<\/p>\n<\/p>\n<p>Explic\u00f3 que existen dirigentes que se han alejado de los atributos que caracterizan al PLD y a ellos se les debe someter a la justicia, si han violado leyes y normas o deben ser apartados de la organizaci\u00f3n.<\/p>\n<\/p>\n<p>Sobre el tema relativo al Proyecto de Ley de Partidos, Agrupaciones y Movimientos Pol\u00edticos dio garant\u00edas de que en la presente legislatura esa pieza quedar\u00e1 aprobada.<\/p>\n<\/p>\n<p>\u00abHabr\u00e1 Ley de Partidos Pol\u00edticos, porque hemos asumido el compromiso de esperar las conclusiones que arrojen los especialistas en el tema constitucional que ser\u00e1n consultados y acogeremos sus recomendaciones\u00bb, coment\u00f3.<\/p>\n<\/p>\n<p>Explic\u00f3 que una vez superado el impasse sobre la realizaci\u00f3n de las primarias simultaneas con el padr\u00f3n de los partidos o el de la Junta Central Electoral, ese proyecto quedar\u00eda aprobado.<\/p>\n<\/p>\n<p>Reiter\u00f3 que existen las condiciones para que la pieza,  que es objeto de estudio en una comisi\u00f3n bicameral,  se apruebe en la presente legislatura.<\/p>\n<\/p>\n<p>Reinaldo Pared P\u00e9rez reiter\u00f3 a los comunicadores que le abordaron a su salida del programa radial El Sol de la Ma\u00f1ana lo dicho minutos antes en dicho espacio de que los actos de corrupci\u00f3n han afectado la imagen del gobierno y del PLD.<\/p>\n<\/p>\n<p>\u00abEsa percepci\u00f3n ha sembrado ra\u00edces en amplios segmentos de la poblaci\u00f3n dominicana y debemos procurar la manera de revertir esa percepci\u00f3n, porque lo cierto es que el PLD no es un Partido corrupto, tampoco el gobierno\u00bb enfatiz\u00f3.<\/p>\n<\/p>\n<p>El Secretario General del PLD reiter\u00f3 su llamado a participar en las diferentes actividades preparadas para homenajear al profesor Juan Bosch en la fecha del aniversario de su fallecimiento.   <\/p>\n<\/p>\n<p>En horas de la ma\u00f1ana de este mi\u00e9rcoles  se colocaron arreglos florales en el busto  de Bosch en la Casa Nacional, los Comit\u00e9s Provincial y Municipal de La Vega realizaron una Ofrenda Floral ante su tumba en el Cementerio Ornamental y la C\u00e1tedra Extracurricular Profesor Juan Bosch de la UASD realiz\u00f3 una ofrenda en la plaza latinoamericana y Caribe\u00f1a la UASD.<\/p>\n<\/p>\n<p>Para esta tarde  a las 5  se program\u00f3 una eucarist\u00eda en la Parroquia San Antonio de Padua en Gascue, Distrito Nacional,  de donde se partir\u00e1 a la Casa Nacional del PLD para un acto de recordaci\u00f3n al profesor Juan Bosch en la fecha de su fallecimiento.<\/p>\n<h6> 2017-11-01 14:56:45 <\/h6>\n<p><!--\n<link rel=\"stylesheet\" href=\"css\/bootstrap.min.css\">\n\n\n<ul class=\"pagination\">\n\t    \n\t\n\n<li >\n\t<a href='?page_no=7202'>Previous<\/a>\n\t<\/li>\n\n\n       \n    \n\n<li><a href='?page_no=1'>1<\/a><\/li>\n\n\n\n<li><a href='?page_no=2'>2<\/a><\/li>\n\n\n\n<li><a>...<\/a><\/li>\n\n\n\n<li><a href='?page_no=7201'>7201<\/a><\/li>\n\n\n\n<li><a href='?page_no=7202'>7202<\/a><\/li>\n\n\n\n<li class='active'><a>7203<\/a><\/li>\n\n\n\n<li><a href='?page_no=7204'>7204<\/a><\/li>\n\n\n\n<li><a href='?page_no=7205'>7205<\/a><\/li>\n\n\n\n<li><a>...<\/a><\/li>\n\n\n\n<li><a href='?page_no=36999'>36999<\/a><\/li>\n\n\n\n<li><a href='?page_no=37000'>37000<\/a><\/li>\n\n    \n\t\n\n<li >\n\t<a href='?page_no=7204'>Next<\/a>\n\t<\/li>\n\n\n    \n\n<li><a href='?page_no=37000'>Last &rsaquo;&rsaquo;<\/a><\/li>\n\n<\/ul>\n\n\n--><br \/>\n<\/body><\/p>\n","protected":false},"excerpt":{"rendered":"<p>El Partido de la Liberaci\u00f3n Dominicana (PLD) mantiene la esencia que dio sentido a esa organizaci\u00f3n pol\u00edtica, inspirada en el pensamiento y obra de su mentor, el profesor Juan Bosch, que este 1 noviembre cumple 16 a\u00f1os de su desaparici\u00f3n f\u00edsica. La aseveraci\u00f3n es de Reinaldo Pared P\u00e9rez, secretario general pelede\u00edsta al ser abordado sobre [&hellip;]<\/p>\n","protected":false},"author":3,"featured_media":0,"comment_status":"open","ping_status":"open","sticky":false,"template":"","format":"standard","meta":{"footnotes":""},"categories":[22],"tags":[],"class_list":["post-171949","post","type-post","status-publish","format-standard","hentry","category-politica"],"_links":{"self":[{"href":"https:\/\/diariodominicano.com\/index.php?rest_route=\/wp\/v2\/posts\/171949","targetHints":{"allow":["GET"]}}],"collection":[{"href":"https:\/\/diariodominicano.com\/index.php?rest_route=\/wp\/v2\/posts"}],"about":[{"href":"https:\/\/diariodominicano.com\/index.php?rest_route=\/wp\/v2\/types\/post"}],"author":[{"embeddable":true,"href":"https:\/\/diariodominicano.com\/index.php?rest_route=\/wp\/v2\/users\/3"}],"replies":[{"embeddable":true,"href":"https:\/\/diariodominicano.com\/index.php?rest_route=%2Fwp%2Fv2%2Fcomments&post=171949"}],"version-history":[{"count":0,"href":"https:\/\/diariodominicano.com\/index.php?rest_route=\/wp\/v2\/posts\/171949\/revisions"}],"wp:attachment":[{"href":"https:\/\/diariodominicano.com\/index.php?rest_route=%2Fwp%2Fv2%2Fmedia&parent=171949"}],"wp:term":[{"taxonomy":"category","embeddable":true,"href":"https:\/\/diariodominicano.com\/index.php?rest_route=%2Fwp%2Fv2%2Fcategories&post=171949"},{"taxonomy":"post_tag","embeddable":true,"href":"https:\/\/diariodominicano.com\/index.php?rest_route=%2Fwp%2Fv2%2Ftags&post=171949"}],"curies":[{"name":"wp","href":"https:\/\/api.w.org\/{rel}","templated":true}]}}