{"id":171948,"date":"2017-11-01T22:04:01","date_gmt":"2017-11-01T22:04:01","guid":{"rendered":"http:\/\/diariodominicano.ddns.net\/?p=171948"},"modified":"2017-11-01T22:04:01","modified_gmt":"2017-11-01T22:04:01","slug":"con-eucaristia-y-acto-en-casa-nacional-pld-conmemora-fallecimiento-de-bosch","status":"publish","type":"post","link":"https:\/\/diariodominicano.com\/?p=171948","title":{"rendered":"Con eucarist\u00eda y acto en casa Nacional, PLD conmemora fallecimiento de Bosch"},"content":{"rendered":"<p><body><\/p>\n<p><img decoding=\"async\" src=\"img3\/PLDmisa1.JPG\" \/>  <\/p>\n<p><span class=\"text1noticias\">Santo Domingo, R. D., 1 de noviembre, 2017.- Cristina Lizardo y Radham\u00e9s Jim\u00e9nez, miembros del Comit\u00e9 Pol\u00edtico del Partido de la Liberaci\u00f3n Dominicana (PLD), coincidieron en destacar la grandeza del profesor Juan Bosch como el gran organizador pol\u00edtico de Latinoam\u00e9rica, alcanzado la categor\u00eda de maestro en esa disciplina.   <\/span><\/p>\n<p><span class=\"text1noticias\"> <\/span><\/p>\n<p><span class=\"text1noticias\">Ambos hablaron en representaci\u00f3n de la direcci\u00f3n pol\u00edtica del PLD en sendos actos realizados la tarde- noche de este mi\u00e9rcoles en la parroquia San Antonio de Padua y en la Casa Nacional del PLD, respectivamente.<\/span><\/p>\n<p><span class=\"text1noticias\"> <\/span><\/p>\n<p><span class=\"text1noticias\">Con dichas actividades y una ofrenda floral en horas de la ma\u00f1ana en La Vega,  el PLD conmemor\u00f3 el 16 aniversario del fallecimiento del l\u00edder hist\u00f3rico del PLD,  bajo la consigna \u00abJuan Bosch Siempre. 16 Aniversario de su partida\u00bb<\/span><\/p>\n<p><span class=\"text1noticias\"> <\/span><\/p>\n<p><span class=\"text1noticias\">Reinaldo Pared P\u00e9rez, Secretario General encabez\u00f3 la representaci\u00f3n de los Comit\u00e9s Pol\u00edtico y Central, que encabezaron los actos junto   a Cristina Lizardo, Radham\u00e9s Camacho, Radham\u00e9s Jim\u00e9nez, miembros del Comit\u00e9 Pol\u00edtico, Rafael P\u00e9rez Modesto, vicesecretario general; los senadores Sonia Mateo y Rub\u00e9n Dar\u00edo Cruz; y una presencia de titulares de secretar\u00edas y miembros del Comit\u00e9 Central.<\/span><\/p>\n<p><span class=\"text1noticias\"> <\/span><\/p>\n<p><span class=\"text1noticias\">\u00abRecordamos al Profesor Juan Bosch, al visionario que con su capacidad, convicciones y conducta inquebrantable permanece en el tiempo como ejemplo de rectitud y honradez, demostrando que se puede servir a la Patria de manera digna\u00bb, dijo Cristina Lizardo en las palabras de agradecimiento ofrecidas en la eucarist\u00eda realizada, en la parroquia San Antonio de Padua, en conmemoraci\u00f3n del 16 Aniversario del fallecimiento del Profesor Juan Bosch.<\/span><\/p>\n<p><span class=\"text1noticias\"> <\/span><\/p>\n<p><span class=\"text1noticias\">Lizardo dijo que Juan Bosch dedic\u00f3 su existencia a la democracia, como forma de enfrentar los grandes desaf\u00edos de la sociedad y dar respuesta a las necesidades del pueblo dominicano.<\/span><\/p>\n<p><span class=\"text1noticias\"> <\/span><\/p>\n<p><span class=\"text1noticias\">\u00abLa Patria, de muchas maneras, siente hoy el amor que ese hombre extraordinario profes\u00f3 a su tierra y a su gente, tanto amor que traspas\u00f3 las fronteras para posarse all\u00e1 donde fue necesario y productivo\u00bb, precis\u00f3.<\/span><\/p>\n<p><span class=\"text1noticias\"> <\/span><\/p>\n<p><span class=\"text1noticias\">Hizo menci\u00f3n que el Profesor Juan Bosch, junto con Miguel \u00c1ngel Asturias y Arturo Uslar Pietri, conforma la triada de narradores caribe\u00f1os forjadores del movimiento literario conocido como el Realismo M\u00e1gico Literario; ya que sus relatos representan las m\u00e1s geniales y prestigiosas expresiones de la sociedad criolla e hispanoamericana.<\/span><\/p>\n<p><span class=\"text1noticias\"> <\/span><\/p>\n<p><span class=\"text1noticias\">Cristina Lizardo exhort\u00f3 a los dominicanos a recordar al gobernante que con un coraz\u00f3n libre de odios se dedic\u00f3 d\u00eda y noche solo al servicio del pueblo dominicano, que tanto am\u00f3: el Profesor Juan Bosch.<\/span><\/p>\n<p><span class=\"text1noticias\"> <\/span><\/p>\n<p><span class=\"text1noticias\">De su lado, Radham\u00e9s Jim\u00e9nez, quien a nombre de la direcci\u00f3n del PLD  pronunci\u00f3 las palabras centrales de un homenaje a Bosch en la Casa Nacional del PLD,  resalt\u00f3 la grandeza del ex Presidente de la Rep\u00fablica  al fundar dos partidos que han dominado el escenario pol\u00edtico nacional por m\u00e1s de 30 a\u00f1os.<\/span><\/p>\n<p><span class=\"text1noticias\"> <\/span><\/p>\n<p><span class=\"text1noticias\">Luego de una ofrenda floral colectiva amenizada con m\u00fasica y canto en honor al fenecido maestro de la pol\u00edtica, Jim\u00e9nez igualmente defini\u00f3 al Profesor Juan Bosch como el verdadero padre de las libertades y la democracia en la Rep\u00fablica Dominicana.<\/span><\/p>\n<p><span class=\"text1noticias\"> <\/span><\/p>\n<p><span class=\"text1noticias\">\u00abSi ustedes estudian la historia de las ideas pol\u00edticas,  desde los tiempos antiguos hasta la actualidad, les aseguro que no encontrar\u00e1n un fen\u00f3meno como lo produjo el Profesor Juan Bosch en la Rep\u00fablica Dominicana\u00bb, expres\u00f3 Jim\u00e9nez en el acto conmemorativo de los  16 a\u00f1os de la partida de Juan Bosch,  realizado en el Gran Sal\u00f3n de la Casa Nacional del PLD.<\/span><\/p>\n<p><span class=\"text1noticias\"> <\/span><\/p>\n<p><span class=\"text1noticias\">El tambi\u00e9n titular de la Secretar\u00eda de Asuntos Jur\u00eddicos del PLD asegur\u00f3 que ning\u00fan l\u00edder pol\u00edtico de Am\u00e9rica Latina, Europa, ni Asia y de ning\u00fan otro continente ha logrado producir la haza\u00f1a del Profesor Juan Bosch al fundar dos fuerzas pol\u00edticas.<\/span><\/p>\n<p><span class=\"text1noticias\"> <\/span><\/p>\n<p><span class=\"text1noticias\">En el caso del Partido de la Liberaci\u00f3n Dominicana, definida por \u00e9l como su obra maestra, \u00abindependientemente de lo que digan los adversarios sobre el progreso y el desarrollo del pa\u00eds, ha producido las profundas y grandes transformaciones que ha experimentado el pa\u00eds en los \u00faltimos a\u00f1os\u00bb.<\/span><\/p>\n<p><span class=\"text1noticias\"> <\/span><\/p>\n<p><span class=\"text1noticias\">Afirm\u00f3 que el expresidente de la Rep\u00fablica es una figura inmensa. \u00abEl profesor Juan Bosch debemos llevarlo siempre como un referente  de todo nuestro accionar.  Una figura inmaculada, una figura que sin lugar a ning\u00fan tipo de dudas se puede considerar como el verdadero padre de las libertades y la democracia en la Rep\u00fablica Dominicana.<\/span><\/p>\n<p><span class=\"text1noticias\"> <\/span><\/p>\n<p><span class=\"text1noticias\">Los actos<\/span><\/p>\n<p><span class=\"text1noticias\"> <\/span><\/p>\n<p><span class=\"text1noticias\">A las cinco y diez minutos de la tarde inici\u00f3 la eucarist\u00eda en la Parroquia San Antonio de Padua en Gascue, teniendo como sacerdote celebrante al p\u00e1rroco Kennedy Rodr\u00edguez, quien en su homil\u00eda ponder\u00f3 al Profesor Bosch, destacando su permanente magisterio y su comportamiento moral y \u00e9tico.<\/span><\/p>\n<p><span class=\"text1noticias\"> <\/span><\/p>\n<p><span class=\"text1noticias\">El di\u00e1cono Antonio Vargas ley\u00f3 el evangelio del d\u00eda, mientras dirigentes del PLD se intercambiaron el salmo responsorial  y  la moniciones. Ramonita Garc\u00eda y Felix G\u00e1lvez condujeron la misa cantada por la soprano Paola Gonz\u00e1les a d\u00fao con   Enmanuel Vargas.<\/span><\/p>\n<p><span class=\"text1noticias\"> <\/span><\/p>\n<p><span class=\"text1noticias\">Como ofrenda se hizo la presentaci\u00f3n de la Luz, una frase del ideario de Juan Bosch en una pancarta, un hermoso arreglo floral de rosas, una canasta de frutas, el pan y el vino.<\/span><\/p>\n<p><span class=\"text1noticias\"> <\/span><\/p>\n<p><span class=\"text1noticias\">Un momento estelar se vivi\u00f3 en el llamado al abrazo de la paz, mientras se cantaban c\u00e1nticos religiosos y canciones dedicadas al Profesor Juan Bosch.<\/span><\/p>\n<p><span class=\"text1noticias\"> <\/span><\/p>\n<p><span class=\"text1noticias\">En  el sal\u00f3n Bienvenido Sandoval de la Casa Nacional del PLD se hizo una ofrenda floral  ante un gigante cartel del l\u00edder hist\u00f3rico del PLD, con el dep\u00f3sito de rosas de color amarillo.<\/span><\/p>\n<p><span class=\"text1noticias\"> <\/span><\/p>\n<p><span class=\"text1noticias\">Despu\u00e9s que los dirigentes del PLD depositaron las flores ascendieron a una tarima con una escenograf\u00eda preparada con fotograf\u00edas de diferentes momentos de Bosch, al comp\u00e1s de la m\u00fasica que entonaba el grupo de c\u00e1mara Apasionatto.<\/span><\/p>\n<p><span class=\"text1noticias\"> <\/span><\/p>\n<p><span class=\"text1noticias\">Jovanny Melo, presidente del Comit\u00e9 Intermedio Antonio Acevedo en Cristo Rey, estren\u00f3 una canci\u00f3n que dedicara al Profesor Juan Bosch.<\/span><\/p>\n<p><span class=\"text1noticias\"> <\/span><\/p>\n<p><span class=\"text1noticias\">La ofrenda realizada en la Casa Nacional pelede\u00edsta concluy\u00f3 con la canci\u00f3n La Gaviota, una composici\u00f3n de Juan Bosch y la m\u00fasica de Julio Gautreux, a cargo del grupo de C\u00e1mara Apasionatto.<\/span><\/p>\n<p><span class=\"text1noticias\"> <\/span><\/p>\n<p><span class=\"text1noticias\">Fuente: SECRETAR\u00cdA DE COMUNICACIONES PLD<\/span><\/p>\n<p><span class=\"text1noticias\">01 DE NOVIEMBRE, 2017.-<\/span><\/p>\n<h6> 2017-11-01 22:04:01 <\/h6>\n<p><!--\n<link rel=\"stylesheet\" href=\"css\/bootstrap.min.css\">\n\n\n<ul class=\"pagination\">\n\t    \n\t\n\n<li >\n\t<a href='?page_no=7201'>Previous<\/a>\n\t<\/li>\n\n\n       \n    \n\n<li><a href='?page_no=1'>1<\/a><\/li>\n\n\n\n<li><a href='?page_no=2'>2<\/a><\/li>\n\n\n\n<li><a>...<\/a><\/li>\n\n\n\n<li><a href='?page_no=7200'>7200<\/a><\/li>\n\n\n\n<li><a href='?page_no=7201'>7201<\/a><\/li>\n\n\n\n<li class='active'><a>7202<\/a><\/li>\n\n\n\n<li><a href='?page_no=7203'>7203<\/a><\/li>\n\n\n\n<li><a href='?page_no=7204'>7204<\/a><\/li>\n\n\n\n<li><a>...<\/a><\/li>\n\n\n\n<li><a href='?page_no=36999'>36999<\/a><\/li>\n\n\n\n<li><a href='?page_no=37000'>37000<\/a><\/li>\n\n    \n\t\n\n<li >\n\t<a href='?page_no=7203'>Next<\/a>\n\t<\/li>\n\n\n    \n\n<li><a href='?page_no=37000'>Last &rsaquo;&rsaquo;<\/a><\/li>\n\n<\/ul>\n\n\n--><br \/>\n<\/body><\/p>\n","protected":false},"excerpt":{"rendered":"<p>Santo Domingo, R. D., 1 de noviembre, 2017.- Cristina Lizardo y Radham\u00e9s Jim\u00e9nez, miembros del Comit\u00e9 Pol\u00edtico del Partido de la Liberaci\u00f3n Dominicana (PLD), coincidieron en destacar la grandeza del profesor Juan Bosch como el gran organizador pol\u00edtico de Latinoam\u00e9rica, alcanzado la categor\u00eda de maestro en esa disciplina. Ambos hablaron en representaci\u00f3n de la direcci\u00f3n [&hellip;]<\/p>\n","protected":false},"author":3,"featured_media":0,"comment_status":"open","ping_status":"open","sticky":false,"template":"","format":"standard","meta":{"footnotes":""},"categories":[22],"tags":[],"class_list":["post-171948","post","type-post","status-publish","format-standard","hentry","category-politica"],"_links":{"self":[{"href":"https:\/\/diariodominicano.com\/index.php?rest_route=\/wp\/v2\/posts\/171948","targetHints":{"allow":["GET"]}}],"collection":[{"href":"https:\/\/diariodominicano.com\/index.php?rest_route=\/wp\/v2\/posts"}],"about":[{"href":"https:\/\/diariodominicano.com\/index.php?rest_route=\/wp\/v2\/types\/post"}],"author":[{"embeddable":true,"href":"https:\/\/diariodominicano.com\/index.php?rest_route=\/wp\/v2\/users\/3"}],"replies":[{"embeddable":true,"href":"https:\/\/diariodominicano.com\/index.php?rest_route=%2Fwp%2Fv2%2Fcomments&post=171948"}],"version-history":[{"count":0,"href":"https:\/\/diariodominicano.com\/index.php?rest_route=\/wp\/v2\/posts\/171948\/revisions"}],"wp:attachment":[{"href":"https:\/\/diariodominicano.com\/index.php?rest_route=%2Fwp%2Fv2%2Fmedia&parent=171948"}],"wp:term":[{"taxonomy":"category","embeddable":true,"href":"https:\/\/diariodominicano.com\/index.php?rest_route=%2Fwp%2Fv2%2Fcategories&post=171948"},{"taxonomy":"post_tag","embeddable":true,"href":"https:\/\/diariodominicano.com\/index.php?rest_route=%2Fwp%2Fv2%2Ftags&post=171948"}],"curies":[{"name":"wp","href":"https:\/\/api.w.org\/{rel}","templated":true}]}}